{"id":28163,"date":"2025-04-25T07:42:28","date_gmt":"2025-04-25T10:42:28","guid":{"rendered":"https:\/\/minutobahia24h.com.br\/?p=28163"},"modified":"2025-04-25T07:42:29","modified_gmt":"2025-04-25T10:42:29","slug":"decisao-do-stf-sobre-ramagem-irrita-hugo-motta-e-abre-nova-crise","status":"publish","type":"post","link":"https:\/\/minutobahia24h.com.br\/?p=28163","title":{"rendered":"Decis\u00e3o do STF sobre Ramagem irrita Hugo Motta e abre nova crise"},"content":{"rendered":"<div class=\"wp-block-image\">\n<figure class=\"aligncenter size-full\"><img data-recalc-dims=\"1\" fetchpriority=\"high\" decoding=\"async\" width=\"800\" height=\"493\" src=\"https:\/\/i0.wp.com\/minutobahia24h.com.br\/wp-content\/uploads\/2025\/04\/Sem-titulo-370.jpg?resize=800%2C493&#038;ssl=1\" alt=\"\" class=\"wp-image-28164\" srcset=\"https:\/\/i0.wp.com\/minutobahia24h.com.br\/wp-content\/uploads\/2025\/04\/Sem-titulo-370.jpg?w=984&amp;ssl=1 984w, https:\/\/i0.wp.com\/minutobahia24h.com.br\/wp-content\/uploads\/2025\/04\/Sem-titulo-370.jpg?resize=300%2C185&amp;ssl=1 300w, https:\/\/i0.wp.com\/minutobahia24h.com.br\/wp-content\/uploads\/2025\/04\/Sem-titulo-370.jpg?resize=768%2C474&amp;ssl=1 768w, https:\/\/i0.wp.com\/minutobahia24h.com.br\/wp-content\/uploads\/2025\/04\/Sem-titulo-370.jpg?resize=750%2C463&amp;ssl=1 750w\" sizes=\"(max-width: 800px) 100vw, 800px\" \/><figcaption class=\"wp-element-caption\">O presidente da C\u00e2mara dos Deputados, Hugo Motta (Republicanos-PB), durante sess\u00e3o plen\u00e1ria \u2014 Foto: Bruno Spada\/C\u00e2mara dos Deputados<\/figcaption><\/figure>\n<\/div>\n\n\n<p>O presidente da C\u00e2mara, Hugo Motta (Republicanos-PB), est\u00e1 irritad\u00edssimo com o of\u00edcio que recebeu nesta quinta-feira (24) do ministro&nbsp;<a class=\"\" href=\"https:\/\/g1.globo.com\/tudo-sobre\/cristiano-zanin\/\">Cristiano Zanin<\/a>, do Supremo Tribunal Federal (STF),&nbsp;<a class=\"\" href=\"https:\/\/g1.globo.com\/politica\/noticia\/2025\/04\/24\/zanin-diz-que-camara-nao-pode-suspender-integra-do-processo-do-golpe-contra-ramagem-entenda.ghtml\">delimitando quais os crimes a C\u00e2mara pode analisar<\/a>&nbsp;no caso do deputado&nbsp;<a class=\"\" href=\"https:\/\/g1.globo.com\/tudo-sobre\/alexandre-ramagem\/\">Alexandre Ramagem<\/a>&nbsp;(PL-RJ).<\/p>\n\n\n\n<p>Hugo Motta e seu c\u00edrculo mais pr\u00f3ximo consideram uma afronta do STF. Uma interfer\u00eancia na soberania da C\u00e2mara. Pior ainda porque ocorreu no dia em que Motta&nbsp;<a class=\"\" href=\"https:\/\/g1.globo.com\/politica\/noticia\/2025\/04\/24\/motta-diz-que-decidiu-adiar-requerimento-de-urgencia-do-pl-da-anistia.ghtml\">decidiu adiar a an\u00e1lise de urg\u00eancia do projeto de anistia<\/a>&nbsp;aos envolvidos nos ataques de 8 de janeiro.<\/p>\n\n\n\n<p>A forma como foi comunicado tamb\u00e9m irritou. Um of\u00edcio que deixou deputados perplexos. Um deputado ouvido pelo&nbsp;<strong>blog<\/strong>&nbsp;diz que Zanin tratou o presidente da C\u00e2mara como um subordinado.<\/p>\n\n\n<div class=\"wp-block-image\">\n<figure class=\"aligncenter\"><img data-recalc-dims=\"1\" decoding=\"async\" src=\"https:\/\/i0.wp.com\/s2-g1.glbimg.com\/68f_ThBFX8DX42U36ANEauwsgW0%3D\/0x0%3A2048x1349\/984x0\/smart\/filters%3Astrip_icc%28%29\/i.s3.glbimg.com\/v1\/AUTH_59edd422c0c84a879bd37670ae4f538a\/internal_photos\/bs\/2023\/U\/X\/WU22BTQgaYwmEv0BMqwA\/53092424888-6fad7995ca-k.jpg?w=800&#038;ssl=1\" alt=\"Ministro do STF Cristiano Zanin \u2014 Foto: Nelson Jr.\/SCO\/STF\"\/><\/figure>\n<\/div>\n\n\n<p>Ministro do STF Cristiano Zanin \u2014 Foto: Nelson Jr.\/SCO\/STF<\/p>\n\n\n\n<p>Ramagem virou r\u00e9u por golpe de Estado, aboli\u00e7\u00e3o violenta do Estado Democr\u00e1tico de Direito, organiza\u00e7\u00e3o criminosa, dano qualificado e deteriora\u00e7\u00e3o de patrim\u00f4nio tombado.<\/p>\n\n\n\n<p>No of\u00edcio desta quinta, encaminhado ao presidente da C\u00e2mara, Zanin diz que a C\u00e2mara n\u00e3o poderia suspender todos os processos, apenas dois crimes:<\/p>\n\n\n\n<ul class=\"wp-block-list\">\n<li>dano qualificado (com viol\u00eancia, com grave amea\u00e7a, contra o patrim\u00f4nio da Uni\u00e3o e com consider\u00e1vel preju\u00edzo para a v\u00edtima);<\/li>\n\n\n\n<li>e deteriora\u00e7\u00e3o de patrim\u00f4nio tombado.<\/li>\n<\/ul>\n\n\n<div class=\"wp-block-image\">\n<figure class=\"aligncenter\"><img data-recalc-dims=\"1\" decoding=\"async\" src=\"https:\/\/i0.wp.com\/s2-g1.glbimg.com\/oR-FveyS14EWHc8YWF7iylF4K1o%3D\/0x0%3A1616x1080\/984x0\/smart\/filters%3Astrip_icc%28%29\/i.s3.glbimg.com\/v1\/AUTH_59edd422c0c84a879bd37670ae4f538a\/internal_photos\/bs\/2024\/i\/z\/Qr3LXZSSariBrhmTUilw\/20180113-012615000-ios.jpg?w=800&#038;ssl=1\" alt=\"Alexandre Ramagem em entrevista ao g1 \u2014 Foto: Stephanie Rodrigues\/g1\"\/><\/figure>\n<\/div>\n\n\n<p>Alexandre Ramagem em entrevista ao g1 \u2014 Foto: Stephanie Rodrigues\/g1<\/p>\n\n\n\n<p>A C\u00e2mara analisa um pedido do PL baseado no artigo 53 da Constitui\u00e7\u00e3o Federal \u2013 que diz que partidos podem suspender a\u00e7\u00f5es contra parlamentares e senadores por crimes cometidos ap\u00f3s a diploma\u00e7\u00e3o.<\/p>\n\n\n\n<p>\u27a1\ufe0f A Constitui\u00e7\u00e3o prev\u00ea, inclusive, que o pedido deve ser analisado pela C\u00e2mara em at\u00e9 45 dias. Na ter\u00e7a (22), o deputado Alfredo Gaspar (Uni\u00e3o-AL) foi designado relator do tema na Comiss\u00e3o de Constitui\u00e7\u00e3o e Justi\u00e7a (CCJ) da C\u00e2mara. Ele \u00e9 considerado aliado de Bolsonaro.<\/p>\n\n\n\n<p>\u27a1\ufe0f Ramagem foi o \u00fanico parlamentar denunciado no inqu\u00e9rito que investiga uma tentativa de golpe de Estado e que mira a c\u00fapula da gest\u00e3o do ex-presidente Jair Bolsonaro.<\/p>\n","protected":false},"excerpt":{"rendered":"<p>O presidente da C\u00e2mara, Hugo Motta (Republicanos-PB), est\u00e1 irritad\u00edssimo com o of\u00edcio que recebeu nesta quinta-feira (24) do ministro&nbsp;Cristiano Zanin, do Supremo Tribunal Federal (STF),&nbsp;delimitando quais os crimes a C\u00e2mara pode analisar&nbsp;no caso do deputado&nbsp;Alexandre Ramagem&nbsp;(PL-RJ). Hugo Motta e seu c\u00edrculo mais pr\u00f3ximo consideram uma afronta do STF. Uma interfer\u00eancia na soberania da C\u00e2mara. Pior [&hellip;]<\/p>\n","protected":false},"author":2,"featured_media":28164,"comment_status":"open","ping_status":"open","sticky":false,"template":"","format":"standard","meta":{"_jetpack_memberships_contains_paid_content":false,"footnotes":""},"categories":[39],"tags":[],"class_list":["post-28163","post","type-post","status-publish","format-standard","has-post-thumbnail","hentry","category-politica"],"aioseo_notices":[],"jetpack_featured_media_url":"https:\/\/i0.wp.com\/minutobahia24h.com.br\/wp-content\/uploads\/2025\/04\/Sem-titulo-370.jpg?fit=984%2C607&ssl=1","jetpack_sharing_enabled":true,"_links":{"self":[{"href":"https:\/\/minutobahia24h.com.br\/index.php?rest_route=\/wp\/v2\/posts\/28163","targetHints":{"allow":["GET"]}}],"collection":[{"href":"https:\/\/minutobahia24h.com.br\/index.php?rest_route=\/wp\/v2\/posts"}],"about":[{"href":"https:\/\/minutobahia24h.com.br\/index.php?rest_route=\/wp\/v2\/types\/post"}],"author":[{"embeddable":true,"href":"https:\/\/minutobahia24h.com.br\/index.php?rest_route=\/wp\/v2\/users\/2"}],"replies":[{"embeddable":true,"href":"https:\/\/minutobahia24h.com.br\/index.php?rest_route=%2Fwp%2Fv2%2Fcomments&post=28163"}],"version-history":[{"count":1,"href":"https:\/\/minutobahia24h.com.br\/index.php?rest_route=\/wp\/v2\/posts\/28163\/revisions"}],"predecessor-version":[{"id":28165,"href":"https:\/\/minutobahia24h.com.br\/index.php?rest_route=\/wp\/v2\/posts\/28163\/revisions\/28165"}],"wp:featuredmedia":[{"embeddable":true,"href":"https:\/\/minutobahia24h.com.br\/index.php?rest_route=\/wp\/v2\/media\/28164"}],"wp:attachment":[{"href":"https:\/\/minutobahia24h.com.br\/index.php?rest_route=%2Fwp%2Fv2%2Fmedia&parent=28163"}],"wp:term":[{"taxonomy":"category","embeddable":true,"href":"https:\/\/minutobahia24h.com.br\/index.php?rest_route=%2Fwp%2Fv2%2Fcategories&post=28163"},{"taxonomy":"post_tag","embeddable":true,"href":"https:\/\/minutobahia24h.com.br\/index.php?rest_route=%2Fwp%2Fv2%2Ftags&post=28163"}],"curies":[{"name":"wp","href":"https:\/\/api.w.org\/{rel}","templated":true}]}}