{"id":28157,"date":"2025-04-25T07:39:23","date_gmt":"2025-04-25T10:39:23","guid":{"rendered":"https:\/\/minutobahia24h.com.br\/?p=28157"},"modified":"2025-04-25T07:39:25","modified_gmt":"2025-04-25T10:39:25","slug":"fernando-collor-e-preso-em-maceio-apos-condenacao-em-processo-da-lava-jato","status":"publish","type":"post","link":"https:\/\/minutobahia24h.com.br\/?p=28157","title":{"rendered":"Fernando Collor \u00e9 preso em Macei\u00f3 ap\u00f3s condena\u00e7\u00e3o em processo da Lava Jato"},"content":{"rendered":"<div class=\"wp-block-image\">\n<figure class=\"aligncenter size-large\"><img data-recalc-dims=\"1\" fetchpriority=\"high\" decoding=\"async\" width=\"800\" height=\"420\" src=\"https:\/\/i0.wp.com\/minutobahia24h.com.br\/wp-content\/uploads\/2025\/04\/Sem-titulo-368-1024x538.jpg?resize=800%2C420&#038;ssl=1\" alt=\"\" class=\"wp-image-28158\" srcset=\"https:\/\/i0.wp.com\/minutobahia24h.com.br\/wp-content\/uploads\/2025\/04\/Sem-titulo-368.jpg?resize=1024%2C538&amp;ssl=1 1024w, https:\/\/i0.wp.com\/minutobahia24h.com.br\/wp-content\/uploads\/2025\/04\/Sem-titulo-368.jpg?resize=300%2C158&amp;ssl=1 300w, https:\/\/i0.wp.com\/minutobahia24h.com.br\/wp-content\/uploads\/2025\/04\/Sem-titulo-368.jpg?resize=768%2C403&amp;ssl=1 768w, https:\/\/i0.wp.com\/minutobahia24h.com.br\/wp-content\/uploads\/2025\/04\/Sem-titulo-368.jpg?resize=750%2C394&amp;ssl=1 750w, https:\/\/i0.wp.com\/minutobahia24h.com.br\/wp-content\/uploads\/2025\/04\/Sem-titulo-368.jpg?resize=1140%2C599&amp;ssl=1 1140w, https:\/\/i0.wp.com\/minutobahia24h.com.br\/wp-content\/uploads\/2025\/04\/Sem-titulo-368.jpg?w=1200&amp;ssl=1 1200w\" sizes=\"(max-width: 800px) 100vw, 800px\" \/><figcaption class=\"wp-element-caption\">Foto: F\u00e1bio Rodrigues Pozzebom \/ EBC<br><\/figcaption><\/figure>\n<\/div>\n\n\n<p>O ex-presidente e ex-senador Fernando Collor de Mello foi preso na madrugada desta sexta-feira (25) em Macei\u00f3, Alagoas, ap\u00f3s ordem de pris\u00e3o expedida pelo ministro Alexandre de Moraes, do Supremo Tribunal Federal (STF).\u00a0A deten\u00e7\u00e3o ocorreu enquanto Collor se preparava para viajar a Bras\u00edlia, onde, segundo sua defesa, pretendia se entregar \u00e0s autoridades.<\/p>\n\n\n\n<p>A pris\u00e3o marca o desfecho de um processo iniciado no \u00e2mbito da Opera\u00e7\u00e3o Lava Jato, no qual Collor foi condenado, em 2023, a 8 anos e 10 meses de pris\u00e3o pelos crimes de corrup\u00e7\u00e3o passiva e lavagem de dinheiro.\u00a0<a href=\"https:\/\/www.bahianoticias.com.br\/noticia\/304098-moraes-determina-prisao-de-fernando-collor-e-rejeita-recursos-em-processo-da-lava-jato\" target=\"_blank\" rel=\"noreferrer noopener\">Todos os recursos apresentados ao STF foram rejeitados, tornando a condena\u00e7\u00e3o definitiva.<\/a><\/p>\n\n\n\n<p>Segundo o Minist\u00e9rio P\u00fablico Federal, Collor foi destinat\u00e1rio de cerca de R$ 29,9 milh\u00f5es em propinas entre 2010 e 2014. Os valores teriam sido repassados por meio de contratos firmados entre a BR Distribuidora, subsidi\u00e1ria da Petrobras, e a UTC Engenharia, empresa envolvida em diversos esquemas investigados pela Lava Jato. Em troca, Collor teria favorecido a empreiteira na constru\u00e7\u00e3o de bases de distribui\u00e7\u00e3o de combust\u00edveis.<\/p>\n\n\n\n<p>Al\u00e9m do ex-presidente, os empres\u00e1rios Luis Pereira Duarte de Amorim e Pedro Paulo Bergamaschi de Leoni Ramos tamb\u00e9m foram condenados por envolvimento no esquema.<\/p>\n\n\n\n<p>BN<\/p>\n","protected":false},"excerpt":{"rendered":"<p>O ex-presidente e ex-senador Fernando Collor de Mello foi preso na madrugada desta sexta-feira (25) em Macei\u00f3, Alagoas, ap\u00f3s ordem de pris\u00e3o expedida pelo ministro Alexandre de Moraes, do Supremo Tribunal Federal (STF).\u00a0A deten\u00e7\u00e3o ocorreu enquanto Collor se preparava para viajar a Bras\u00edlia, onde, segundo sua defesa, pretendia se entregar \u00e0s autoridades. A pris\u00e3o marca [&hellip;]<\/p>\n","protected":false},"author":2,"featured_media":28158,"comment_status":"open","ping_status":"open","sticky":false,"template":"","format":"standard","meta":{"_jetpack_memberships_contains_paid_content":false,"footnotes":""},"categories":[46],"tags":[],"class_list":["post-28157","post","type-post","status-publish","format-standard","has-post-thumbnail","hentry","category-noticia"],"aioseo_notices":[],"jetpack_featured_media_url":"https:\/\/i0.wp.com\/minutobahia24h.com.br\/wp-content\/uploads\/2025\/04\/Sem-titulo-368.jpg?fit=1200%2C630&ssl=1","jetpack_sharing_enabled":true,"_links":{"self":[{"href":"https:\/\/minutobahia24h.com.br\/index.php?rest_route=\/wp\/v2\/posts\/28157","targetHints":{"allow":["GET"]}}],"collection":[{"href":"https:\/\/minutobahia24h.com.br\/index.php?rest_route=\/wp\/v2\/posts"}],"about":[{"href":"https:\/\/minutobahia24h.com.br\/index.php?rest_route=\/wp\/v2\/types\/post"}],"author":[{"embeddable":true,"href":"https:\/\/minutobahia24h.com.br\/index.php?rest_route=\/wp\/v2\/users\/2"}],"replies":[{"embeddable":true,"href":"https:\/\/minutobahia24h.com.br\/index.php?rest_route=%2Fwp%2Fv2%2Fcomments&post=28157"}],"version-history":[{"count":1,"href":"https:\/\/minutobahia24h.com.br\/index.php?rest_route=\/wp\/v2\/posts\/28157\/revisions"}],"predecessor-version":[{"id":28159,"href":"https:\/\/minutobahia24h.com.br\/index.php?rest_route=\/wp\/v2\/posts\/28157\/revisions\/28159"}],"wp:featuredmedia":[{"embeddable":true,"href":"https:\/\/minutobahia24h.com.br\/index.php?rest_route=\/wp\/v2\/media\/28158"}],"wp:attachment":[{"href":"https:\/\/minutobahia24h.com.br\/index.php?rest_route=%2Fwp%2Fv2%2Fmedia&parent=28157"}],"wp:term":[{"taxonomy":"category","embeddable":true,"href":"https:\/\/minutobahia24h.com.br\/index.php?rest_route=%2Fwp%2Fv2%2Fcategories&post=28157"},{"taxonomy":"post_tag","embeddable":true,"href":"https:\/\/minutobahia24h.com.br\/index.php?rest_route=%2Fwp%2Fv2%2Ftags&post=28157"}],"curies":[{"name":"wp","href":"https:\/\/api.w.org\/{rel}","templated":true}]}}