{"id":28102,"date":"2025-04-24T07:58:05","date_gmt":"2025-04-24T10:58:05","guid":{"rendered":"https:\/\/minutobahia24h.com.br\/?p=28102"},"modified":"2025-04-24T07:58:07","modified_gmt":"2025-04-24T10:58:07","slug":"anvisa-aprova-medicamento-que-retarda-avanco-do-alzheimer","status":"publish","type":"post","link":"https:\/\/minutobahia24h.com.br\/?p=28102","title":{"rendered":"Anvisa aprova medicamento que retarda avan\u00e7o do Alzheimer"},"content":{"rendered":"<div class=\"wp-block-image\">\n<figure class=\"aligncenter size-full\"><img data-recalc-dims=\"1\" fetchpriority=\"high\" decoding=\"async\" width=\"700\" height=\"598\" src=\"https:\/\/i0.wp.com\/minutobahia24h.com.br\/wp-content\/uploads\/2025\/04\/Sem-titulo-354.jpg?resize=700%2C598&#038;ssl=1\" alt=\"\" class=\"wp-image-28103\" srcset=\"https:\/\/i0.wp.com\/minutobahia24h.com.br\/wp-content\/uploads\/2025\/04\/Sem-titulo-354.jpg?w=700&amp;ssl=1 700w, https:\/\/i0.wp.com\/minutobahia24h.com.br\/wp-content\/uploads\/2025\/04\/Sem-titulo-354.jpg?resize=300%2C256&amp;ssl=1 300w\" sizes=\"(max-width: 700px) 100vw, 700px\" \/><figcaption class=\"wp-element-caption\">Foto: Ilustrativa<br><\/figcaption><\/figure>\n<\/div>\n\n\n<p>A Ag\u00eancia Nacional de Vigil\u00e2ncia Sanit\u00e1ria (Anvisa) aprovou o registro do medicamento Kisunla (donanemabe), indicado para o tratamento de comprometimento cognitivo e dem\u00eancia leves, associados \u00e0 Doen\u00e7a de Alzheimer. Segundo a entidade, trata-se de um anticorpo monoclonal que se liga a uma prote\u00edna chamada beta-amiloide. \u201c<em>Na doen\u00e7a de Alzheimer, aglomerados de prote\u00edna beta-amiloide formam placas no c\u00e9rebro. O donanemabe atua ligando-se a esses aglomerados e reduzindo-os, retardando assim a progress\u00e3o da doen\u00e7a<\/em>\u201d, explica a Anvisa.<\/p>\n\n\n\n<p>Ainda de acordo com a ag\u00eancia, o donanemabe foi avaliado em estudo envolvendo 1.736 pacientes com doen\u00e7a de Alzheimer em est\u00e1gio inicial, que apresentavam comprometimento cognitivo leve, dem\u00eancia leve e evid\u00eancias de patologia amiloide.<\/p>\n\n\n\n<p>O estudo analisou altera\u00e7\u00f5es na cogni\u00e7\u00e3o e na fun\u00e7\u00e3o cerebral dos pacientes. Eles receberam 700 miligramas (mg) de donanemabe a cada quatro semanas nas tr\u00eas primeiras doses e, em seguida, 1.400 mg a cada quatro semanas (para 860 pacientes) ou placebo (uma infus\u00e3o simulada para 876 pacientes), por at\u00e9 72 semanas. \u201c<em>Na semana 76 do estudo, os pacientes tratados com donanemabe apresentaram progress\u00e3o cl\u00ednica menor e estatisticamente significativa na doen\u00e7a de Alzheimer em compara\u00e7\u00e3o aos pacientes tratados com placebo<\/em>\u201d, destacou a Anvisa.<\/p>\n\n\n\n<p><strong>Contraindica\u00e7\u00e3o<\/strong><\/p>\n\n\n\n<p>O uso de donanemabe \u00e9 contraindicado em pacientes que estejam tomando anticoagulantes, incluindo varfarina, ou que tenham sido diagnosticados com angiopatia amiloide cerebral (AAC) em resson\u00e2ncia magn\u00e9tica antes de iniciar o tratamento. Os riscos nesses pacientes, segundo a ag\u00eancia, s\u00e3o considerados maiores que os benef\u00edcios.<\/p>\n\n\n\n<p><strong>Rea\u00e7\u00f5es<\/strong><\/p>\n\n\n\n<p>As rea\u00e7\u00f5es adversas mais comuns listadas pela Anvisa s\u00e3o relacionadas \u00e0 infus\u00e3o, que pode causar febre e sintomas semelhantes aos da gripe, al\u00e9m de dores de cabe\u00e7a. \u201c<em>Como acontece com qualquer medicamento, a Anvisa ir\u00e1 monitorar a seguran\u00e7a e a efetividade do donanemabe sob rigorosa an\u00e1lise. Ser\u00e3o implementadas atividades de minimiza\u00e7\u00e3o de risco para o donanemabe em conformidade com Plano de Minimiza\u00e7\u00e3o de Riscos aprovado<\/em>\u201d.<\/p>\n\n\n\n<p><strong>A doen\u00e7a<\/strong><\/p>\n\n\n\n<p>O Minist\u00e9rio da Sa\u00fade define a doen\u00e7a de Alzheimer como um transtorno neurodegenerativo progressivo e fatal que se manifesta pela deteriora\u00e7\u00e3o cognitiva e da mem\u00f3ria, comprometimento progressivo das atividades de vida di\u00e1ria e uma variedade de sintomas neuropsiqui\u00e1tricos e de altera\u00e7\u00f5es comportamentais. A doen\u00e7a se instala quando o processamento de certas prote\u00ednas do sistema nervoso central come\u00e7a a dar errado. Surgem, ent\u00e3o, fragmentos de prote\u00ednas mal cortadas, t\u00f3xicas, dentro dos neur\u00f4nios e nos espa\u00e7os que existem entre eles.<\/p>\n\n\n\n<p>Como consequ\u00eancia dessa toxicidade, ocorre perda progressiva de neur\u00f4nios em regi\u00f5es do c\u00e9rebro como o hipocampo, que controla a mem\u00f3ria, e o c\u00f3rtex cerebral, essencial para a linguagem e o racioc\u00ednio, mem\u00f3ria, reconhecimento de est\u00edmulos sensoriais e pensamento abstrato. \u201c<em>A causa ainda \u00e9 desconhecida, mas acredita-se que seja geneticamente determinada. A doen\u00e7a de Alzheimer \u00e9 a forma mais comum de dem\u00eancia neurodegenerativa em pessoas de idade, sendo respons\u00e1vel por mais da metade dos casos de dem\u00eancia nessa popula\u00e7\u00e3o<\/em>\u201d, detalha o minist\u00e9rio.<\/p>\n\n\n\n<p>No Brasil, centros de refer\u00eancia do Sistema \u00danico de Sa\u00fade (SUS) oferecem tratamento multidisciplinar integral e gratuito para pacientes com Alzheimer, al\u00e9m de medicamentos que ajudam a retardar a evolu\u00e7\u00e3o dos sintomas. \u201c<em>Os cuidados dedicados \u00e0s pessoas com Alzheimer, por\u00e9m, devem ocorrer em tempo integral. Cuidadores, enfermeiras, outros profissionais e familiares, mesmo fora do ambiente dos centros de refer\u00eancia, hospitais e cl\u00ednicas, podem encarregar-se de detalhes relativos \u00e0 alimenta\u00e7\u00e3o, ambiente e outros aspectos que podem elevar a qualidade de vida dos pacientes<\/em>\u201d. <\/p>\n\n\n\n<p>(Fonte: Ag\u00eancia Brasil)<\/p>\n","protected":false},"excerpt":{"rendered":"<p>A Ag\u00eancia Nacional de Vigil\u00e2ncia Sanit\u00e1ria (Anvisa) aprovou o registro do medicamento Kisunla (donanemabe), indicado para o tratamento de comprometimento cognitivo e dem\u00eancia leves, associados \u00e0 Doen\u00e7a de Alzheimer. Segundo a entidade, trata-se de um anticorpo monoclonal que se liga a uma prote\u00edna chamada beta-amiloide. \u201cNa doen\u00e7a de Alzheimer, aglomerados de prote\u00edna beta-amiloide formam placas [&hellip;]<\/p>\n","protected":false},"author":2,"featured_media":28103,"comment_status":"open","ping_status":"open","sticky":false,"template":"","format":"standard","meta":{"_jetpack_memberships_contains_paid_content":false,"footnotes":""},"categories":[18],"tags":[],"class_list":["post-28102","post","type-post","status-publish","format-standard","has-post-thumbnail","hentry","category-saude"],"aioseo_notices":[],"jetpack_featured_media_url":"https:\/\/i0.wp.com\/minutobahia24h.com.br\/wp-content\/uploads\/2025\/04\/Sem-titulo-354.jpg?fit=700%2C598&ssl=1","jetpack_sharing_enabled":true,"_links":{"self":[{"href":"https:\/\/minutobahia24h.com.br\/index.php?rest_route=\/wp\/v2\/posts\/28102","targetHints":{"allow":["GET"]}}],"collection":[{"href":"https:\/\/minutobahia24h.com.br\/index.php?rest_route=\/wp\/v2\/posts"}],"about":[{"href":"https:\/\/minutobahia24h.com.br\/index.php?rest_route=\/wp\/v2\/types\/post"}],"author":[{"embeddable":true,"href":"https:\/\/minutobahia24h.com.br\/index.php?rest_route=\/wp\/v2\/users\/2"}],"replies":[{"embeddable":true,"href":"https:\/\/minutobahia24h.com.br\/index.php?rest_route=%2Fwp%2Fv2%2Fcomments&post=28102"}],"version-history":[{"count":1,"href":"https:\/\/minutobahia24h.com.br\/index.php?rest_route=\/wp\/v2\/posts\/28102\/revisions"}],"predecessor-version":[{"id":28104,"href":"https:\/\/minutobahia24h.com.br\/index.php?rest_route=\/wp\/v2\/posts\/28102\/revisions\/28104"}],"wp:featuredmedia":[{"embeddable":true,"href":"https:\/\/minutobahia24h.com.br\/index.php?rest_route=\/wp\/v2\/media\/28103"}],"wp:attachment":[{"href":"https:\/\/minutobahia24h.com.br\/index.php?rest_route=%2Fwp%2Fv2%2Fmedia&parent=28102"}],"wp:term":[{"taxonomy":"category","embeddable":true,"href":"https:\/\/minutobahia24h.com.br\/index.php?rest_route=%2Fwp%2Fv2%2Fcategories&post=28102"},{"taxonomy":"post_tag","embeddable":true,"href":"https:\/\/minutobahia24h.com.br\/index.php?rest_route=%2Fwp%2Fv2%2Ftags&post=28102"}],"curies":[{"name":"wp","href":"https:\/\/api.w.org\/{rel}","templated":true}]}}