{"id":28090,"date":"2025-04-24T07:48:12","date_gmt":"2025-04-24T10:48:12","guid":{"rendered":"https:\/\/minutobahia24h.com.br\/?p=28090"},"modified":"2025-04-24T07:48:14","modified_gmt":"2025-04-24T10:48:14","slug":"afastados-carla-zambelli-afirma-nao-guardar-rancor-e-diz-que-ora-por-bolsonaro","status":"publish","type":"post","link":"https:\/\/minutobahia24h.com.br\/?p=28090","title":{"rendered":"Afastados, Carla Zambelli afirma n\u00e3o guardar rancor e diz que ora por Bolsonaro"},"content":{"rendered":"<div class=\"wp-block-image\">\n<figure class=\"aligncenter size-full\"><img data-recalc-dims=\"1\" fetchpriority=\"high\" decoding=\"async\" width=\"600\" height=\"418\" src=\"https:\/\/i0.wp.com\/minutobahia24h.com.br\/wp-content\/uploads\/2025\/04\/Sem-titulo-350.jpg?resize=600%2C418&#038;ssl=1\" alt=\"\" class=\"wp-image-28091\" srcset=\"https:\/\/i0.wp.com\/minutobahia24h.com.br\/wp-content\/uploads\/2025\/04\/Sem-titulo-350.jpg?w=600&amp;ssl=1 600w, https:\/\/i0.wp.com\/minutobahia24h.com.br\/wp-content\/uploads\/2025\/04\/Sem-titulo-350.jpg?resize=300%2C209&amp;ssl=1 300w\" sizes=\"(max-width: 600px) 100vw, 600px\" \/><figcaption class=\"wp-element-caption\">Foto: Lula Marques\/ EBC<br><\/figcaption><\/figure>\n<\/div>\n\n\n<p>Em entrevista nesta quarta-feira (23), a deputada federal Carla Zambelli (PL-SP) afirmou que n\u00e3o guarda rancor do ex-presidente Jair Bolsonaro (PL) por t\u00ea-la acusado de ter tirado seu mandato. \u201cMais f\u00e1cil botar a culpa em outra pessoa quando voc\u00ea sai perdedor de alguma coisa\u201d, avaliou Zambelli, ao falar com o Metr\u00f3poles.<\/p>\n\n\n\n<p>Na ocasi\u00e3o, Bolsonaro culpou Zambelli por influenciar a reta final da elei\u00e7\u00e3o que perdeu para Lula por causa de cena em que ela perseguiu armada um homem na v\u00e9spera do segundo turno de 2022.<\/p>\n\n\n\n<p>Zambelli diz estar orando pela recupera\u00e7\u00e3o de Bolsonaro, que est\u00e1 internado h\u00e1 10 dias ap\u00f3s cirugia para tratar uma obstru\u00e7\u00e3o intestinal, pois ele tem muito a doar ainda ao pa\u00eds. \u201cMe fez muito mal, eu piorei muito da depress\u00e3o e d\u00f3i muito mais isso do que uma condena\u00e7\u00e3o de pris\u00e3o. \u00c9 uma injusti\u00e7a, eu me doei muito por essa causa toda Bolsonaro\u201d.<\/p>\n\n\n\n<p>Ela tamb\u00e9m afirmou n\u00e3o se sentir abandonada pelo ex-chefe do Executivo. \u201cQuando eu fazia bem ao governo Bolsonaro, eu n\u00e3o fazia o bem para o Bolsonaro, mas sim para o governo\u201d.<\/p>\n\n\n\n<p>Bahia.ba<\/p>\n","protected":false},"excerpt":{"rendered":"<p>Em entrevista nesta quarta-feira (23), a deputada federal Carla Zambelli (PL-SP) afirmou que n\u00e3o guarda rancor do ex-presidente Jair Bolsonaro (PL) por t\u00ea-la acusado de ter tirado seu mandato. \u201cMais f\u00e1cil botar a culpa em outra pessoa quando voc\u00ea sai perdedor de alguma coisa\u201d, avaliou Zambelli, ao falar com o Metr\u00f3poles. Na ocasi\u00e3o, Bolsonaro culpou [&hellip;]<\/p>\n","protected":false},"author":2,"featured_media":28091,"comment_status":"open","ping_status":"open","sticky":false,"template":"","format":"standard","meta":{"_jetpack_memberships_contains_paid_content":false,"footnotes":""},"categories":[39],"tags":[],"class_list":["post-28090","post","type-post","status-publish","format-standard","has-post-thumbnail","hentry","category-politica"],"aioseo_notices":[],"jetpack_featured_media_url":"https:\/\/i0.wp.com\/minutobahia24h.com.br\/wp-content\/uploads\/2025\/04\/Sem-titulo-350.jpg?fit=600%2C418&ssl=1","jetpack_sharing_enabled":true,"_links":{"self":[{"href":"https:\/\/minutobahia24h.com.br\/index.php?rest_route=\/wp\/v2\/posts\/28090","targetHints":{"allow":["GET"]}}],"collection":[{"href":"https:\/\/minutobahia24h.com.br\/index.php?rest_route=\/wp\/v2\/posts"}],"about":[{"href":"https:\/\/minutobahia24h.com.br\/index.php?rest_route=\/wp\/v2\/types\/post"}],"author":[{"embeddable":true,"href":"https:\/\/minutobahia24h.com.br\/index.php?rest_route=\/wp\/v2\/users\/2"}],"replies":[{"embeddable":true,"href":"https:\/\/minutobahia24h.com.br\/index.php?rest_route=%2Fwp%2Fv2%2Fcomments&post=28090"}],"version-history":[{"count":1,"href":"https:\/\/minutobahia24h.com.br\/index.php?rest_route=\/wp\/v2\/posts\/28090\/revisions"}],"predecessor-version":[{"id":28092,"href":"https:\/\/minutobahia24h.com.br\/index.php?rest_route=\/wp\/v2\/posts\/28090\/revisions\/28092"}],"wp:featuredmedia":[{"embeddable":true,"href":"https:\/\/minutobahia24h.com.br\/index.php?rest_route=\/wp\/v2\/media\/28091"}],"wp:attachment":[{"href":"https:\/\/minutobahia24h.com.br\/index.php?rest_route=%2Fwp%2Fv2%2Fmedia&parent=28090"}],"wp:term":[{"taxonomy":"category","embeddable":true,"href":"https:\/\/minutobahia24h.com.br\/index.php?rest_route=%2Fwp%2Fv2%2Fcategories&post=28090"},{"taxonomy":"post_tag","embeddable":true,"href":"https:\/\/minutobahia24h.com.br\/index.php?rest_route=%2Fwp%2Fv2%2Ftags&post=28090"}],"curies":[{"name":"wp","href":"https:\/\/api.w.org\/{rel}","templated":true}]}}