{"id":28087,"date":"2025-04-24T07:46:55","date_gmt":"2025-04-24T10:46:55","guid":{"rendered":"https:\/\/minutobahia24h.com.br\/?p=28087"},"modified":"2025-04-24T07:46:57","modified_gmt":"2025-04-24T10:46:57","slug":"bahia-e-o-5o-estado-com-mais-funcionarios-vinculados-ao-ibama-e-lidera-quadro-no-nordeste","status":"publish","type":"post","link":"https:\/\/minutobahia24h.com.br\/?p=28087","title":{"rendered":"Bahia \u00e9 o 5\u00ba estado com mais funcion\u00e1rios vinculados ao Ibama e lidera quadro no Nordeste"},"content":{"rendered":"<div class=\"wp-block-image\">\n<figure class=\"aligncenter size-large\"><img data-recalc-dims=\"1\" fetchpriority=\"high\" decoding=\"async\" width=\"800\" height=\"420\" src=\"https:\/\/i0.wp.com\/minutobahia24h.com.br\/wp-content\/uploads\/2025\/04\/Sem-titulo-349-1024x538.jpg?resize=800%2C420&#038;ssl=1\" alt=\"\" class=\"wp-image-28088\" srcset=\"https:\/\/i0.wp.com\/minutobahia24h.com.br\/wp-content\/uploads\/2025\/04\/Sem-titulo-349.jpg?resize=1024%2C538&amp;ssl=1 1024w, https:\/\/i0.wp.com\/minutobahia24h.com.br\/wp-content\/uploads\/2025\/04\/Sem-titulo-349.jpg?resize=300%2C158&amp;ssl=1 300w, https:\/\/i0.wp.com\/minutobahia24h.com.br\/wp-content\/uploads\/2025\/04\/Sem-titulo-349.jpg?resize=768%2C403&amp;ssl=1 768w, https:\/\/i0.wp.com\/minutobahia24h.com.br\/wp-content\/uploads\/2025\/04\/Sem-titulo-349.jpg?resize=750%2C394&amp;ssl=1 750w, https:\/\/i0.wp.com\/minutobahia24h.com.br\/wp-content\/uploads\/2025\/04\/Sem-titulo-349.jpg?resize=1140%2C599&amp;ssl=1 1140w, https:\/\/i0.wp.com\/minutobahia24h.com.br\/wp-content\/uploads\/2025\/04\/Sem-titulo-349.jpg?w=1200&amp;ssl=1 1200w\" sizes=\"(max-width: 800px) 100vw, 800px\" \/><figcaption class=\"wp-element-caption\">Foto: Reprodu\u00e7\u00e3o \/ Ibama<br><\/figcaption><\/figure>\n<\/div>\n\n\n<p>A Bahia \u00e9 o estado com maior n\u00famero de servidores vinculados ao Instituto Brasileiro do Meio Ambiente e dos Recursos Naturais Renov\u00e1veis (Ibama) na regi\u00e3o Nordeste e ocupa o quinto lugar no ranking nacional. Os dados, obtidos via Lei de Acesso \u00e0 Informa\u00e7\u00e3o (LAI), s\u00e3o referentes ao m\u00eas de mar\u00e7o de 2025 e t\u00eam como base o Sistema Integrado de Administra\u00e7\u00e3o de Pessoal (Siape).<\/p>\n\n\n\n<p>De acordo com os registros, a Bahia possui 93\u00a0servidores ativos no quadro do Ibama. \u00c0 frente do estado baiano, est\u00e3o o Distrito Federal (931), Par\u00e1 (162), Rio de Janeiro (118) e S\u00e3o Paulo (106), unidades federativas que concentram atividades estrat\u00e9gicas de gest\u00e3o ambiental e fiscaliza\u00e7\u00e3o.<\/p>\n\n\n\n<p>Na compara\u00e7\u00e3o com outros estados nordestinos, a Bahia lidera com folga. O segundo colocado na regi\u00e3o \u00e9 o Cear\u00e1 com 76 servidores, seguido por Maranh\u00e3o (63) e Para\u00edba (58).\u00a0<\/p>\n\n\n\n<p>Os dados somam os funcion\u00e1rios nas fun\u00e7\u00f5es de Analista Administrativo, Analista Ambiental, Auxiliar Administrativo, T\u00e9cnico Administrativo e T\u00e9cnico Ambiental. Na Bahia, assim como no Brasil, o cargo com a maior quantidade de efetivos \u00e9 o de Analista Ambiental. No estado baiano, s\u00e3o 38 funcion\u00e1rios, enquanto no pa\u00eds soma 1.370.<\/p>\n\n\n\n<p>Os dados foram solicitados\u00a0pela Ag\u00eancia Fiquem Sabendo, uma organiza\u00e7\u00e3o especialista em dados sem fins lucrativos. Neste ano, o Ibama realizou um concurso ofertando 460 vagas imediatas de n\u00edvel superior. O edital prev\u00ea a incorpora\u00e7\u00e3o de funcion\u00e1rios em duas fun\u00e7\u00f5es. Foram 330 vagas para Analista Ambiental e 130 para Analista Administrativo. Os resultados ser\u00e3o divulgados no dia 7 de maio.<\/p>\n\n\n\n<p>BN<\/p>\n","protected":false},"excerpt":{"rendered":"<p>A Bahia \u00e9 o estado com maior n\u00famero de servidores vinculados ao Instituto Brasileiro do Meio Ambiente e dos Recursos Naturais Renov\u00e1veis (Ibama) na regi\u00e3o Nordeste e ocupa o quinto lugar no ranking nacional. Os dados, obtidos via Lei de Acesso \u00e0 Informa\u00e7\u00e3o (LAI), s\u00e3o referentes ao m\u00eas de mar\u00e7o de 2025 e t\u00eam como [&hellip;]<\/p>\n","protected":false},"author":2,"featured_media":28088,"comment_status":"open","ping_status":"open","sticky":false,"template":"","format":"standard","meta":{"_jetpack_memberships_contains_paid_content":false,"footnotes":""},"categories":[46],"tags":[],"class_list":["post-28087","post","type-post","status-publish","format-standard","has-post-thumbnail","hentry","category-noticia"],"aioseo_notices":[],"jetpack_featured_media_url":"https:\/\/i0.wp.com\/minutobahia24h.com.br\/wp-content\/uploads\/2025\/04\/Sem-titulo-349.jpg?fit=1200%2C630&ssl=1","jetpack_sharing_enabled":true,"_links":{"self":[{"href":"https:\/\/minutobahia24h.com.br\/index.php?rest_route=\/wp\/v2\/posts\/28087","targetHints":{"allow":["GET"]}}],"collection":[{"href":"https:\/\/minutobahia24h.com.br\/index.php?rest_route=\/wp\/v2\/posts"}],"about":[{"href":"https:\/\/minutobahia24h.com.br\/index.php?rest_route=\/wp\/v2\/types\/post"}],"author":[{"embeddable":true,"href":"https:\/\/minutobahia24h.com.br\/index.php?rest_route=\/wp\/v2\/users\/2"}],"replies":[{"embeddable":true,"href":"https:\/\/minutobahia24h.com.br\/index.php?rest_route=%2Fwp%2Fv2%2Fcomments&post=28087"}],"version-history":[{"count":1,"href":"https:\/\/minutobahia24h.com.br\/index.php?rest_route=\/wp\/v2\/posts\/28087\/revisions"}],"predecessor-version":[{"id":28089,"href":"https:\/\/minutobahia24h.com.br\/index.php?rest_route=\/wp\/v2\/posts\/28087\/revisions\/28089"}],"wp:featuredmedia":[{"embeddable":true,"href":"https:\/\/minutobahia24h.com.br\/index.php?rest_route=\/wp\/v2\/media\/28088"}],"wp:attachment":[{"href":"https:\/\/minutobahia24h.com.br\/index.php?rest_route=%2Fwp%2Fv2%2Fmedia&parent=28087"}],"wp:term":[{"taxonomy":"category","embeddable":true,"href":"https:\/\/minutobahia24h.com.br\/index.php?rest_route=%2Fwp%2Fv2%2Fcategories&post=28087"},{"taxonomy":"post_tag","embeddable":true,"href":"https:\/\/minutobahia24h.com.br\/index.php?rest_route=%2Fwp%2Fv2%2Ftags&post=28087"}],"curies":[{"name":"wp","href":"https:\/\/api.w.org\/{rel}","templated":true}]}}