{"id":2807,"date":"2023-10-24T07:42:28","date_gmt":"2023-10-24T10:42:28","guid":{"rendered":"https:\/\/minutobahia24h.com.br\/?p=2807"},"modified":"2023-10-24T07:42:29","modified_gmt":"2023-10-24T10:42:29","slug":"governo-cria-conectabr-programa-para-ampliar-a-cobertura-e-o-acesso-a-internet-movel","status":"publish","type":"post","link":"https:\/\/minutobahia24h.com.br\/?p=2807","title":{"rendered":"Governo cria ConectaBR, programa para ampliar a cobertura e o acesso \u00e0 internet m\u00f3vel"},"content":{"rendered":"<div class=\"wp-block-image\">\n<figure class=\"aligncenter size-full\"><img data-recalc-dims=\"1\" fetchpriority=\"high\" decoding=\"async\" width=\"800\" height=\"448\" src=\"https:\/\/i0.wp.com\/minutobahia24h.com.br\/wp-content\/uploads\/2023\/10\/Sem-titulo-147.jpg?resize=800%2C448&#038;ssl=1\" alt=\"\" class=\"wp-image-2809\" srcset=\"https:\/\/i0.wp.com\/minutobahia24h.com.br\/wp-content\/uploads\/2023\/10\/Sem-titulo-147.jpg?w=984&amp;ssl=1 984w, https:\/\/i0.wp.com\/minutobahia24h.com.br\/wp-content\/uploads\/2023\/10\/Sem-titulo-147.jpg?resize=300%2C168&amp;ssl=1 300w, https:\/\/i0.wp.com\/minutobahia24h.com.br\/wp-content\/uploads\/2023\/10\/Sem-titulo-147.jpg?resize=768%2C430&amp;ssl=1 768w, https:\/\/i0.wp.com\/minutobahia24h.com.br\/wp-content\/uploads\/2023\/10\/Sem-titulo-147.jpg?resize=750%2C420&amp;ssl=1 750w\" sizes=\"(max-width: 800px) 100vw, 800px\" \/><figcaption class=\"wp-element-caption\">Anatel libera sinal 5G em cidades das regi\u00f5es de Sorocaba e Jundia\u00ed (SP) \u2014 Foto: J\u00falia Martins\/g1<br><\/figcaption><\/figure>\n<\/div>\n\n\n<p>O governo instituiu o programa nacional de melhoria da cobertura e da qualidade da banda larga m\u00f3vel nesta segunda-feira (23). O programa, que chama ConectaBR, visa ampliar a cobertura e o acesso \u00e0 internet pelo Brasil.<\/p>\n\n\n\n<p>A Ag\u00eancia Nacional de Telecomunica\u00e7\u00e3o (Anatel) ser\u00e1 respons\u00e1vel por desenvolver instrumentos, projetos e a\u00e7\u00f5es que possibilitem a melhoria cont\u00ednua na qualidade da internet. O \u00f3rg\u00e3o dever\u00e1 tamb\u00e9m monitorar e avaliar a presta\u00e7\u00e3o de servi\u00e7os de comunica\u00e7\u00f5es m\u00f3veis.<\/p>\n\n\n\n<blockquote class=\"wp-block-quote is-layout-flow wp-block-quote-is-layout-flow\">\n<p>&#8220;(A medida busca) reduzir desigualdades regionais, propiciando experi\u00eancias similares aos usu\u00e1rios de servi\u00e7os de telecomunica\u00e7\u00f5es em todo o territ\u00f3rio nacional&#8221;, informou o Minist\u00e9rio das Comunica\u00e7\u00f5es, em publica\u00e7\u00e3o no Di\u00e1rio Oficial da Uni\u00e3o (DOU) desta segunda.<\/p>\n<cite>A Anatel dever\u00e1 estabelecer as seguintes regras:<br><br>Redes com tecnologia 5G\u00a0dever\u00e3o alcan\u00e7ar a refer\u00eancia de 100 megabits por segundo, sendo esperado tal patamar, preferencialmente, em 95% do pa\u00eds;<br><br><br>Redes com tecnologia 4G dever\u00e3o alcan\u00e7ar refer\u00eancia de 10 megabits por segundo, sendo esperado tal patamar, preferencialmente, em 95% do pa\u00eds.<br><br>A Ag\u00eancia implantar\u00e1 o &#8220;Selo Qualidade em Banda Larga M\u00f3vel&#8221;, para avaliar o trabalho da prestadoras de servi\u00e7o banda larga.<\/cite><\/blockquote>\n","protected":false},"excerpt":{"rendered":"<p>O governo instituiu o programa nacional de melhoria da cobertura e da qualidade da banda larga m\u00f3vel nesta segunda-feira (23). O programa, que chama ConectaBR, visa ampliar a cobertura e o acesso \u00e0 internet pelo Brasil. A Ag\u00eancia Nacional de Telecomunica\u00e7\u00e3o (Anatel) ser\u00e1 respons\u00e1vel por desenvolver instrumentos, projetos e a\u00e7\u00f5es que possibilitem a melhoria cont\u00ednua [&hellip;]<\/p>\n","protected":false},"author":2,"featured_media":2809,"comment_status":"open","ping_status":"open","sticky":false,"template":"","format":"standard","meta":{"_jetpack_memberships_contains_paid_content":false,"footnotes":""},"categories":[39],"tags":[],"class_list":["post-2807","post","type-post","status-publish","format-standard","has-post-thumbnail","hentry","category-politica"],"aioseo_notices":[],"jetpack_featured_media_url":"https:\/\/i0.wp.com\/minutobahia24h.com.br\/wp-content\/uploads\/2023\/10\/Sem-titulo-147.jpg?fit=984%2C551&ssl=1","jetpack_sharing_enabled":true,"_links":{"self":[{"href":"https:\/\/minutobahia24h.com.br\/index.php?rest_route=\/wp\/v2\/posts\/2807","targetHints":{"allow":["GET"]}}],"collection":[{"href":"https:\/\/minutobahia24h.com.br\/index.php?rest_route=\/wp\/v2\/posts"}],"about":[{"href":"https:\/\/minutobahia24h.com.br\/index.php?rest_route=\/wp\/v2\/types\/post"}],"author":[{"embeddable":true,"href":"https:\/\/minutobahia24h.com.br\/index.php?rest_route=\/wp\/v2\/users\/2"}],"replies":[{"embeddable":true,"href":"https:\/\/minutobahia24h.com.br\/index.php?rest_route=%2Fwp%2Fv2%2Fcomments&post=2807"}],"version-history":[{"count":1,"href":"https:\/\/minutobahia24h.com.br\/index.php?rest_route=\/wp\/v2\/posts\/2807\/revisions"}],"predecessor-version":[{"id":2810,"href":"https:\/\/minutobahia24h.com.br\/index.php?rest_route=\/wp\/v2\/posts\/2807\/revisions\/2810"}],"wp:featuredmedia":[{"embeddable":true,"href":"https:\/\/minutobahia24h.com.br\/index.php?rest_route=\/wp\/v2\/media\/2809"}],"wp:attachment":[{"href":"https:\/\/minutobahia24h.com.br\/index.php?rest_route=%2Fwp%2Fv2%2Fmedia&parent=2807"}],"wp:term":[{"taxonomy":"category","embeddable":true,"href":"https:\/\/minutobahia24h.com.br\/index.php?rest_route=%2Fwp%2Fv2%2Fcategories&post=2807"},{"taxonomy":"post_tag","embeddable":true,"href":"https:\/\/minutobahia24h.com.br\/index.php?rest_route=%2Fwp%2Fv2%2Ftags&post=2807"}],"curies":[{"name":"wp","href":"https:\/\/api.w.org\/{rel}","templated":true}]}}