{"id":28066,"date":"2025-04-24T07:18:30","date_gmt":"2025-04-24T10:18:30","guid":{"rendered":"https:\/\/minutobahia24h.com.br\/?p=28066"},"modified":"2025-04-24T07:18:32","modified_gmt":"2025-04-24T10:18:32","slug":"prefeito-dr-andre-inaugura-a-casa-do-empreendedor-e-impulsiona-o-desenvolvimento-local","status":"publish","type":"post","link":"https:\/\/minutobahia24h.com.br\/?p=28066","title":{"rendered":"Prefeito Dr. Andr\u00e9 Inaugura a Casa do Empreendedor e Impulsiona o Desenvolvimento Local"},"content":{"rendered":"<div class=\"wp-block-image\">\n<figure class=\"aligncenter size-full\"><img data-recalc-dims=\"1\" fetchpriority=\"high\" decoding=\"async\" width=\"800\" height=\"531\" src=\"https:\/\/i0.wp.com\/minutobahia24h.com.br\/wp-content\/uploads\/2025\/04\/Sem-titulo-342.jpg?resize=800%2C531&#038;ssl=1\" alt=\"\" class=\"wp-image-28067\" srcset=\"https:\/\/i0.wp.com\/minutobahia24h.com.br\/wp-content\/uploads\/2025\/04\/Sem-titulo-342.jpg?w=900&amp;ssl=1 900w, https:\/\/i0.wp.com\/minutobahia24h.com.br\/wp-content\/uploads\/2025\/04\/Sem-titulo-342.jpg?resize=300%2C199&amp;ssl=1 300w, https:\/\/i0.wp.com\/minutobahia24h.com.br\/wp-content\/uploads\/2025\/04\/Sem-titulo-342.jpg?resize=768%2C509&amp;ssl=1 768w, https:\/\/i0.wp.com\/minutobahia24h.com.br\/wp-content\/uploads\/2025\/04\/Sem-titulo-342.jpg?resize=750%2C498&amp;ssl=1 750w\" sizes=\"(max-width: 800px) 100vw, 800px\" \/><\/figure>\n<\/div>\n\n\n<p>Nesta quarta-feira, 23 de abril, a cidade celebrou um importante passo no incentivo ao empreendedorismo e ao desenvolvimento local com a inaugura\u00e7\u00e3o da Casa do Empreendedor. O evento contou com a presen\u00e7a de autoridades de diversas \u00e1reas, que destacaram a import\u00e2ncia do novo espa\u00e7o para o fomento de neg\u00f3cios e a qualifica\u00e7\u00e3o de empreendedores da regi\u00e3o.<\/p>\n\n\n\n<p>Entre as autoridades presentes estavam o Gerente Regional do Sebrae, Geron Pereira, o Superintendente da Desembahia, Andr\u00e9 Fidalgo. e a Gerente do Posto avan\u00e7ado do Banco do Nordeste Sara Cerqueira,&nbsp;&nbsp;&nbsp;&nbsp;A cerim\u00f4nia tamb\u00e9m contou com a participa\u00e7\u00e3o do Prefeito Dr. Andr\u00e9, o Vice-Prefeito Dr. Rodrigo, e representantes das Secretarias Municipais, como a Secret\u00e1ria de Educa\u00e7\u00e3o, Jamille Freitas, o Secret\u00e1rio de Agricultura, Diram Junior, e o Secret\u00e1rio de Sa\u00fade, Odejonnes Barbosa.<\/p>\n\n\n\n<p>O evento foi ainda prestigiado pelos vereadores Lailson da Aroeira (Presidente da C\u00e2mara), Ageu do Queijo, Chic\u00e3o, Batista, Cl\u00e9cinho do T\u00f3 e Guilherme, al\u00e9m de diversos representantes da comunidade e da classe empresarial local.<\/p>\n\n\n\n<p><strong>Equipe da Casa do Empreendedor: Profissionais de peso \u00e0 frente do novo espa\u00e7o<\/strong><\/p>\n\n\n\n<p>Durante a cerim\u00f4nia, tamb\u00e9m foi apresentada a equipe que estar\u00e1 \u00e0 frente da Casa do Empreendedor, composta por profissionais qualificados e com vasta experi\u00eancia em suas \u00e1reas. Welton Borges ser\u00e1 o Assessor T\u00e9cnico do espa\u00e7o, enquanto Mauricio, Agente de Microcr\u00e9dito, ajudar\u00e1 a fomentar a expans\u00e3o dos pequenos neg\u00f3cios. Marta atuar\u00e1 como Recepcionista, recebendo os empreendedores, e Alan Braga ser\u00e1 o Agente de Desenvolvimento, respons\u00e1vel por orientar e dar suporte aos neg\u00f3cios locais.<\/p>\n\n\n\n<p><strong>Impacto no Empreendedorismo Local<\/strong><\/p>\n\n\n\n<p>A inaugura\u00e7\u00e3o da Casa do Empreendedor \u00e9 um marco para o desenvolvimento econ\u00f4mico da cidade, oferecendo aos empreendedores locais a oportunidade de ter acesso a capacita\u00e7\u00e3o, orienta\u00e7\u00e3o e suporte financeiro, com o apoio do Sebrae e das demais institui\u00e7\u00f5es parceiras.<\/p>\n\n\n\n<p>Esse espa\u00e7o ser\u00e1 um ponto de refer\u00eancia para aqueles que buscam expandir seus neg\u00f3cios, acessar cr\u00e9dito e melhorar a gest\u00e3o de suas empresas. A expectativa \u00e9 que, com o apoio da equipe da Casa do Empreendedor, muitos pequenos e microempres\u00e1rios possam alcan\u00e7ar novos patamares de sucesso e gerar mais empregos e renda para a cidade.<\/p>\n\n\n\n<p>Com a inaugura\u00e7\u00e3o da Casa do Empreendedor, a cidade d\u00e1 um passo importante para o fortalecimento do empreendedorismo e da economia local, criando um ambiente de oportunidades e crescimento para todos.<\/p>\n\n\n\n<p>Filad\u00e9lfia em Noticias <\/p>\n\n\n\n<p><\/p>\n","protected":false},"excerpt":{"rendered":"<p>Nesta quarta-feira, 23 de abril, a cidade celebrou um importante passo no incentivo ao empreendedorismo e ao desenvolvimento local com a inaugura\u00e7\u00e3o da Casa do Empreendedor. O evento contou com a presen\u00e7a de autoridades de diversas \u00e1reas, que destacaram a import\u00e2ncia do novo espa\u00e7o para o fomento de neg\u00f3cios e a qualifica\u00e7\u00e3o de empreendedores da [&hellip;]<\/p>\n","protected":false},"author":2,"featured_media":28067,"comment_status":"open","ping_status":"open","sticky":false,"template":"","format":"standard","meta":{"_jetpack_memberships_contains_paid_content":false,"footnotes":""},"categories":[3],"tags":[],"class_list":["post-28066","post","type-post","status-publish","format-standard","has-post-thumbnail","hentry","category-regional"],"aioseo_notices":[],"jetpack_featured_media_url":"https:\/\/i0.wp.com\/minutobahia24h.com.br\/wp-content\/uploads\/2025\/04\/Sem-titulo-342.jpg?fit=900%2C597&ssl=1","jetpack_sharing_enabled":true,"_links":{"self":[{"href":"https:\/\/minutobahia24h.com.br\/index.php?rest_route=\/wp\/v2\/posts\/28066","targetHints":{"allow":["GET"]}}],"collection":[{"href":"https:\/\/minutobahia24h.com.br\/index.php?rest_route=\/wp\/v2\/posts"}],"about":[{"href":"https:\/\/minutobahia24h.com.br\/index.php?rest_route=\/wp\/v2\/types\/post"}],"author":[{"embeddable":true,"href":"https:\/\/minutobahia24h.com.br\/index.php?rest_route=\/wp\/v2\/users\/2"}],"replies":[{"embeddable":true,"href":"https:\/\/minutobahia24h.com.br\/index.php?rest_route=%2Fwp%2Fv2%2Fcomments&post=28066"}],"version-history":[{"count":1,"href":"https:\/\/minutobahia24h.com.br\/index.php?rest_route=\/wp\/v2\/posts\/28066\/revisions"}],"predecessor-version":[{"id":28068,"href":"https:\/\/minutobahia24h.com.br\/index.php?rest_route=\/wp\/v2\/posts\/28066\/revisions\/28068"}],"wp:featuredmedia":[{"embeddable":true,"href":"https:\/\/minutobahia24h.com.br\/index.php?rest_route=\/wp\/v2\/media\/28067"}],"wp:attachment":[{"href":"https:\/\/minutobahia24h.com.br\/index.php?rest_route=%2Fwp%2Fv2%2Fmedia&parent=28066"}],"wp:term":[{"taxonomy":"category","embeddable":true,"href":"https:\/\/minutobahia24h.com.br\/index.php?rest_route=%2Fwp%2Fv2%2Fcategories&post=28066"},{"taxonomy":"post_tag","embeddable":true,"href":"https:\/\/minutobahia24h.com.br\/index.php?rest_route=%2Fwp%2Fv2%2Ftags&post=28066"}],"curies":[{"name":"wp","href":"https:\/\/api.w.org\/{rel}","templated":true}]}}