{"id":28063,"date":"2025-04-24T07:15:48","date_gmt":"2025-04-24T10:15:48","guid":{"rendered":"https:\/\/minutobahia24h.com.br\/?p=28063"},"modified":"2025-04-24T07:15:49","modified_gmt":"2025-04-24T10:15:49","slug":"zona-azul-volta-a-funcionar-proximo-sabado-em-jacobina","status":"publish","type":"post","link":"https:\/\/minutobahia24h.com.br\/?p=28063","title":{"rendered":"Zona Azul volta a funcionar pr\u00f3ximo s\u00e1bado em Jacobina"},"content":{"rendered":"<div class=\"wp-block-image\">\n<figure class=\"aligncenter size-full\"><img data-recalc-dims=\"1\" fetchpriority=\"high\" decoding=\"async\" width=\"441\" height=\"723\" src=\"https:\/\/i0.wp.com\/minutobahia24h.com.br\/wp-content\/uploads\/2025\/04\/Sem-titulo-341.jpg?resize=441%2C723&#038;ssl=1\" alt=\"\" class=\"wp-image-28064\" srcset=\"https:\/\/i0.wp.com\/minutobahia24h.com.br\/wp-content\/uploads\/2025\/04\/Sem-titulo-341.jpg?w=441&amp;ssl=1 441w, https:\/\/i0.wp.com\/minutobahia24h.com.br\/wp-content\/uploads\/2025\/04\/Sem-titulo-341.jpg?resize=183%2C300&amp;ssl=1 183w\" sizes=\"(max-width: 441px) 100vw, 441px\" \/><\/figure>\n<\/div>\n\n\n<p>Depois de um per\u00edodo em inatividade, a zona azul j\u00e1 tem data marcada para voltar a funcionar em Jacobina. Pr\u00f3ximo s\u00e1bado, 26\/4, os condutores de ve\u00edculos que tiveram que estacionar nas ruas do centro da cidade dever\u00e3o estar atentos, pois ter\u00e3o que apontar o per\u00edodo estacionado.<\/p>\n\n\n\n<p>Alem do sistema tradicional, a nova empresa, Mob Parking, tambem trabalhar\u00e1 em sistema digital, a escolha ficar\u00e1 a crit\u00e9rio dos usu\u00e1rios. Quem preferir o sistema de parqu\u00edmetro virtual, ter\u00e1 que baixar o app da empresa.<\/p>\n\n\n\n<p>A empresa tamb\u00e9m disponibilizar\u00e1 vagas especiais para pessoas idosas, portadoras de defici\u00eancias e gestantes.<\/p>\n\n\n\n<p>O hor\u00e1rio de funcionamento ser\u00e1 de segunda a sexta das 8:00 \u00e0s 18 e no s\u00e1bado das 8:00 \u00e0s 13h.<\/p>\n\n\n\n<p>abahiaacontece<\/p>\n","protected":false},"excerpt":{"rendered":"<p>Depois de um per\u00edodo em inatividade, a zona azul j\u00e1 tem data marcada para voltar a funcionar em Jacobina. Pr\u00f3ximo s\u00e1bado, 26\/4, os condutores de ve\u00edculos que tiveram que estacionar nas ruas do centro da cidade dever\u00e3o estar atentos, pois ter\u00e3o que apontar o per\u00edodo estacionado. Alem do sistema tradicional, a nova empresa, Mob Parking, [&hellip;]<\/p>\n","protected":false},"author":2,"featured_media":28064,"comment_status":"open","ping_status":"open","sticky":false,"template":"","format":"standard","meta":{"_jetpack_memberships_contains_paid_content":false,"footnotes":""},"categories":[3],"tags":[],"class_list":["post-28063","post","type-post","status-publish","format-standard","has-post-thumbnail","hentry","category-regional"],"aioseo_notices":[],"jetpack_featured_media_url":"https:\/\/i0.wp.com\/minutobahia24h.com.br\/wp-content\/uploads\/2025\/04\/Sem-titulo-341.jpg?fit=441%2C723&ssl=1","jetpack_sharing_enabled":true,"_links":{"self":[{"href":"https:\/\/minutobahia24h.com.br\/index.php?rest_route=\/wp\/v2\/posts\/28063","targetHints":{"allow":["GET"]}}],"collection":[{"href":"https:\/\/minutobahia24h.com.br\/index.php?rest_route=\/wp\/v2\/posts"}],"about":[{"href":"https:\/\/minutobahia24h.com.br\/index.php?rest_route=\/wp\/v2\/types\/post"}],"author":[{"embeddable":true,"href":"https:\/\/minutobahia24h.com.br\/index.php?rest_route=\/wp\/v2\/users\/2"}],"replies":[{"embeddable":true,"href":"https:\/\/minutobahia24h.com.br\/index.php?rest_route=%2Fwp%2Fv2%2Fcomments&post=28063"}],"version-history":[{"count":1,"href":"https:\/\/minutobahia24h.com.br\/index.php?rest_route=\/wp\/v2\/posts\/28063\/revisions"}],"predecessor-version":[{"id":28065,"href":"https:\/\/minutobahia24h.com.br\/index.php?rest_route=\/wp\/v2\/posts\/28063\/revisions\/28065"}],"wp:featuredmedia":[{"embeddable":true,"href":"https:\/\/minutobahia24h.com.br\/index.php?rest_route=\/wp\/v2\/media\/28064"}],"wp:attachment":[{"href":"https:\/\/minutobahia24h.com.br\/index.php?rest_route=%2Fwp%2Fv2%2Fmedia&parent=28063"}],"wp:term":[{"taxonomy":"category","embeddable":true,"href":"https:\/\/minutobahia24h.com.br\/index.php?rest_route=%2Fwp%2Fv2%2Fcategories&post=28063"},{"taxonomy":"post_tag","embeddable":true,"href":"https:\/\/minutobahia24h.com.br\/index.php?rest_route=%2Fwp%2Fv2%2Ftags&post=28063"}],"curies":[{"name":"wp","href":"https:\/\/api.w.org\/{rel}","templated":true}]}}