{"id":28033,"date":"2025-04-23T08:14:36","date_gmt":"2025-04-23T11:14:36","guid":{"rendered":"https:\/\/minutobahia24h.com.br\/?p=28033"},"modified":"2025-04-23T08:14:38","modified_gmt":"2025-04-23T11:14:38","slug":"fieis-se-despedem-do-papa-francisco-em-velorio-na-basilica-de-sao-pedro","status":"publish","type":"post","link":"https:\/\/minutobahia24h.com.br\/?p=28033","title":{"rendered":"Fi\u00e9is se despedem do papa Francisco em vel\u00f3rio na Bas\u00edlica de S\u00e3o Pedro"},"content":{"rendered":"<div class=\"wp-block-image\">\n<figure class=\"aligncenter size-full\"><img data-recalc-dims=\"1\" fetchpriority=\"high\" decoding=\"async\" width=\"600\" height=\"421\" src=\"https:\/\/i0.wp.com\/minutobahia24h.com.br\/wp-content\/uploads\/2025\/04\/Sem-titulo-332.jpg?resize=600%2C421&#038;ssl=1\" alt=\"\" class=\"wp-image-28034\" srcset=\"https:\/\/i0.wp.com\/minutobahia24h.com.br\/wp-content\/uploads\/2025\/04\/Sem-titulo-332.jpg?w=600&amp;ssl=1 600w, https:\/\/i0.wp.com\/minutobahia24h.com.br\/wp-content\/uploads\/2025\/04\/Sem-titulo-332.jpg?resize=300%2C211&amp;ssl=1 300w\" sizes=\"(max-width: 600px) 100vw, 600px\" \/><figcaption class=\"wp-element-caption\">Foto: Reprodu\u00e7\u00e3o\/Vatican News<br><\/figcaption><\/figure>\n<\/div>\n\n\n<p>O corpo do papa Francisco chegou \u00e0 Bas\u00edlica de S\u00e3o Pedro, no Vaticano, na madrugada desta quarta-feira (23), onde permanecer\u00e1 em vel\u00f3rio at\u00e9 sexta-feira (25). A prociss\u00e3o partiu da capela da resid\u00eancia Santa Marta e foi acompanhada por cardeais e cl\u00e9rigos.<\/p>\n\n\n\n<p>No local, o camerlengo do Vaticano, cardeal Kevin Farrell, conduziu o rito inicial do vel\u00f3rio, com incensa\u00e7\u00e3o e b\u00ean\u00e7\u00e3o do corpo do pont\u00edfice. Ap\u00f3s a cerim\u00f4nia, os membros do clero prestaram rever\u00eancia ao caix\u00e3o antes da abertura da visita\u00e7\u00e3o p\u00fablica, que come\u00e7ou pouco antes das 6h (hor\u00e1rio de Bras\u00edlia).<\/p>\n\n\n\n<p>Milhares de fi\u00e9is j\u00e1 aguardavam em fila para se despedir de Francisco, que morreu no \u00faltimo domingo (20). A visita\u00e7\u00e3o segue nos seguintes hor\u00e1rios:<\/p>\n\n\n\n<p>\u2013 Quarta-feira (23): das 6h \u00e0s 19h (hor\u00e1rio de Bras\u00edlia)<br>\u2013 Quinta-feira (24): das 2h \u00e0s 19h<br>\u2013 Sexta-feira (25): das 2h \u00e0s 14h<\/p>\n\n\n\n<p>O funeral ser\u00e1 realizado no s\u00e1bado (26), \u00e0s 5h (hor\u00e1rio de Bras\u00edlia), tamb\u00e9m na Pra\u00e7a de S\u00e3o Pedro, com celebra\u00e7\u00e3o ao ar livre. A missa ser\u00e1 presidida pelo cardeal Giovanni Battista Re, decano do Col\u00e9gio dos Cardeais, que ficar\u00e1 respons\u00e1vel pela condu\u00e7\u00e3o do conclave para a escolha do novo papa.<\/p>\n\n\n\n<p>Assim como no funeral de Bento XVI, em 2023, a cerim\u00f4nia ocorrer\u00e1 seis dias ap\u00f3s a morte do pont\u00edfice.<\/p>\n\n\n\n<p>Em testamento, Francisco pediu um sepultamento simples. \u201cO t\u00famulo deve estar no ch\u00e3o; simples, sem ornamentos, tendo somente a inscri\u00e7\u00e3o: *Franciscus*\u201d, escreveu. O papa tamb\u00e9m expressou sua devo\u00e7\u00e3o \u00e0 Virgem Maria e solicitou que seus restos mortais fossem enterrados na Bas\u00edlica de Santa Maria Maggiore, localizada em Roma, fora do territ\u00f3rio do Vaticano.<\/p>\n\n\n\n<p>Ap\u00f3s a missa f\u00fanebre, o corpo de Francisco ser\u00e1 transferido para o local, onde ocorrer\u00e1 o sepultamento.<\/p>\n\n\n\n<p>Bahia.ba<\/p>\n","protected":false},"excerpt":{"rendered":"<p>O corpo do papa Francisco chegou \u00e0 Bas\u00edlica de S\u00e3o Pedro, no Vaticano, na madrugada desta quarta-feira (23), onde permanecer\u00e1 em vel\u00f3rio at\u00e9 sexta-feira (25). A prociss\u00e3o partiu da capela da resid\u00eancia Santa Marta e foi acompanhada por cardeais e cl\u00e9rigos. No local, o camerlengo do Vaticano, cardeal Kevin Farrell, conduziu o rito inicial do [&hellip;]<\/p>\n","protected":false},"author":2,"featured_media":28034,"comment_status":"open","ping_status":"open","sticky":false,"template":"","format":"standard","meta":{"_jetpack_memberships_contains_paid_content":false,"footnotes":""},"categories":[15],"tags":[],"class_list":["post-28033","post","type-post","status-publish","format-standard","has-post-thumbnail","hentry","category-mundo"],"aioseo_notices":[],"jetpack_featured_media_url":"https:\/\/i0.wp.com\/minutobahia24h.com.br\/wp-content\/uploads\/2025\/04\/Sem-titulo-332.jpg?fit=600%2C421&ssl=1","jetpack_sharing_enabled":true,"_links":{"self":[{"href":"https:\/\/minutobahia24h.com.br\/index.php?rest_route=\/wp\/v2\/posts\/28033","targetHints":{"allow":["GET"]}}],"collection":[{"href":"https:\/\/minutobahia24h.com.br\/index.php?rest_route=\/wp\/v2\/posts"}],"about":[{"href":"https:\/\/minutobahia24h.com.br\/index.php?rest_route=\/wp\/v2\/types\/post"}],"author":[{"embeddable":true,"href":"https:\/\/minutobahia24h.com.br\/index.php?rest_route=\/wp\/v2\/users\/2"}],"replies":[{"embeddable":true,"href":"https:\/\/minutobahia24h.com.br\/index.php?rest_route=%2Fwp%2Fv2%2Fcomments&post=28033"}],"version-history":[{"count":1,"href":"https:\/\/minutobahia24h.com.br\/index.php?rest_route=\/wp\/v2\/posts\/28033\/revisions"}],"predecessor-version":[{"id":28035,"href":"https:\/\/minutobahia24h.com.br\/index.php?rest_route=\/wp\/v2\/posts\/28033\/revisions\/28035"}],"wp:featuredmedia":[{"embeddable":true,"href":"https:\/\/minutobahia24h.com.br\/index.php?rest_route=\/wp\/v2\/media\/28034"}],"wp:attachment":[{"href":"https:\/\/minutobahia24h.com.br\/index.php?rest_route=%2Fwp%2Fv2%2Fmedia&parent=28033"}],"wp:term":[{"taxonomy":"category","embeddable":true,"href":"https:\/\/minutobahia24h.com.br\/index.php?rest_route=%2Fwp%2Fv2%2Fcategories&post=28033"},{"taxonomy":"post_tag","embeddable":true,"href":"https:\/\/minutobahia24h.com.br\/index.php?rest_route=%2Fwp%2Fv2%2Ftags&post=28033"}],"curies":[{"name":"wp","href":"https:\/\/api.w.org\/{rel}","templated":true}]}}