{"id":28030,"date":"2025-04-23T08:13:18","date_gmt":"2025-04-23T11:13:18","guid":{"rendered":"https:\/\/minutobahia24h.com.br\/?p=28030"},"modified":"2025-04-23T08:13:19","modified_gmt":"2025-04-23T11:13:19","slug":"alcolumbre-deve-indicar-nome-para-chefiar-o-ministerio-das-comunicacoes","status":"publish","type":"post","link":"https:\/\/minutobahia24h.com.br\/?p=28030","title":{"rendered":"Alcolumbre deve indicar nome para chefiar o Minist\u00e9rio das Comunica\u00e7\u00f5es"},"content":{"rendered":"<div class=\"wp-block-image\">\n<figure class=\"aligncenter size-full\"><img data-recalc-dims=\"1\" fetchpriority=\"high\" decoding=\"async\" width=\"600\" height=\"421\" src=\"https:\/\/i0.wp.com\/minutobahia24h.com.br\/wp-content\/uploads\/2025\/04\/Sem-titulo-331.jpg?resize=600%2C421&#038;ssl=1\" alt=\"\" class=\"wp-image-28031\" srcset=\"https:\/\/i0.wp.com\/minutobahia24h.com.br\/wp-content\/uploads\/2025\/04\/Sem-titulo-331.jpg?w=600&amp;ssl=1 600w, https:\/\/i0.wp.com\/minutobahia24h.com.br\/wp-content\/uploads\/2025\/04\/Sem-titulo-331.jpg?resize=300%2C211&amp;ssl=1 300w\" sizes=\"(max-width: 600px) 100vw, 600px\" \/><figcaption class=\"wp-element-caption\">Foto: Ricardo Stuckert\/PR<br><\/figcaption><\/figure>\n<\/div>\n\n\n<p>O nome de quem vai chefiar o Minist\u00e9rio das Comunica\u00e7\u00f5es dever\u00e1 ser indicado pelo presidente do Senado, Davi Alcolumbre (Uni\u00e3o-AP). Na noite desta ter\u00e7a-feira (22),&nbsp;<a href=\"https:\/\/bahia.ba\/politica\/em-nota-deputado-pedro-lucas-rejeita-convite-para-assumir-o-ministerio-das-comunicacoes\/\"><strong>o l\u00edder do Uni\u00e3o Brasil na C\u00e2mara, Pedro Lucas (MA), oficializou sua desist\u00eancia em ocupar a pasta<\/strong><\/a>.<\/p>\n\n\n\n<p>O indicado vai substituir o deputado federal Juscelino Filho (Uni\u00e3o-MA), que saiu do Minist\u00e9rio das Comunica\u00e7\u00f5es ap\u00f3s ser denunciado pela PGR (Procuradoria-Geral da Rep\u00fablica) sob acusa\u00e7\u00e3o de corrup\u00e7\u00e3o passiva e outros crimes relacionados ao desvio de emendas.<\/p>\n\n\n\n<p>Bahia.ba<\/p>\n","protected":false},"excerpt":{"rendered":"<p>O nome de quem vai chefiar o Minist\u00e9rio das Comunica\u00e7\u00f5es dever\u00e1 ser indicado pelo presidente do Senado, Davi Alcolumbre (Uni\u00e3o-AP). Na noite desta ter\u00e7a-feira (22),&nbsp;o l\u00edder do Uni\u00e3o Brasil na C\u00e2mara, Pedro Lucas (MA), oficializou sua desist\u00eancia em ocupar a pasta. O indicado vai substituir o deputado federal Juscelino Filho (Uni\u00e3o-MA), que saiu do Minist\u00e9rio [&hellip;]<\/p>\n","protected":false},"author":2,"featured_media":28031,"comment_status":"open","ping_status":"open","sticky":false,"template":"","format":"standard","meta":{"_jetpack_memberships_contains_paid_content":false,"footnotes":""},"categories":[39],"tags":[],"class_list":["post-28030","post","type-post","status-publish","format-standard","has-post-thumbnail","hentry","category-politica"],"aioseo_notices":[],"jetpack_featured_media_url":"https:\/\/i0.wp.com\/minutobahia24h.com.br\/wp-content\/uploads\/2025\/04\/Sem-titulo-331.jpg?fit=600%2C421&ssl=1","jetpack_sharing_enabled":true,"_links":{"self":[{"href":"https:\/\/minutobahia24h.com.br\/index.php?rest_route=\/wp\/v2\/posts\/28030","targetHints":{"allow":["GET"]}}],"collection":[{"href":"https:\/\/minutobahia24h.com.br\/index.php?rest_route=\/wp\/v2\/posts"}],"about":[{"href":"https:\/\/minutobahia24h.com.br\/index.php?rest_route=\/wp\/v2\/types\/post"}],"author":[{"embeddable":true,"href":"https:\/\/minutobahia24h.com.br\/index.php?rest_route=\/wp\/v2\/users\/2"}],"replies":[{"embeddable":true,"href":"https:\/\/minutobahia24h.com.br\/index.php?rest_route=%2Fwp%2Fv2%2Fcomments&post=28030"}],"version-history":[{"count":1,"href":"https:\/\/minutobahia24h.com.br\/index.php?rest_route=\/wp\/v2\/posts\/28030\/revisions"}],"predecessor-version":[{"id":28032,"href":"https:\/\/minutobahia24h.com.br\/index.php?rest_route=\/wp\/v2\/posts\/28030\/revisions\/28032"}],"wp:featuredmedia":[{"embeddable":true,"href":"https:\/\/minutobahia24h.com.br\/index.php?rest_route=\/wp\/v2\/media\/28031"}],"wp:attachment":[{"href":"https:\/\/minutobahia24h.com.br\/index.php?rest_route=%2Fwp%2Fv2%2Fmedia&parent=28030"}],"wp:term":[{"taxonomy":"category","embeddable":true,"href":"https:\/\/minutobahia24h.com.br\/index.php?rest_route=%2Fwp%2Fv2%2Fcategories&post=28030"},{"taxonomy":"post_tag","embeddable":true,"href":"https:\/\/minutobahia24h.com.br\/index.php?rest_route=%2Fwp%2Fv2%2Ftags&post=28030"}],"curies":[{"name":"wp","href":"https:\/\/api.w.org\/{rel}","templated":true}]}}