{"id":28023,"date":"2025-04-23T08:10:30","date_gmt":"2025-04-23T11:10:30","guid":{"rendered":"https:\/\/minutobahia24h.com.br\/?p=28023"},"modified":"2025-04-23T08:10:32","modified_gmt":"2025-04-23T11:10:32","slug":"oab-reage-a-decisao-do-stf-sobre-lacracao-de-celulares-de-advogados-e-jornalistas","status":"publish","type":"post","link":"https:\/\/minutobahia24h.com.br\/?p=28023","title":{"rendered":"OAB reage \u00e0 decis\u00e3o do STF sobre lacra\u00e7\u00e3o de celulares de advogados e jornalistas"},"content":{"rendered":"<div class=\"wp-block-image\">\n<figure class=\"aligncenter size-large\"><img data-recalc-dims=\"1\" fetchpriority=\"high\" decoding=\"async\" width=\"800\" height=\"420\" src=\"https:\/\/i0.wp.com\/minutobahia24h.com.br\/wp-content\/uploads\/2025\/04\/Sem-titulo-329-1024x538.jpg?resize=800%2C420&#038;ssl=1\" alt=\"\" class=\"wp-image-28024\" srcset=\"https:\/\/i0.wp.com\/minutobahia24h.com.br\/wp-content\/uploads\/2025\/04\/Sem-titulo-329.jpg?resize=1024%2C538&amp;ssl=1 1024w, https:\/\/i0.wp.com\/minutobahia24h.com.br\/wp-content\/uploads\/2025\/04\/Sem-titulo-329.jpg?resize=300%2C158&amp;ssl=1 300w, https:\/\/i0.wp.com\/minutobahia24h.com.br\/wp-content\/uploads\/2025\/04\/Sem-titulo-329.jpg?resize=768%2C403&amp;ssl=1 768w, https:\/\/i0.wp.com\/minutobahia24h.com.br\/wp-content\/uploads\/2025\/04\/Sem-titulo-329.jpg?resize=750%2C394&amp;ssl=1 750w, https:\/\/i0.wp.com\/minutobahia24h.com.br\/wp-content\/uploads\/2025\/04\/Sem-titulo-329.jpg?resize=1140%2C599&amp;ssl=1 1140w, https:\/\/i0.wp.com\/minutobahia24h.com.br\/wp-content\/uploads\/2025\/04\/Sem-titulo-329.jpg?w=1200&amp;ssl=1 1200w\" sizes=\"(max-width: 800px) 100vw, 800px\" \/><figcaption class=\"wp-element-caption\">Foto: Antonio Augusto \/ STF<br><\/figcaption><\/figure>\n<\/div>\n\n\n<p>O Conselho Federal da Ordem dos Advogados do Brasil (OAB) se manifestou, na ter\u00e7a-feira (22),&nbsp;<strong><a href=\"https:\/\/www.bahianoticias.com.br\/folha\/noticia\/332498-stf-lacra-celulares-de-jornalistas-e-advogados-em-julgamento-da-trama-golpista\">sobre a decis\u00e3o da Primeira Turma do Supremo Tribunal Federal (STF) que determinou a lacra\u00e7\u00e3o dos celulares de advogados e profissionais da imprensa durante uma sess\u00e3o de julgamento<\/a>,&nbsp;<\/strong>que tornou r\u00e9us mais 6 acusados de tentativa de golpe de Estado.&nbsp;Em nota assinada pelo presidente Beto Simonetti, a entidade afirmou ter recebido a medida com \u201csurpresa e irresigna\u00e7\u00e3o\u201d.<\/p>\n\n\n\n<p>De acordo com a OAB, embora reconhe\u00e7a a import\u00e2ncia da seguran\u00e7a e da ordem nas sess\u00f5es do judici\u00e1rio, a grava\u00e7\u00e3o de \u00e1udio e v\u00eddeo em sess\u00f5es p\u00fablicas \u00e9 respaldada por lei e integra as prerrogativas da advocacia. \u201cN\u00e3o pode ser restringida sem fundamento legal claro e espec\u00edfico\u201d, destacou a nota.<\/p>\n\n\n\n<p>A entidade tamb\u00e9m ressaltou que eventuais abusos devem ser apurados de forma individualizada, com responsabiliza\u00e7\u00e3o espec\u00edfica, mas sem comprometer garantias institucionais fundamentais. \u201cA OAB peticionar\u00e1 \u00e0 Corte solicitando ao ministro Cristiano Zanin a revis\u00e3o da medida\u201d, afirmou Simonetti.<\/p>\n\n\n\n<p>A OAB&nbsp;enviou um of\u00edcio ao ministro Cristiano Zanin, presidente da 1\u00aa Turma do Supremo Tribunal Federal, solicitando&nbsp;que o&nbsp;STF&nbsp;reconsidere a iniciativa. As informa\u00e7\u00f5es s\u00e3o da Metr\u00f3poles.<\/p>\n\n\n\n<p>\u201c\u00c9 inconteste que nos dias atuais tanto os escrit\u00f3rios quanto os advogados, detenham, no regular exerc\u00edcio de suas atividades, vasto acervo eletr\u00f4nico, sendo que para o acesso e utiliza\u00e7\u00e3o de tais informa\u00e7\u00f5es o aparelho celular \u00e9 por demais necess\u00e1rio\u201d, argumentou Beto Simonetti.<\/p>\n\n\n\n<p>\u201cOs direitos fundamentais consistem precisamente em limites ao desempenho de fun\u00e7\u00f5es dos Poderes P\u00fablicos, descabendo impor restri\u00e7\u00f5es \u00e0 liberdade profissional com medidas e condicionamentos que atentam contra a liberdade de exerc\u00edcio profissional pelos caus\u00eddicos.\u201d<\/p>\n\n\n\n<p>\u201cDesse modo, requer o Conselho Federal da Ordem dos Advogados do Brasil a revers\u00e3o da orienta\u00e7\u00e3o que determinou o lacre dos celulares dos advogados, assegurado o livre exerc\u00edcio profissional, permitindo-se o porte e uso de aparelhos celulares pelos advogados ao ingressarem e permanecerem nas depend\u00eancias do Plen\u00e1rio da Primeira Turma do Supremo Tribunal Federal\u201d, afirmou a&nbsp;OAB.<\/p>\n\n\n\n<p>BN<\/p>\n","protected":false},"excerpt":{"rendered":"<p>O Conselho Federal da Ordem dos Advogados do Brasil (OAB) se manifestou, na ter\u00e7a-feira (22),&nbsp;sobre a decis\u00e3o da Primeira Turma do Supremo Tribunal Federal (STF) que determinou a lacra\u00e7\u00e3o dos celulares de advogados e profissionais da imprensa durante uma sess\u00e3o de julgamento,&nbsp;que tornou r\u00e9us mais 6 acusados de tentativa de golpe de Estado.&nbsp;Em nota assinada [&hellip;]<\/p>\n","protected":false},"author":2,"featured_media":28024,"comment_status":"open","ping_status":"open","sticky":false,"template":"","format":"standard","meta":{"_jetpack_memberships_contains_paid_content":false,"footnotes":""},"categories":[46],"tags":[],"class_list":["post-28023","post","type-post","status-publish","format-standard","has-post-thumbnail","hentry","category-noticia"],"aioseo_notices":[],"jetpack_featured_media_url":"https:\/\/i0.wp.com\/minutobahia24h.com.br\/wp-content\/uploads\/2025\/04\/Sem-titulo-329.jpg?fit=1200%2C630&ssl=1","jetpack_sharing_enabled":true,"_links":{"self":[{"href":"https:\/\/minutobahia24h.com.br\/index.php?rest_route=\/wp\/v2\/posts\/28023","targetHints":{"allow":["GET"]}}],"collection":[{"href":"https:\/\/minutobahia24h.com.br\/index.php?rest_route=\/wp\/v2\/posts"}],"about":[{"href":"https:\/\/minutobahia24h.com.br\/index.php?rest_route=\/wp\/v2\/types\/post"}],"author":[{"embeddable":true,"href":"https:\/\/minutobahia24h.com.br\/index.php?rest_route=\/wp\/v2\/users\/2"}],"replies":[{"embeddable":true,"href":"https:\/\/minutobahia24h.com.br\/index.php?rest_route=%2Fwp%2Fv2%2Fcomments&post=28023"}],"version-history":[{"count":1,"href":"https:\/\/minutobahia24h.com.br\/index.php?rest_route=\/wp\/v2\/posts\/28023\/revisions"}],"predecessor-version":[{"id":28025,"href":"https:\/\/minutobahia24h.com.br\/index.php?rest_route=\/wp\/v2\/posts\/28023\/revisions\/28025"}],"wp:featuredmedia":[{"embeddable":true,"href":"https:\/\/minutobahia24h.com.br\/index.php?rest_route=\/wp\/v2\/media\/28024"}],"wp:attachment":[{"href":"https:\/\/minutobahia24h.com.br\/index.php?rest_route=%2Fwp%2Fv2%2Fmedia&parent=28023"}],"wp:term":[{"taxonomy":"category","embeddable":true,"href":"https:\/\/minutobahia24h.com.br\/index.php?rest_route=%2Fwp%2Fv2%2Fcategories&post=28023"},{"taxonomy":"post_tag","embeddable":true,"href":"https:\/\/minutobahia24h.com.br\/index.php?rest_route=%2Fwp%2Fv2%2Ftags&post=28023"}],"curies":[{"name":"wp","href":"https:\/\/api.w.org\/{rel}","templated":true}]}}