{"id":2795,"date":"2023-10-24T07:35:04","date_gmt":"2023-10-24T10:35:04","guid":{"rendered":"https:\/\/minutobahia24h.com.br\/?p=2795"},"modified":"2023-10-24T07:35:05","modified_gmt":"2023-10-24T10:35:05","slug":"rj-claudio-castro-afirma-que-suspeitos-foram-presos-por-acoes-terroristas","status":"publish","type":"post","link":"https:\/\/minutobahia24h.com.br\/?p=2795","title":{"rendered":"RJ: Cl\u00e1udio Castro afirma que suspeitos foram presos por a\u00e7\u00f5es terroristas"},"content":{"rendered":"<div class=\"wp-block-image\">\n<figure class=\"aligncenter size-full\"><img data-recalc-dims=\"1\" fetchpriority=\"high\" decoding=\"async\" width=\"599\" height=\"420\" src=\"https:\/\/i0.wp.com\/minutobahia24h.com.br\/wp-content\/uploads\/2023\/10\/Claudio-Castro.jpg?resize=599%2C420&#038;ssl=1\" alt=\"\" class=\"wp-image-2797\" srcset=\"https:\/\/i0.wp.com\/minutobahia24h.com.br\/wp-content\/uploads\/2023\/10\/Claudio-Castro.jpg?w=599&amp;ssl=1 599w, https:\/\/i0.wp.com\/minutobahia24h.com.br\/wp-content\/uploads\/2023\/10\/Claudio-Castro.jpg?resize=300%2C210&amp;ssl=1 300w\" sizes=\"(max-width: 599px) 100vw, 599px\" \/><figcaption class=\"wp-element-caption\">Foto: Rafael Wallace\/ GOVRJ<br><\/figcaption><\/figure>\n<\/div>\n\n\n<p>Uma opera\u00e7\u00e3o da Pol\u00edcia Civil do Rio de Janeiro terminou, nesta segunda-feira (23), com a morte de Matheus da Silva Rezende, o Faust\u00e3o, acusado de ser um dos l\u00edderes da mil\u00edcia na Zona Oeste da capital. Mas o fato acabou ficando em segundo plano depois que criminosos atearam fogo em 35 \u00f4nibus e um trem na regi\u00e3o.<img data-recalc-dims=\"1\" decoding=\"async\" data-src=\"https:\/\/i0.wp.com\/agenciabrasil.ebc.com.br\/ebc.png?w=800&#038;ssl=1\" src=\"data:image\/gif;base64,R0lGODlhAQABAAAAACH5BAEKAAEALAAAAAABAAEAAAICTAEAOw==\" class=\"lazyload\"><noscript><img data-recalc-dims=\"1\" decoding=\"async\" src=\"https:\/\/i0.wp.com\/agenciabrasil.ebc.com.br\/ebc.png?w=800&#038;ssl=1\"><\/noscript><img data-recalc-dims=\"1\" decoding=\"async\" data-src=\"https:\/\/i0.wp.com\/agenciabrasil.ebc.com.br\/ebc.gif?w=800&#038;ssl=1\" src=\"data:image\/gif;base64,R0lGODlhAQABAAAAACH5BAEKAAEALAAAAAABAAEAAAICTAEAOw==\" class=\"lazyload\"><noscript><img data-recalc-dims=\"1\" decoding=\"async\" src=\"https:\/\/i0.wp.com\/agenciabrasil.ebc.com.br\/ebc.gif?w=800&#038;ssl=1\"><\/noscript><\/p>\n\n\n\n<p>O governador do estado, Cl\u00e1udio Castro, disse que h\u00e1 um plano de conting\u00eancia em andamento e que a pol\u00edcia vai garantir que n\u00e3o ocorram mais ataques ao transporte p\u00fablico da cidade. At\u00e9 agora, foram confirmadas 12 pris\u00f5es de suspeitos de envolvimento nos inc\u00eandios. Esses suspeitos, segundo o governador, foram presos por pr\u00e1tica de terrorismo.<\/p>\n\n\n\n<p>\u201cEstes criminosos est\u00e3o presos por a\u00e7\u00f5es terroristas. E por isso est\u00e3o sendo encaminhados imediatamente para pres\u00eddios federais. Porque s\u00e3o locais de terroristas. Nossas for\u00e7as de seguran\u00e7a est\u00e3o unidas e ativas. A popula\u00e7\u00e3o pode dar um voto de confian\u00e7a. Porque essa luta \u00e9 para libertar a popula\u00e7\u00e3o das fac\u00e7\u00f5es que tentam tomar o poder do Rio de Janeiro\u201d, afirmou.<\/p>\n\n\n\n<p>Em coletiva de imprensa, na noite desta segunda-feira, Castro admitiu que as for\u00e7as de seguran\u00e7a foram pegas de surpresa. \u201cEssa a\u00e7\u00e3o [dos criminosos] n\u00e3o teve nenhuma coordena\u00e7\u00e3o. E quando n\u00e3o h\u00e1 coordena\u00e7\u00e3o, n\u00e3o tem intelig\u00eancia que consiga pegar. A partir do momento que n\u00f3s soubemos, a pol\u00edcia foi toda para as ruas, tanto que fez as pris\u00f5es\u201d, afirmou.<\/p>\n\n\n\n<p>\u201cA intelig\u00eancia vem trabalhando e estamos agindo para prender o miliciano Zinho [l\u00edder da organiza\u00e7\u00e3o e irm\u00e3o de Faust\u00e3o]. Esperamos que consigamos ter sucesso nas pr\u00f3ximas horas. Estamos todos de prontid\u00e3o para garantir que a vida volte ao normal o mais r\u00e1pido poss\u00edvel\u201d, acrescentou Castro.<\/p>\n\n\n\n<h2 class=\"wp-block-heading\">Opera\u00e7\u00f5es contra mil\u00edcias<\/h2>\n\n\n\n<p>Segundo a pol\u00edcia, o homem morto hoje, conhecido como Faust\u00e3o, era o n\u00famero dois na hierarquia da mil\u00edcia em Santa Cruz e Campo Grande, na Zona Oeste do Rio. O l\u00edder Zinho (Luis Ant\u00f4nio da Silva Braga), l\u00edder da mesma organiza\u00e7\u00e3o, Tandera (chefe de outra mil\u00edcia) e Abelha (l\u00edder do Comando Vermelho) tamb\u00e9m s\u00e3o procurados, segundo Cl\u00e1udio Castro.<\/p>\n\n\n\n<p>O governador disse que o maior desafio que o pa\u00eds enfrenta hoje \u00e9 a seguran\u00e7a p\u00fablica. E que, por isso, \u00e9 necess\u00e1rio que haja uma mobiliza\u00e7\u00e3o de todos os estados para enfrentar os criminosos.<\/p>\n\n\n\n<p>\u201cO problema da seguran\u00e7a p\u00fablica \u00e9 muito maior do que o Rio de Janeiro. Quando as investiga\u00e7\u00f5es mostram que criminosos de outros estados est\u00e3o aqui, quando armas e drogas que s\u00e3o roubadas em S\u00e3o Paulo aparecem no Rio, tudo isso prova que \u00e9 um problema do Brasil inteiro. Essas organiza\u00e7\u00f5es n\u00e3o s\u00e3o pontuais, s\u00e3o m\u00e1fias nacionais\u201d.<\/p>\n\n\n\n<p>Bahia.ba<\/p>\n","protected":false},"excerpt":{"rendered":"<p>Uma opera\u00e7\u00e3o da Pol\u00edcia Civil do Rio de Janeiro terminou, nesta segunda-feira (23), com a morte de Matheus da Silva Rezende, o Faust\u00e3o, acusado de ser um dos l\u00edderes da mil\u00edcia na Zona Oeste da capital. Mas o fato acabou ficando em segundo plano depois que criminosos atearam fogo em 35 \u00f4nibus e um trem [&hellip;]<\/p>\n","protected":false},"author":2,"featured_media":2797,"comment_status":"open","ping_status":"open","sticky":false,"template":"","format":"standard","meta":{"_jetpack_memberships_contains_paid_content":false,"footnotes":""},"categories":[2],"tags":[],"class_list":["post-2795","post","type-post","status-publish","format-standard","has-post-thumbnail","hentry","category-nacional"],"aioseo_notices":[],"jetpack_featured_media_url":"https:\/\/i0.wp.com\/minutobahia24h.com.br\/wp-content\/uploads\/2023\/10\/Claudio-Castro.jpg?fit=599%2C420&ssl=1","jetpack_sharing_enabled":true,"_links":{"self":[{"href":"https:\/\/minutobahia24h.com.br\/index.php?rest_route=\/wp\/v2\/posts\/2795","targetHints":{"allow":["GET"]}}],"collection":[{"href":"https:\/\/minutobahia24h.com.br\/index.php?rest_route=\/wp\/v2\/posts"}],"about":[{"href":"https:\/\/minutobahia24h.com.br\/index.php?rest_route=\/wp\/v2\/types\/post"}],"author":[{"embeddable":true,"href":"https:\/\/minutobahia24h.com.br\/index.php?rest_route=\/wp\/v2\/users\/2"}],"replies":[{"embeddable":true,"href":"https:\/\/minutobahia24h.com.br\/index.php?rest_route=%2Fwp%2Fv2%2Fcomments&post=2795"}],"version-history":[{"count":1,"href":"https:\/\/minutobahia24h.com.br\/index.php?rest_route=\/wp\/v2\/posts\/2795\/revisions"}],"predecessor-version":[{"id":2798,"href":"https:\/\/minutobahia24h.com.br\/index.php?rest_route=\/wp\/v2\/posts\/2795\/revisions\/2798"}],"wp:featuredmedia":[{"embeddable":true,"href":"https:\/\/minutobahia24h.com.br\/index.php?rest_route=\/wp\/v2\/media\/2797"}],"wp:attachment":[{"href":"https:\/\/minutobahia24h.com.br\/index.php?rest_route=%2Fwp%2Fv2%2Fmedia&parent=2795"}],"wp:term":[{"taxonomy":"category","embeddable":true,"href":"https:\/\/minutobahia24h.com.br\/index.php?rest_route=%2Fwp%2Fv2%2Fcategories&post=2795"},{"taxonomy":"post_tag","embeddable":true,"href":"https:\/\/minutobahia24h.com.br\/index.php?rest_route=%2Fwp%2Fv2%2Ftags&post=2795"}],"curies":[{"name":"wp","href":"https:\/\/api.w.org\/{rel}","templated":true}]}}