{"id":2791,"date":"2023-10-24T07:31:11","date_gmt":"2023-10-24T10:31:11","guid":{"rendered":"https:\/\/minutobahia24h.com.br\/?p=2791"},"modified":"2023-10-24T07:31:12","modified_gmt":"2023-10-24T10:31:12","slug":"saiba-como-infeccao-pode-ter-causado-falencia-multipla-dos-orgaos-e-matado-estudante-de-medicina-aos-26-anos","status":"publish","type":"post","link":"https:\/\/minutobahia24h.com.br\/?p=2791","title":{"rendered":"Saiba como infec\u00e7\u00e3o pode ter causado fal\u00eancia m\u00faltipla dos \u00f3rg\u00e3os e matado estudante de medicina aos 26 anos"},"content":{"rendered":"<div class=\"wp-block-image\">\n<figure class=\"aligncenter size-full\"><img data-recalc-dims=\"1\" fetchpriority=\"high\" decoding=\"async\" width=\"800\" height=\"629\" src=\"https:\/\/i0.wp.com\/minutobahia24h.com.br\/wp-content\/uploads\/2023\/10\/Sem-titulo-146.jpg?resize=800%2C629&#038;ssl=1\" alt=\"\" class=\"wp-image-2793\" srcset=\"https:\/\/i0.wp.com\/minutobahia24h.com.br\/wp-content\/uploads\/2023\/10\/Sem-titulo-146.jpg?w=984&amp;ssl=1 984w, https:\/\/i0.wp.com\/minutobahia24h.com.br\/wp-content\/uploads\/2023\/10\/Sem-titulo-146.jpg?resize=300%2C236&amp;ssl=1 300w, https:\/\/i0.wp.com\/minutobahia24h.com.br\/wp-content\/uploads\/2023\/10\/Sem-titulo-146.jpg?resize=768%2C604&amp;ssl=1 768w, https:\/\/i0.wp.com\/minutobahia24h.com.br\/wp-content\/uploads\/2023\/10\/Sem-titulo-146.jpg?resize=750%2C590&amp;ssl=1 750w\" sizes=\"(max-width: 800px) 100vw, 800px\" \/><figcaption class=\"wp-element-caption\">Tocantinense estava no terceiro per\u00edodo de medicina \u2014 Foto: Liana Castro\/Arquivo Pessoal\/Reprodu\u00e7\u00e3o Instagram<br><\/figcaption><\/figure>\n<\/div>\n\n\n<p><a class=\"\" href=\"https:\/\/g1.globo.com\/to\/tocantins\/noticia\/2023\/10\/23\/estudante-de-medicina-tem-falencia-multipla-de-orgaos-apos-ser-internado-por-infeccao-cheio-de-sonhos.ghtml\">O estudante Lucas Borba, de 26 anos, que morreu em decorr\u00eancia de uma infec\u00e7\u00e3o<\/a>, apresentou diversos sintomas quando ainda estava em Bel\u00e9m (PA), onde cursava medicina. Segundo a fam\u00edlia, ele sentiu dores abdominais e apresentou diarreia e v\u00f4mito h\u00e1 quase um m\u00eas, ele pediu ajuda aos parentes para receber atendimento m\u00e9dico em Palmas.<\/p>\n\n\n\n<p>Lucas morreu no domingo (22) com insufici\u00eancia renal e hep\u00e1tica. A real causa da infec\u00e7\u00e3o n\u00e3o foi informada. Mas segundo o m\u00e9dico infectologista e professor da Universidade Federal do Tocantins (UFT) Fl\u00e1vio Augusto de P\u00e1dua Milagres, infec\u00e7\u00f5es graves no organismo podem ser ocasionadas por bact\u00e9rias ou v\u00edrus.<\/p>\n\n\n\n<p>\u201cAs principais s\u00e3o as chamadas infec\u00e7\u00f5es por bact\u00e9rias. N\u00f3s temos tamb\u00e9m infec\u00e7\u00f5es causadas por v\u00edrus, que podem ser agressivas e justificar a morte de uma forma r\u00e1pida\u201d. O m\u00e9dico explicou tamb\u00e9m que existem ainda infec\u00e7\u00f5es originadas por protozo\u00e1rios ou de a\u00e7\u00e3o f\u00fangica, que n\u00e3o costumam ter tanto risco.<\/p>\n\n\n\n<p>Com o estudante de medicina, a infec\u00e7\u00e3o se espalhou, comprometendo \u00f3rg\u00e3os vitais. Segundo o primo de Lucas, Arthur Wieczorek,<a class=\"\" href=\"https:\/\/g1.globo.com\/to\/tocantins\/noticia\/2023\/10\/23\/dois-meses-antes-de-morrer-por-falencia-multipla-de-orgaos-estudante-de-medicina-postou-ferias-com-familia-e-amigos-bateria-recarregada.ghtml\">&nbsp;o jovem estava em Bel\u00e9m (PA), onde cursava medicina<\/a>, quando come\u00e7ou a passar mal. Pediu ajuda a uma tia para viajar at\u00e9 a capital tocantinense e chegou \u00e0 cidade no dia 13 de outubro, sendo internado logo em seguida.<\/p>\n\n\n\n<p>O quadro piorou na quinta-feira (19) e o jovem precisou ser transferido para a UTI de um hospital da capital. No domingo (22), segundo Arthur, Lucas foi intubado e teve uma parada card\u00edaca. Os rins e o f\u00edgado n\u00e3o aguentaram. O estudante de medicina sofreu fal\u00eancia m\u00faltipla dos \u00f3rg\u00e3os e a morte foi confirmada \u00e0s 18h.<\/p>\n\n\n\n<p>\u201cMuitas dessas infec\u00e7\u00f5es quando comprometem o organismo como um todo, chamada de forma sist\u00eamica, podem sim causar altera\u00e7\u00f5es no f\u00edgado e no rim, levando \u00e0 insufici\u00eancia e hep\u00e1tica e insufici\u00eancia renal\u201d, afirmou o infectologista, explicando a\u00e7\u00e3o da doen\u00e7a.<\/p>\n\n\n\n<figure class=\"wp-block-image\"><img data-recalc-dims=\"1\" decoding=\"async\" src=\"https:\/\/i0.wp.com\/s2-g1.glbimg.com\/lXqdOshrgVx51RMjeDPqwcrJXRE%3D\/0x0%3A1080x1346\/984x0\/smart\/filters%3Astrip_icc%28%29\/i.s3.glbimg.com\/v1\/AUTH_59edd422c0c84a879bd37670ae4f538a\/internal_photos\/bs\/2023\/H\/k\/AJcCbVS3ip4goXzzv2Pg\/323503621-1159132411385421-231766562184390692-n.jpg?w=800&#038;ssl=1\" alt=\"Estudante de medicina morreu em hospital de Palmas \u2014 Foto: Arquivo Pessoal\"\/><\/figure>\n\n\n\n<p>Estudante de medicina morreu em hospital de Palmas \u2014 Foto: Arquivo Pessoal<\/p>\n\n\n\n<p>De forma geral, alguns sintomas podem indicar doen\u00e7as infecciosas e dar sinais ao corpo. \u201cNa maioria das vezes o paciente vai apresentar febre, muitas vezes cansa\u00e7o, prostra\u00e7\u00e3o, uma fraqueza geral. Pode ter perda ou confus\u00e3o mental e calafrios. Em situa\u00e7\u00f5es mais graves, at\u00e9 mesmo sangramento pelas mucosas, como nariz e boca\u201d, explicou e especialista.<\/p>\n\n\n\n<p>O infectologista ainda detalhou que dependendo do local do corpo onde a infec\u00e7\u00e3o deu in\u00edcio, diferentes sintomas podem ser observados.<\/p>\n\n\n\n<p>\u201cN\u00f3s temos que entender que se for no sistema nervoso central, ele pode ter confus\u00e3o, convuls\u00f5es e altera\u00e7\u00f5es mentais. Quando compromete o pulm\u00e3o, muitas vezes vai ser uma falta de ar, tosse catarro que leva \u00e0 insufici\u00eancia respirat\u00f3ria. Infec\u00e7\u00f5es no trato digestivo podem manifestar na forma inicial com diarreias, dor abdominal, distens\u00e3o da barriga e altera\u00e7\u00f5es associadas a sangramento. Quando n\u00f3s falamos de infec\u00e7\u00f5es associadas aos m\u00fasculos e m\u00fasculos-esquel\u00e9ticas, pode ter bastante dor, c\u00e3ibras e altera\u00e7\u00f5es da for\u00e7a\u201d, disse Fl\u00e1vio.<\/p>\n\n\n\n<h2 class=\"wp-block-heading\">O tratamento<\/h2>\n\n\n\n<p>H\u00e1 tratamento para doen\u00e7as infecciosas, mas isso vai depender das manifesta\u00e7\u00f5es e das chamadas hip\u00f3teses cl\u00ednicas.<\/p>\n\n\n\n<p>\u201cPor isso \u00e9 de extremamente importante a participa\u00e7\u00e3o e avalia\u00e7\u00e3o durante todo o cuidado do m\u00e9dico infectologista, que \u00e9 treinado e capacitado para identificar essa variedade de infec\u00e7\u00f5es e que, de uma forma muito complexa podem comprometer seja o sistema nervoso, seja o sistema muscular e, \u00e0s vezes dois ou tr\u00eas locais ao mesmo tempo. Por isso a import\u00e2ncia nesse manejo e acompanhamento para o tratamento adequado e reduzir a chance do \u00f3bito, como infelizmente aconteceu nessa situa\u00e7\u00e3o\u201d, destacou Fl\u00e1vio, lamentando pela morte do estudante de medicina.<\/p>\n\n\n\n<figure class=\"wp-block-image\"><img data-recalc-dims=\"1\" decoding=\"async\" src=\"https:\/\/i0.wp.com\/s2-g1.glbimg.com\/vQXr7MyqZxalpxOO5Xcc40hZeuo%3D\/0x0%3A1080x1350\/984x0\/smart\/filters%3Astrip_icc%28%29\/i.s3.glbimg.com\/v1\/AUTH_59edd422c0c84a879bd37670ae4f538a\/internal_photos\/bs\/2023\/O\/C\/j1OpUnTymaxkEmR3jvSg\/snapinsta.app-283423589-1297910313951161-3475307428814010284-n-1080.jpg?w=800&#038;ssl=1\" alt=\"Lucas Borba tinha 26 anos e estava no terceiro per\u00edodo de medicina \u2014 Foto: Arquivo Pessoal\"\/><\/figure>\n\n\n\n<p>Lucas Borba tinha 26 anos e estava no terceiro per\u00edodo de medicina \u2014 Foto: Arquivo Pessoal<\/p>\n\n\n\n<h2 class=\"wp-block-heading\">Despedida<\/h2>\n\n\n\n<p>Lucas cursava o terceiro per\u00edodo de medicina na Universidade Federal do Par\u00e1 (UFPA). Ele deixou o Tocantins, onde cursava engenharia, para viver em Bel\u00e9m sozinho, realizando o sonho de se tornar m\u00e9dico.<\/p>\n\n\n\n<p>Nas redes sociais, muitos amigos e parentes lamentaram a morte. O diret\u00f3rio acad\u00eamico do curso de medicina da UFPA comentou: &#8220;Lucas, voc\u00ea ficar\u00e1 pra sempre em nossas mem\u00f3rias! Descanse em paz! Voc\u00ea foi incr\u00edvel!&#8221;<\/p>\n\n\n\n<p>O jovem foi velado em uma funer\u00e1ria na quadra 108 Norte, em Palmas. O corpo deve ser levado para Nova Olinda, no norte do Tocantins, onde vive a fam\u00edlia materna.<\/p>\n\n\n\n<p>Tamb\u00e9m houve um momento de despedida na C\u00e2mara Municipal da cidade. O sepultamento est\u00e1 previsto para a manh\u00e3 desta ter\u00e7a-feira (24) no cemit\u00e9rio de Nova Olinda.<\/p>\n","protected":false},"excerpt":{"rendered":"<p>O estudante Lucas Borba, de 26 anos, que morreu em decorr\u00eancia de uma infec\u00e7\u00e3o, apresentou diversos sintomas quando ainda estava em Bel\u00e9m (PA), onde cursava medicina. Segundo a fam\u00edlia, ele sentiu dores abdominais e apresentou diarreia e v\u00f4mito h\u00e1 quase um m\u00eas, ele pediu ajuda aos parentes para receber atendimento m\u00e9dico em Palmas. Lucas morreu [&hellip;]<\/p>\n","protected":false},"author":2,"featured_media":2793,"comment_status":"open","ping_status":"open","sticky":false,"template":"","format":"standard","meta":{"_jetpack_memberships_contains_paid_content":false,"footnotes":""},"categories":[18],"tags":[],"class_list":["post-2791","post","type-post","status-publish","format-standard","has-post-thumbnail","hentry","category-saude"],"aioseo_notices":[],"jetpack_featured_media_url":"https:\/\/i0.wp.com\/minutobahia24h.com.br\/wp-content\/uploads\/2023\/10\/Sem-titulo-146.jpg?fit=984%2C774&ssl=1","jetpack_sharing_enabled":true,"_links":{"self":[{"href":"https:\/\/minutobahia24h.com.br\/index.php?rest_route=\/wp\/v2\/posts\/2791","targetHints":{"allow":["GET"]}}],"collection":[{"href":"https:\/\/minutobahia24h.com.br\/index.php?rest_route=\/wp\/v2\/posts"}],"about":[{"href":"https:\/\/minutobahia24h.com.br\/index.php?rest_route=\/wp\/v2\/types\/post"}],"author":[{"embeddable":true,"href":"https:\/\/minutobahia24h.com.br\/index.php?rest_route=\/wp\/v2\/users\/2"}],"replies":[{"embeddable":true,"href":"https:\/\/minutobahia24h.com.br\/index.php?rest_route=%2Fwp%2Fv2%2Fcomments&post=2791"}],"version-history":[{"count":1,"href":"https:\/\/minutobahia24h.com.br\/index.php?rest_route=\/wp\/v2\/posts\/2791\/revisions"}],"predecessor-version":[{"id":2794,"href":"https:\/\/minutobahia24h.com.br\/index.php?rest_route=\/wp\/v2\/posts\/2791\/revisions\/2794"}],"wp:featuredmedia":[{"embeddable":true,"href":"https:\/\/minutobahia24h.com.br\/index.php?rest_route=\/wp\/v2\/media\/2793"}],"wp:attachment":[{"href":"https:\/\/minutobahia24h.com.br\/index.php?rest_route=%2Fwp%2Fv2%2Fmedia&parent=2791"}],"wp:term":[{"taxonomy":"category","embeddable":true,"href":"https:\/\/minutobahia24h.com.br\/index.php?rest_route=%2Fwp%2Fv2%2Fcategories&post=2791"},{"taxonomy":"post_tag","embeddable":true,"href":"https:\/\/minutobahia24h.com.br\/index.php?rest_route=%2Fwp%2Fv2%2Ftags&post=2791"}],"curies":[{"name":"wp","href":"https:\/\/api.w.org\/{rel}","templated":true}]}}