{"id":27898,"date":"2025-04-21T08:07:41","date_gmt":"2025-04-21T11:07:41","guid":{"rendered":"https:\/\/minutobahia24h.com.br\/?p=27898"},"modified":"2025-04-21T08:07:42","modified_gmt":"2025-04-21T11:07:42","slug":"acm-neto-reune-aliados-em-meio-a-criticas-por-amizade-com-rei-do-lixo-e-cerco-da-overclean","status":"publish","type":"post","link":"https:\/\/minutobahia24h.com.br\/?p=27898","title":{"rendered":"ACM Neto re\u00fane aliados em meio a cr\u00edticas por amizade com Rei do Lixo e cerco da Overclean"},"content":{"rendered":"<div class=\"wp-block-image\">\n<figure class=\"aligncenter size-full\"><img data-recalc-dims=\"1\" fetchpriority=\"high\" decoding=\"async\" width=\"600\" height=\"420\" src=\"https:\/\/i0.wp.com\/minutobahia24h.com.br\/wp-content\/uploads\/2025\/04\/Sem-titulo-293.jpg?resize=600%2C420&#038;ssl=1\" alt=\"\" class=\"wp-image-27899\" srcset=\"https:\/\/i0.wp.com\/minutobahia24h.com.br\/wp-content\/uploads\/2025\/04\/Sem-titulo-293.jpg?w=600&amp;ssl=1 600w, https:\/\/i0.wp.com\/minutobahia24h.com.br\/wp-content\/uploads\/2025\/04\/Sem-titulo-293.jpg?resize=300%2C210&amp;ssl=1 300w\" sizes=\"(max-width: 600px) 100vw, 600px\" \/><figcaption class=\"wp-element-caption\">Foto: Reprodu\u00e7\u00e3o\/Instagram\/Alan Sanches<br><\/figcaption><\/figure>\n<\/div>\n\n\n<p>O vice-presidente nacional do Uni\u00e3o Brasil, ACM Neto, reuniu correligion\u00e1rios em um almo\u00e7o de P\u00e1scoa neste domingo (20) em sua fazenda, na cidade de Cabaceiras do Paragua\u00e7u, na Bahia. O deputado estadual Alan Sanches compartilhou um registro do encontro em suas redes sociais. Entre os comensais estavam aliados como o deputado federal Leo Prates (PDT), prefeitos e vereadores de cidades do interior.<\/p>\n\n\n\n<p>\u201cNo feriado, tamb\u00e9m \u00e9 dia de debater a Bahia e olhar para o futuro. Tivemos um almo\u00e7o especial com ACM Neto, que nos recebeu para um bate-papo muito produtivo sobre o Rec\u00f4ncavo e o estado da Bahia. Ao lado do prefeito de Santo Ant\u00f4nio de Jesus, Genival Deolino, Ditinho e outros amigos e lideran\u00e7as, tivemos a oportunidade de apresentar sugest\u00f5es e discutir demandas essenciais para o desenvolvimento da regi\u00e3o. 2026 est\u00e1 logo ali!\u201d, escreveu Alan Sanches em suas redes sociais.<\/p>\n\n\n\n<p>A confraterniza\u00e7\u00e3o ocorre no mesmo momento em que ACM Neto vem sendo<a href=\"https:\/\/bahia.ba\/politica\/paulo-camara-critica-isolamento-de-acm-neto-e-cita-insatisfacao-de-prefeitos-aliados\/\">&nbsp;criticado por aliados diante de um suposto isolamento pol\u00edtico<\/a>&nbsp;e em meio ao avan\u00e7o da&nbsp;<a href=\"https:\/\/bahia.ba\/bahia\/pf-deflagra-operacao-que-desarticula-esquema-de-corrupcao-e-fraudes-licitatorias-com-desvio-de-r-14-bi\/\">Opera\u00e7\u00e3o Overclean<\/a>, que mira caciques do Uni\u00e3o Brasil supostamente envolvidos em desvios de verbas p\u00fablicas, corrup\u00e7\u00e3o e lavagem de dinheiro com recursos de emendas parlamentares. ACM Neto n\u00e3o \u00e9 alvo da investiga\u00e7\u00e3o.<\/p>\n\n\n\n<p>Na semana passada, uma reportagem do jornal Folha de S. Paulo apurou que o prefeito Bruno Reis (Uni\u00e3o Brasil), afilhado pol\u00edtico de ACM Neto, \u00e9 s\u00f3cio desde 2022 do empres\u00e1rio Samuca Silva Franco, que foi alvo de busca e apreens\u00e3o na \u00faltima fase da Overclean.<\/p>\n\n\n\n<p>Em um v\u00eddeo que circula na internet, Bruno Reis faz elogios a Franco e diz que conversa com ele frequentemente por telefone.<\/p>\n\n\n\n<p>Em nota, Bruno disse que \u201co empreendimento citado se trata de um investimento no campo imobili\u00e1rio em Ilh\u00e9us, no sul da Bahia, sem qualquer vincula\u00e7\u00e3o pol\u00edtica ou com setor p\u00fablico, portanto, \u00e9 relacionado \u00e0 \u00e1rea privada\u201d.<\/p>\n\n\n\n<p>Tamb\u00e9m pr\u00f3ximo ao ex-prefeito, o<a href=\"https:\/\/bahia.ba\/politica\/rei-do-lixo-fechou-contratos-de-r-50-mi-com-prefeita-do-uniao-brasil-diz-coluna\/\">&nbsp;empres\u00e1rio Jos\u00e9 Marcos de Moura, o \u2018Rei do Lixo\u2019<\/a>, \u00e9 apontado como um dos l\u00edderes da organiza\u00e7\u00e3o criminosa, que teria movimentado R$ 1,4 bilh\u00e3o por meio de fraudes em licita\u00e7\u00f5es e contratos p\u00fablicos. ACM Neto, por sua vez, j\u00e1&nbsp;<a href=\"https:\/\/bahia.ba\/politica\/se-nao-tem-nada-a-esconder-por-que-se-cala-diz-solla-sobre-amizade-de-acm-neto-com-rei-do-lixo\/\">admitiu ser \u201camigo\u201d de Moura<\/a>.<\/p>\n\n\n\n<p>O deputado federal Elmar Nascimento (Uni\u00e3o Brasil) \u00e9 outro correligion\u00e1rio do ex-prefeito citado pela PF. Sobre ele recai uma apura\u00e7\u00e3o a respeito da&nbsp;<a href=\"https:\/\/bahia.ba\/politica\/elmar-xinga-reporter-ao-ser-questionado-sobre-aluguel-de-imovel-de-luxo-vai-tomar-no-c\/\">compra de um im\u00f3vel de luxo em Salvador<\/a>.<\/p>\n\n\n\n<p>A resid\u00eancia pertence ao empres\u00e1rio Gerv\u00e1sio Meneses de Oliveira, denunciado em 2020 pelo STJ (Superior Tribunal de Justi\u00e7a) por corrup\u00e7\u00e3o no \u00e2mbito da Opera\u00e7\u00e3o Injusta Causa, que apura venda de decis\u00f5es na Justi\u00e7a trabalhista.<\/p>\n\n\n\n<p>O inqu\u00e9rito foi enviado ao STF (Supremo Tribunal Federal), j\u00e1 que Elmar tem foro privilegiado. O deputado nega irregularidades e afirma que o parlamentar que indica emendas \u201cn\u00e3o tem compet\u00eancia e nem se torna respons\u00e1vel pela execu\u00e7\u00e3o das verbas e pela fiscaliza\u00e7\u00e3o das respectivas obras e servi\u00e7os\u201d.<\/p>\n\n\n\n<p>A Overclean mira ainda Francisco Nascimento, primo e Elmar, por suposta fraude em licita\u00e7\u00f5es em Campo Formoso (BA), munic\u00edpio governado pelo irm\u00e3o do parlamentar, Elmo Nascimento (Uni\u00e3o Brasil). Durante as dilig\u00eancias da PF, Francisco jogou uma sacola com R$ 200 mil pela janela antes de ser preso pela PF em dezembro.<\/p>\n\n\n\n<p>Outro primo, Amaury Nascimento, assessor de Elmar, tamb\u00e9m \u00e9 mencionado no inqu\u00e9rito. O conte\u00fado est\u00e1 sob sigilo.<\/p>\n\n\n\n<p>Em 2022, o parlamentar declarou patrim\u00f4nio de R$ 2,3 milh\u00f5es, incluindo uma a em Salvador e participa\u00e7\u00e3o em uma distribuidora de bebidas e uma empresa agropecu\u00e1ria. No fim de janeiro, ele deixou a lideran\u00e7a do Uni\u00e3o Brasil na C\u00e2mara e assumiu a segunda vice-presid\u00eancia da Casa.<\/p>\n\n\n\n<p>Bahia.ba<\/p>\n","protected":false},"excerpt":{"rendered":"<p>O vice-presidente nacional do Uni\u00e3o Brasil, ACM Neto, reuniu correligion\u00e1rios em um almo\u00e7o de P\u00e1scoa neste domingo (20) em sua fazenda, na cidade de Cabaceiras do Paragua\u00e7u, na Bahia. O deputado estadual Alan Sanches compartilhou um registro do encontro em suas redes sociais. Entre os comensais estavam aliados como o deputado federal Leo Prates (PDT), [&hellip;]<\/p>\n","protected":false},"author":2,"featured_media":27899,"comment_status":"open","ping_status":"open","sticky":false,"template":"","format":"standard","meta":{"_jetpack_memberships_contains_paid_content":false,"footnotes":""},"categories":[39],"tags":[],"class_list":["post-27898","post","type-post","status-publish","format-standard","has-post-thumbnail","hentry","category-politica"],"aioseo_notices":[],"jetpack_featured_media_url":"https:\/\/i0.wp.com\/minutobahia24h.com.br\/wp-content\/uploads\/2025\/04\/Sem-titulo-293.jpg?fit=600%2C420&ssl=1","jetpack_sharing_enabled":true,"_links":{"self":[{"href":"https:\/\/minutobahia24h.com.br\/index.php?rest_route=\/wp\/v2\/posts\/27898","targetHints":{"allow":["GET"]}}],"collection":[{"href":"https:\/\/minutobahia24h.com.br\/index.php?rest_route=\/wp\/v2\/posts"}],"about":[{"href":"https:\/\/minutobahia24h.com.br\/index.php?rest_route=\/wp\/v2\/types\/post"}],"author":[{"embeddable":true,"href":"https:\/\/minutobahia24h.com.br\/index.php?rest_route=\/wp\/v2\/users\/2"}],"replies":[{"embeddable":true,"href":"https:\/\/minutobahia24h.com.br\/index.php?rest_route=%2Fwp%2Fv2%2Fcomments&post=27898"}],"version-history":[{"count":1,"href":"https:\/\/minutobahia24h.com.br\/index.php?rest_route=\/wp\/v2\/posts\/27898\/revisions"}],"predecessor-version":[{"id":27900,"href":"https:\/\/minutobahia24h.com.br\/index.php?rest_route=\/wp\/v2\/posts\/27898\/revisions\/27900"}],"wp:featuredmedia":[{"embeddable":true,"href":"https:\/\/minutobahia24h.com.br\/index.php?rest_route=\/wp\/v2\/media\/27899"}],"wp:attachment":[{"href":"https:\/\/minutobahia24h.com.br\/index.php?rest_route=%2Fwp%2Fv2%2Fmedia&parent=27898"}],"wp:term":[{"taxonomy":"category","embeddable":true,"href":"https:\/\/minutobahia24h.com.br\/index.php?rest_route=%2Fwp%2Fv2%2Fcategories&post=27898"},{"taxonomy":"post_tag","embeddable":true,"href":"https:\/\/minutobahia24h.com.br\/index.php?rest_route=%2Fwp%2Fv2%2Ftags&post=27898"}],"curies":[{"name":"wp","href":"https:\/\/api.w.org\/{rel}","templated":true}]}}