{"id":27895,"date":"2025-04-21T07:59:05","date_gmt":"2025-04-21T10:59:05","guid":{"rendered":"https:\/\/minutobahia24h.com.br\/?p=27895"},"modified":"2025-04-21T07:59:07","modified_gmt":"2025-04-21T10:59:07","slug":"papa-francisco-morre-aos-88-anos","status":"publish","type":"post","link":"https:\/\/minutobahia24h.com.br\/?p=27895","title":{"rendered":"Papa Francisco morre aos 88 anos"},"content":{"rendered":"<div class=\"wp-block-image\">\n<figure class=\"aligncenter size-full\"><img data-recalc-dims=\"1\" fetchpriority=\"high\" decoding=\"async\" width=\"766\" height=\"516\" src=\"https:\/\/i0.wp.com\/minutobahia24h.com.br\/wp-content\/uploads\/2025\/04\/Sem-titulo-292.jpg?resize=766%2C516&#038;ssl=1\" alt=\"\" class=\"wp-image-27896\" srcset=\"https:\/\/i0.wp.com\/minutobahia24h.com.br\/wp-content\/uploads\/2025\/04\/Sem-titulo-292.jpg?w=766&amp;ssl=1 766w, https:\/\/i0.wp.com\/minutobahia24h.com.br\/wp-content\/uploads\/2025\/04\/Sem-titulo-292.jpg?resize=300%2C202&amp;ssl=1 300w, https:\/\/i0.wp.com\/minutobahia24h.com.br\/wp-content\/uploads\/2025\/04\/Sem-titulo-292.jpg?resize=750%2C505&amp;ssl=1 750w\" sizes=\"(max-width: 766px) 100vw, 766px\" \/><figcaption class=\"wp-element-caption\">Foto: Reuters\/reprodu\u00e7\u00e3o<br><\/figcaption><\/figure>\n<\/div>\n\n\n<p>Jorge Mario Bergoglio, o papa Francisco, morreu aos 88 anos \u00e0s 2h35 pelo hor\u00e1rio de Bras\u00edlia, 7h35 pelo hor\u00e1rio local, desta segunda-feira (21). As informa\u00e7\u00f5es foram confirmadas pelo Vaticano. O pont\u00edfice ocupou o cargo m\u00e1ximo da Igreja Cat\u00f3lica por 12 anos.<\/p>\n\n\n\n<p>\u201c<em>O Bispo de Roma, Francisco, retornou \u00e0 casa do Pai. Toda a sua vida foi dedicada ao servi\u00e7o do Senhor e de Sua Igreja. Ele nos ensinou a viver os valores do Evangelho com fidelidade, coragem e amor universal, especialmente em favor dos mais pobres e marginalizados. Com imensa gratid\u00e3o por seu exemplo como verdadeiro disc\u00edpulo do Senhor Jesus, recomendamos a alma do Papa Francisco ao infinito amor misericordioso do Deus Trino<\/em>\u201c, diz comunicado oficial.<\/p>\n\n\n\n<p>Nascido em 17 de dezembro de 1936 em Buenos Aires, na Argentina, Francisco foi o primeiro papa latino-americano da hist\u00f3ria. Ele tamb\u00e9m foi o primeiro pont\u00edfice da era moderna a assumir o papado ap\u00f3s a ren\u00fancia do seu antecessor e, ainda, o primeiro jesu\u00edta no posto.<\/p>\n\n\n\n<p>\u00c0 frente da Igreja Cat\u00f3lica por quase 12 anos, Francisco foi o papa n\u00famero 266. Em 13 de mar\u00e7o de 2013, durante o segundo dia do conclave para eleger o substituto de Bento XVI, Bergoglio foi escolhido como o novo l\u00edder \u2013 inclusive contra a sua pr\u00f3pria vontade, segundo ele mesmo admitiu. Relembre a carreira do papa mais abaixo.<\/p>\n\n\n\n<p><strong>Quadro de bronquite<\/strong><\/p>\n\n\n\n<p>Francisco ficou internado por cerca de 40 dias com um quadro de bronquite. A primeira hospitaliza\u00e7\u00e3o foi no in\u00edcio de fevereiro. Nos dias seguintes, o papa come\u00e7ou a ter dificuldades para discursar durante audi\u00eancias religiosas. Ele admitiu publicamente que estava com dificuldades respirat\u00f3rias e chegou a pedir para um auxiliar fazer a leitura do serm\u00e3o.<\/p>\n\n\n\n<p>No dia 14 de fevereiro, o papa foi internado no hospital Agostino Gemelli para fazer exames e tratar a bronquite. Mesmo hospitalizado, ele continuou participando de algumas atividades religiosas. No domingo (16), ele pediu desculpas por faltar \u00e0 ora\u00e7\u00e3o semanal com fi\u00e9is na Pra\u00e7a de S\u00e3o Pedro. J\u00e1 na segunda-feira (17), o Vaticano informou que Francisco estava com uma infec\u00e7\u00e3o polimicrobiana \u2014 causada por um ou mais microrganismos, como bact\u00e9rias, v\u00edrus ou fungos. O quadro de sa\u00fade do papa foi descrito como \u201ccomplexo\u201d.<\/p>\n\n\n\n<p>No dia seguinte, em um novo boletim, o Vaticano anunciou que o pont\u00edfice estava com uma pneumonia bilateral. A infec\u00e7\u00e3o \u00e9 mais grave do que uma pneumonia comum, j\u00e1 que pode prejudicar a respira\u00e7\u00e3o e a circula\u00e7\u00e3o de oxig\u00eanio pelo organismo de uma forma geral.<\/p>\n\n\n\n<p>At\u00e9 a publica\u00e7\u00e3o desta reportagem, o Vaticano n\u00e3o havia dado detalhes sobre o funeral do papa Francisco. A Igreja Cat\u00f3lica deve se reunir nas pr\u00f3ximas semanas para decidir quem ser\u00e1 o novo papa.<\/p>\n\n\n\n<p><strong>Desafios<\/strong><\/p>\n\n\n\n<p>Apesar de ter sido eleito papa contra a pr\u00f3pria vontade, a carreira de Francisco no catolicismo foi uma escolha pr\u00f3pria do argentino. Formado em Ci\u00eancias Qu\u00edmicas e professor de Literatura, o religioso filho de imigrantes italianos acabou optando por se dedicar aos estudos eclesi\u00e1sticos.<\/p>\n\n\n\n<p>Seu perfil jovial e descontra\u00eddo \u2014 ele gostava de fazer piadas e brincadeiras \u2014 o tornou uma op\u00e7\u00e3o popular entre os colegas cardeais e uma escolha antes de mais nada conjuntural.<\/p>\n\n\n\n<p>A Igreja Cat\u00f3lica vivia ent\u00e3o um de seus momentos mais delicados. A popularidade em baixa e os esc\u00e2ndalos de pedofilia envolvendo padres em todo o mundo s\u00e3o apenas alguns dos desafios que o pont\u00edfice enfrentaria durante seu papado.<\/p>\n\n\n\n<p>A modernidade tamb\u00e9m levou Francisco a lidar com outros assuntos delicados para a Igreja, como os direitos LGBTQIA+ e o sexismo.<\/p>\n\n\n\n<p>Ele foi elogiado por avan\u00e7os como o de permitir b\u00ean\u00e7\u00e3os de padres a casais do mesmo sexo, colocar mulheres em cargos mais altos no Vaticano e permitir que elas votassem no S\u00ednodo dos Bispos \u2014 a reuni\u00e3o em que bispos debatem e decidem quest\u00f5es ideol\u00f3gicas e regimentos internos.<\/p>\n\n\n\n<p>Mas tamb\u00e9m foi criticado por n\u00e3o avan\u00e7ar menos do que o esperado na quest\u00e3o feminina. Francisco terminou seu papado sem permitir sacerdotes do sexo feminino, reivindica\u00e7\u00e3o hist\u00f3rica de parte das cat\u00f3licas.<\/p>\n\n\n\n<p>O papa defendia que apenas crist\u00e3os do sexo masculino poderiam ser ordenados para o sacerd\u00f3cio, usando como base a premissa da Igreja Cat\u00f3lica de que Jesus escolheu homens como ap\u00f3stolos.<\/p>\n\n\n\n<p><strong>combate \u00e0 pobreza<\/strong><\/p>\n\n\n\n<p>O pont\u00edfice tamb\u00e9m ficou marcado por discursos pol\u00edticos durantes serm\u00f5es. N\u00e3o poupou cr\u00edticas a l\u00edderes de pa\u00edses em guerra, como o russo Vladimir Putin e o israelense Benjamin Netanyahu. Ele tamb\u00e9m apontou o dedo para a Uni\u00e3o Europeia ao citar a crise dos refugiados, que come\u00e7ou durante seu papado, em 2015.<\/p>\n\n\n\n<p>Em uma das imagens mais impressionantes e sem precedentes na Igreja Cat\u00f3lica, rezou sozinho na sempre lotada Pra\u00e7a S\u00e3o Pedro, no Vaticano, quando a Covid-19 se espalhou pelo mundo e fez v\u00e1rios pa\u00edses decretarem quarentena.<\/p>\n\n\n\n<p>Mas o combate \u00e0 pobreza sempre foi sua prioridade. Ao ser apontado como o novo papa, ele escolheu o nome de seu novo t\u00edtulo em homenagem a S\u00e3o Francisco de Assis, protetor dos pobres. O lema de seu papado foi \u201c<em>Miserando ataque eligendo<\/em>\u201d \u2014 \u201c<em>Olhou-o com miseric\u00f3rdia e o escolheu<\/em>\u201c, em portugu\u00eas.<\/p>\n\n\n\n<p>As reformas da Igreja Cat\u00f3lica tamb\u00e9m foram outra marca do papado de Francisco. Ele iniciou um processo de reforma das estruturas da C\u00faria, que \u00e9 o governo do Vaticano, com aten\u00e7\u00e3o especial para a parte econ\u00f4mica e financeira.<\/p>\n\n\n\n<p><strong>Francisco, \u2018um grande reformador\u2019<\/strong><\/p>\n\n\n\n<p>Aos 80 anos, com dores no quadril que, por vezes, o faziam perder o equil\u00edbrio, ele n\u00e3o falava de ren\u00fancia, como seu predecessor Bento XVI teve a aud\u00e1cia de fazer.<\/p>\n\n\n\n<p>\u201c<em>Estou indo em frente<\/em>\u201c, disse ele na ocasi\u00e3o, contrariando declara\u00e7\u00f5es mais melanc\u00f3licas feitas antes disso, em mar\u00e7o de 2015: \u201c<em>Tenho a sensa\u00e7\u00e3o de que meu pontificado ser\u00e1 breve, quatro ou cinco anos<\/em>\u201c.<\/p>\n\n\n\n<p>Francisco parecia impulsionado por uma miss\u00e3o urgente: incentivar uma Igreja desertada em alguns pa\u00edses a acompanhar com miseric\u00f3rdia os cat\u00f3licos em situa\u00e7\u00f5es irregulares.<\/p>\n\n\n\n<p>\u201c<em>Podemos falar de uma revolu\u00e7\u00e3o, nos passos do Conc\u00edlio Vaticano II<\/em>\u201d (1962-1965), que abriu a Igreja ao mundo moderno, disse \u00e0 AFP o especialista em Vaticano Marco Politi, em 2016. <\/p>\n\n\n\n<p>(Fonte: g1)<\/p>\n","protected":false},"excerpt":{"rendered":"<p>Jorge Mario Bergoglio, o papa Francisco, morreu aos 88 anos \u00e0s 2h35 pelo hor\u00e1rio de Bras\u00edlia, 7h35 pelo hor\u00e1rio local, desta segunda-feira (21). As informa\u00e7\u00f5es foram confirmadas pelo Vaticano. O pont\u00edfice ocupou o cargo m\u00e1ximo da Igreja Cat\u00f3lica por 12 anos. \u201cO Bispo de Roma, Francisco, retornou \u00e0 casa do Pai. Toda a sua vida [&hellip;]<\/p>\n","protected":false},"author":2,"featured_media":27896,"comment_status":"open","ping_status":"open","sticky":false,"template":"","format":"standard","meta":{"_jetpack_memberships_contains_paid_content":false,"footnotes":""},"categories":[46],"tags":[],"class_list":["post-27895","post","type-post","status-publish","format-standard","has-post-thumbnail","hentry","category-noticia"],"aioseo_notices":[],"jetpack_featured_media_url":"https:\/\/i0.wp.com\/minutobahia24h.com.br\/wp-content\/uploads\/2025\/04\/Sem-titulo-292.jpg?fit=766%2C516&ssl=1","jetpack_sharing_enabled":true,"_links":{"self":[{"href":"https:\/\/minutobahia24h.com.br\/index.php?rest_route=\/wp\/v2\/posts\/27895","targetHints":{"allow":["GET"]}}],"collection":[{"href":"https:\/\/minutobahia24h.com.br\/index.php?rest_route=\/wp\/v2\/posts"}],"about":[{"href":"https:\/\/minutobahia24h.com.br\/index.php?rest_route=\/wp\/v2\/types\/post"}],"author":[{"embeddable":true,"href":"https:\/\/minutobahia24h.com.br\/index.php?rest_route=\/wp\/v2\/users\/2"}],"replies":[{"embeddable":true,"href":"https:\/\/minutobahia24h.com.br\/index.php?rest_route=%2Fwp%2Fv2%2Fcomments&post=27895"}],"version-history":[{"count":1,"href":"https:\/\/minutobahia24h.com.br\/index.php?rest_route=\/wp\/v2\/posts\/27895\/revisions"}],"predecessor-version":[{"id":27897,"href":"https:\/\/minutobahia24h.com.br\/index.php?rest_route=\/wp\/v2\/posts\/27895\/revisions\/27897"}],"wp:featuredmedia":[{"embeddable":true,"href":"https:\/\/minutobahia24h.com.br\/index.php?rest_route=\/wp\/v2\/media\/27896"}],"wp:attachment":[{"href":"https:\/\/minutobahia24h.com.br\/index.php?rest_route=%2Fwp%2Fv2%2Fmedia&parent=27895"}],"wp:term":[{"taxonomy":"category","embeddable":true,"href":"https:\/\/minutobahia24h.com.br\/index.php?rest_route=%2Fwp%2Fv2%2Fcategories&post=27895"},{"taxonomy":"post_tag","embeddable":true,"href":"https:\/\/minutobahia24h.com.br\/index.php?rest_route=%2Fwp%2Fv2%2Ftags&post=27895"}],"curies":[{"name":"wp","href":"https:\/\/api.w.org\/{rel}","templated":true}]}}