{"id":27885,"date":"2025-04-21T07:47:26","date_gmt":"2025-04-21T10:47:26","guid":{"rendered":"https:\/\/minutobahia24h.com.br\/?p=27885"},"modified":"2025-04-21T07:47:28","modified_gmt":"2025-04-21T10:47:28","slug":"lidere-da-universal-edir-macedo-perde-recurso-contra-a-netflix","status":"publish","type":"post","link":"https:\/\/minutobahia24h.com.br\/?p=27885","title":{"rendered":"L\u00eddere da Universal, Edir Macedo perde recurso contra a Netflix"},"content":{"rendered":"<div class=\"wp-block-image\">\n<figure class=\"aligncenter size-large\"><img data-recalc-dims=\"1\" fetchpriority=\"high\" decoding=\"async\" width=\"800\" height=\"420\" src=\"https:\/\/i0.wp.com\/minutobahia24h.com.br\/wp-content\/uploads\/2025\/04\/Sem-titulo-289-1024x538.jpg?resize=800%2C420&#038;ssl=1\" alt=\"\" class=\"wp-image-27887\" srcset=\"https:\/\/i0.wp.com\/minutobahia24h.com.br\/wp-content\/uploads\/2025\/04\/Sem-titulo-289.jpg?resize=1024%2C538&amp;ssl=1 1024w, https:\/\/i0.wp.com\/minutobahia24h.com.br\/wp-content\/uploads\/2025\/04\/Sem-titulo-289.jpg?resize=300%2C158&amp;ssl=1 300w, https:\/\/i0.wp.com\/minutobahia24h.com.br\/wp-content\/uploads\/2025\/04\/Sem-titulo-289.jpg?resize=768%2C403&amp;ssl=1 768w, https:\/\/i0.wp.com\/minutobahia24h.com.br\/wp-content\/uploads\/2025\/04\/Sem-titulo-289.jpg?resize=750%2C394&amp;ssl=1 750w, https:\/\/i0.wp.com\/minutobahia24h.com.br\/wp-content\/uploads\/2025\/04\/Sem-titulo-289.jpg?resize=1140%2C599&amp;ssl=1 1140w, https:\/\/i0.wp.com\/minutobahia24h.com.br\/wp-content\/uploads\/2025\/04\/Sem-titulo-289.jpg?w=1200&amp;ssl=1 1200w\" sizes=\"(max-width: 800px) 100vw, 800px\" \/><figcaption class=\"wp-element-caption\">Foto: Reprodu\u00e7\u00e3o \/ Redes Sociais<br><\/figcaption><\/figure>\n<\/div>\n\n\n<p>O Tribunal de Justi\u00e7a de S\u00e3o Paulo negou o recurso apresentado pela defesa dos bispos Edir Macedo e Renato Cardoso em um processo contra a Netflix. Desde o ano passado, os l\u00edderes religiosos pedem que imagens dos cultos da Igreja Universal sejam retiradas do document\u00e1rio &#8220;O Diabo no Tribunal&#8221;, dispon\u00edvel na plataforma de streaming desde 2023. \u00a0<\/p>\n\n\n\n<p>O document\u00e1rio americano apresenta o caso de um assassinato em que a defesa do autor do crime afirma que ele estava sob possess\u00e3o demon\u00edaca quando matou a v\u00edtima. Durante a produ\u00e7\u00e3o, s\u00e3o exibidas cenas de cultos da Igreja Universal a t\u00edtulo de contexto.\u00a0<\/p>\n\n\n\n<p>Os bispos pedem que a Justi\u00e7a ordene a retirada desses trechos do filme. Eles afirmam que as imagens, capturadas durante uma &#8220;sess\u00e3o de liberta\u00e7\u00e3o&#8221;, foram utilizadas no document\u00e1rio sem autoriza\u00e7\u00e3o e com fins comerciais.\u00a0<\/p>\n\n\n\n<p>J\u00e1 a Netflix defende que os bispos n\u00e3o s\u00e3o criticados e nem sequer identificados no document\u00e1rio. Segundo a empresa, a imposi\u00e7\u00e3o de excluir os trechos seria censura.\u00a0<\/p>\n\n\n\n<p>Na semana passada, desembargadores da terceira C\u00e2mara de Direito Privado do Tribunal de Justi\u00e7a de S\u00e3o Paulo mantiveram a \u00faltima decis\u00e3o, de janeiro, e negaram mais um recurso da igreja, pedindo urg\u00eancia na an\u00e1lise do m\u00e9rito da a\u00e7\u00e3o.\u00a0<\/p>\n\n\n\n<p>Para o tribunal, o suposto preju\u00edzo \u00e0 imagem dos autores j\u00e1 estaria consolidado, uma vez que o document\u00e1rio foi lan\u00e7ado h\u00e1 dois anos e a a\u00e7\u00e3o foi ajuizada somente em outubro passado. Por isso, n\u00e3o haveria urg\u00eancia para a remo\u00e7\u00e3o das cenas antes do contradit\u00f3rio.\u00a0<\/p>\n\n\n\n<p>De acordo com a relatora Viviani Nicolau, Edir Macedo e seu genro, Renato Cardoso, s\u00e3o pessoas p\u00fablicas de conhecimento not\u00f3rio, e as imagens foram capturadas em culto aberto ao p\u00fablico. &#8220;Tais grava\u00e7\u00f5es s\u00e3o utilizadas no document\u00e1rio de forma a contextualizar o exorcismo de uma pessoa possu\u00edda, estando relacionadas, portanto, ao tema central da obra&#8221;, afirmou.\u00a0<\/p>\n\n\n\n<p>Sobre a alega\u00e7\u00e3o de que a obra tem finalidade comercial, ela defendeu que a produ\u00e7\u00e3o se apresenta como pe\u00e7a de natureza informativa, um document\u00e1rio, &#8220;sendo desnecess\u00e1ria, portanto, a pr\u00e9via autoriza\u00e7\u00e3o das pessoas nela relacionadas&#8221;.<\/p>\n\n\n\n<p>BN<\/p>\n","protected":false},"excerpt":{"rendered":"<p>O Tribunal de Justi\u00e7a de S\u00e3o Paulo negou o recurso apresentado pela defesa dos bispos Edir Macedo e Renato Cardoso em um processo contra a Netflix. Desde o ano passado, os l\u00edderes religiosos pedem que imagens dos cultos da Igreja Universal sejam retiradas do document\u00e1rio &#8220;O Diabo no Tribunal&#8221;, dispon\u00edvel na plataforma de streaming desde [&hellip;]<\/p>\n","protected":false},"author":2,"featured_media":27887,"comment_status":"open","ping_status":"open","sticky":false,"template":"","format":"standard","meta":{"_jetpack_memberships_contains_paid_content":false,"footnotes":""},"categories":[23],"tags":[],"class_list":["post-27885","post","type-post","status-publish","format-standard","has-post-thumbnail","hentry","category-justica"],"aioseo_notices":[],"jetpack_featured_media_url":"https:\/\/i0.wp.com\/minutobahia24h.com.br\/wp-content\/uploads\/2025\/04\/Sem-titulo-289.jpg?fit=1200%2C630&ssl=1","jetpack_sharing_enabled":true,"_links":{"self":[{"href":"https:\/\/minutobahia24h.com.br\/index.php?rest_route=\/wp\/v2\/posts\/27885","targetHints":{"allow":["GET"]}}],"collection":[{"href":"https:\/\/minutobahia24h.com.br\/index.php?rest_route=\/wp\/v2\/posts"}],"about":[{"href":"https:\/\/minutobahia24h.com.br\/index.php?rest_route=\/wp\/v2\/types\/post"}],"author":[{"embeddable":true,"href":"https:\/\/minutobahia24h.com.br\/index.php?rest_route=\/wp\/v2\/users\/2"}],"replies":[{"embeddable":true,"href":"https:\/\/minutobahia24h.com.br\/index.php?rest_route=%2Fwp%2Fv2%2Fcomments&post=27885"}],"version-history":[{"count":1,"href":"https:\/\/minutobahia24h.com.br\/index.php?rest_route=\/wp\/v2\/posts\/27885\/revisions"}],"predecessor-version":[{"id":27888,"href":"https:\/\/minutobahia24h.com.br\/index.php?rest_route=\/wp\/v2\/posts\/27885\/revisions\/27888"}],"wp:featuredmedia":[{"embeddable":true,"href":"https:\/\/minutobahia24h.com.br\/index.php?rest_route=\/wp\/v2\/media\/27887"}],"wp:attachment":[{"href":"https:\/\/minutobahia24h.com.br\/index.php?rest_route=%2Fwp%2Fv2%2Fmedia&parent=27885"}],"wp:term":[{"taxonomy":"category","embeddable":true,"href":"https:\/\/minutobahia24h.com.br\/index.php?rest_route=%2Fwp%2Fv2%2Fcategories&post=27885"},{"taxonomy":"post_tag","embeddable":true,"href":"https:\/\/minutobahia24h.com.br\/index.php?rest_route=%2Fwp%2Fv2%2Ftags&post=27885"}],"curies":[{"name":"wp","href":"https:\/\/api.w.org\/{rel}","templated":true}]}}