{"id":27876,"date":"2025-04-21T07:35:26","date_gmt":"2025-04-21T10:35:26","guid":{"rendered":"https:\/\/minutobahia24h.com.br\/?p=27876"},"modified":"2025-04-21T07:35:28","modified_gmt":"2025-04-21T10:35:28","slug":"13o-do-inss-sera-pago-nesta-semana-saiba-quem-recebera","status":"publish","type":"post","link":"https:\/\/minutobahia24h.com.br\/?p=27876","title":{"rendered":"13\u00ba do INSS ser\u00e1 pago nesta semana; saiba quem receber\u00e1"},"content":{"rendered":"<div class=\"wp-block-image\">\n<figure class=\"aligncenter size-full\"><img data-recalc-dims=\"1\" fetchpriority=\"high\" decoding=\"async\" width=\"768\" height=\"432\" src=\"https:\/\/i0.wp.com\/minutobahia24h.com.br\/wp-content\/uploads\/2025\/04\/Sem-titulo-285.jpg?resize=768%2C432&#038;ssl=1\" alt=\"\" class=\"wp-image-27877\" srcset=\"https:\/\/i0.wp.com\/minutobahia24h.com.br\/wp-content\/uploads\/2025\/04\/Sem-titulo-285.jpg?w=768&amp;ssl=1 768w, https:\/\/i0.wp.com\/minutobahia24h.com.br\/wp-content\/uploads\/2025\/04\/Sem-titulo-285.jpg?resize=300%2C169&amp;ssl=1 300w, https:\/\/i0.wp.com\/minutobahia24h.com.br\/wp-content\/uploads\/2025\/04\/Sem-titulo-285.jpg?resize=750%2C422&amp;ssl=1 750w\" sizes=\"(max-width: 768px) 100vw, 768px\" \/><figcaption class=\"wp-element-caption\">13\u00ba do INSS come\u00e7ar\u00e1 a ser pago &#8211;\u00a0Foto: Divulga\u00e7\u00e3o<br><\/figcaption><\/figure>\n<\/div>\n\n\n<p class=\"has-text-align-justify\">A partir desta semana, milh\u00f5es de segurados do\u00a0<a href=\"https:\/\/atarde.com.br\/?q=inss\" target=\"_blank\" rel=\"noreferrer noopener\">Instituto Nacional do Seguro Social (INSS)<\/a>\u00a0come\u00e7am a receber a primeira parcela do\u00a0<a href=\"https:\/\/atarde.com.br\/?q=13%C2%BA+sal%C3%A1rio&amp;d=1\" target=\"_blank\" rel=\"noreferrer noopener\">13\u00ba sal\u00e1rio<\/a>. O pagamento, que contempla aposentados, pensionistas e benefici\u00e1rios de aux\u00edlios como o por incapacidade tempor\u00e1ria (antigo aux\u00edlio-doen\u00e7a), ser\u00e1 feito entre os dias 24 de abril e 8 de maio, conforme o n\u00famero final do benef\u00edcio, sem considerar o d\u00edgito verificador ap\u00f3s o tra\u00e7o.<\/p>\n\n\n\n<p>A medida antecipa um recurso aguardado por muitos segurados e tem como objetivo movimentar a economia e refor\u00e7ar o or\u00e7amento familiar. J\u00e1 a segunda parcela do abono ser\u00e1 depositada entre os dias 26 de maio e 6 de junho.<\/p>\n\n\n\n<p>Receber\u00e3o o 13\u00ba:<\/p>\n\n\n\n<ol class=\"wp-block-list\">\n<li>Aposentados;<\/li>\n\n\n\n<li>Pensionistas;<\/li>\n\n\n\n<li>Benefici\u00e1rios de aux\u00edlio por incapacidade tempor\u00e1ria (aux\u00edlio-doen\u00e7a);<\/li>\n\n\n\n<li>Benefici\u00e1rios de aux\u00edlio-acidente;<\/li>\n\n\n\n<li>Quem recebe aux\u00edlio-reclus\u00e3o.<\/li>\n<\/ol>\n\n\n\n<p>Importante: benefici\u00e1rios do Benef\u00edcio de Presta\u00e7\u00e3o Continuada (BPC) n\u00e3o t\u00eam direito ao 13\u00ba, pois o BPC \u00e9 um benef\u00edcio assistencial, e n\u00e3o previdenci\u00e1rio.<\/p>\n\n\n\n<h3 class=\"wp-block-heading\">Calend\u00e1rio do 13\u00ba do INSS \u2013 Primeira parcela<\/h3>\n\n\n\n<p><strong>Para quem recebe at\u00e9 1 sal\u00e1rio m\u00ednimo:<\/strong><\/p>\n\n\n\n<p>Final 1: 24 de abril<\/p>\n\n\n\n<p>Final 2: 25 de abril<\/p>\n\n\n\n<p>Final 3: 28 de abril<\/p>\n\n\n\n<p>Final 4: 29 de abril<\/p>\n\n\n\n<p>Final 5: 30 de abril<\/p>\n\n\n\n<p>Final 6: 2 de maio<\/p>\n\n\n\n<p>Final 7: 5 de maio<\/p>\n\n\n\n<p>Final 8: 6 de maio<\/p>\n\n\n\n<p>Final 9: 7 de maio<\/p>\n\n\n\n<p>Final 0: 8 de maio<\/p>\n\n\n\n<p><strong>Para quem recebe acima de 1 sal\u00e1rio m\u00ednimo:<\/strong><\/p>\n\n\n\n<p>Finais 1 e 6: 2 de maio<\/p>\n\n\n\n<p>Finais 2 e 7: 5 de maio<\/p>\n\n\n\n<p>Finais 3 e 8: 6 de maio<\/p>\n\n\n\n<p>Finais 4 e 9: 7 de maio<\/p>\n\n\n\n<p>Finais 5 e 0: 8 de maio<\/p>\n\n\n\n<h3 class=\"wp-block-heading\">Calend\u00e1rio do 13\u00ba do INSS \u2013 Segunda parcela<\/h3>\n\n\n\n<p><strong>Para quem recebe at\u00e9 1 sal\u00e1rio m\u00ednimo:<\/strong><\/p>\n\n\n\n<p>Final 1: 26 de maio<\/p>\n\n\n\n<p>Final 2: 27 de maio<\/p>\n\n\n\n<p>Final 3: 28 de maio<\/p>\n\n\n\n<p>Final 4: 29 de maio<\/p>\n\n\n\n<p>Final 5: 30 de maio<\/p>\n\n\n\n<p>Final 6: 2 de junho<\/p>\n\n\n\n<p>Final 7: 3 de junho<\/p>\n\n\n\n<p>Final 8: 4 de junho<\/p>\n\n\n\n<p>Final 9: 5 de junho<\/p>\n\n\n\n<p>Final 0: 6 de junho<\/p>\n\n\n\n<p><strong>Para quem recebe acima de 1 sal\u00e1rio m\u00ednimo:<\/strong><\/p>\n\n\n\n<p>Finais 1 e 6: 2 de junho<\/p>\n\n\n\n<p>Finais 2 e 7: 3 de junho<\/p>\n\n\n\n<p>Finais 3 e 8: 4 de junho<\/p>\n\n\n\n<p>Finais 4 e 9: 5 de junho<\/p>\n\n\n\n<p>Finais 5 e 0: 6 de junho<\/p>\n\n\n\n<p>atarde<\/p>\n","protected":false},"excerpt":{"rendered":"<p>A partir desta semana, milh\u00f5es de segurados do\u00a0Instituto Nacional do Seguro Social (INSS)\u00a0come\u00e7am a receber a primeira parcela do\u00a013\u00ba sal\u00e1rio. O pagamento, que contempla aposentados, pensionistas e benefici\u00e1rios de aux\u00edlios como o por incapacidade tempor\u00e1ria (antigo aux\u00edlio-doen\u00e7a), ser\u00e1 feito entre os dias 24 de abril e 8 de maio, conforme o n\u00famero final do benef\u00edcio, [&hellip;]<\/p>\n","protected":false},"author":2,"featured_media":27877,"comment_status":"open","ping_status":"open","sticky":false,"template":"","format":"standard","meta":{"_jetpack_memberships_contains_paid_content":false,"footnotes":""},"categories":[19],"tags":[],"class_list":["post-27876","post","type-post","status-publish","format-standard","has-post-thumbnail","hentry","category-economia"],"aioseo_notices":[],"jetpack_featured_media_url":"https:\/\/i0.wp.com\/minutobahia24h.com.br\/wp-content\/uploads\/2025\/04\/Sem-titulo-285.jpg?fit=768%2C432&ssl=1","jetpack_sharing_enabled":true,"_links":{"self":[{"href":"https:\/\/minutobahia24h.com.br\/index.php?rest_route=\/wp\/v2\/posts\/27876","targetHints":{"allow":["GET"]}}],"collection":[{"href":"https:\/\/minutobahia24h.com.br\/index.php?rest_route=\/wp\/v2\/posts"}],"about":[{"href":"https:\/\/minutobahia24h.com.br\/index.php?rest_route=\/wp\/v2\/types\/post"}],"author":[{"embeddable":true,"href":"https:\/\/minutobahia24h.com.br\/index.php?rest_route=\/wp\/v2\/users\/2"}],"replies":[{"embeddable":true,"href":"https:\/\/minutobahia24h.com.br\/index.php?rest_route=%2Fwp%2Fv2%2Fcomments&post=27876"}],"version-history":[{"count":1,"href":"https:\/\/minutobahia24h.com.br\/index.php?rest_route=\/wp\/v2\/posts\/27876\/revisions"}],"predecessor-version":[{"id":27878,"href":"https:\/\/minutobahia24h.com.br\/index.php?rest_route=\/wp\/v2\/posts\/27876\/revisions\/27878"}],"wp:featuredmedia":[{"embeddable":true,"href":"https:\/\/minutobahia24h.com.br\/index.php?rest_route=\/wp\/v2\/media\/27877"}],"wp:attachment":[{"href":"https:\/\/minutobahia24h.com.br\/index.php?rest_route=%2Fwp%2Fv2%2Fmedia&parent=27876"}],"wp:term":[{"taxonomy":"category","embeddable":true,"href":"https:\/\/minutobahia24h.com.br\/index.php?rest_route=%2Fwp%2Fv2%2Fcategories&post=27876"},{"taxonomy":"post_tag","embeddable":true,"href":"https:\/\/minutobahia24h.com.br\/index.php?rest_route=%2Fwp%2Fv2%2Ftags&post=27876"}],"curies":[{"name":"wp","href":"https:\/\/api.w.org\/{rel}","templated":true}]}}