{"id":27757,"date":"2025-04-16T15:13:56","date_gmt":"2025-04-16T18:13:56","guid":{"rendered":"https:\/\/minutobahia24h.com.br\/?p=27757"},"modified":"2025-04-16T15:29:59","modified_gmt":"2025-04-16T18:29:59","slug":"reuniao-com-novo-comandante-da-pm-reune-comunidade-e-autoridades-em-missao-do-sahy","status":"publish","type":"post","link":"https:\/\/minutobahia24h.com.br\/?p=27757","title":{"rendered":"Reuni\u00e3o com novo comandante da PM re\u00fane comunidade e autoridades em Miss\u00e3o do Sahy"},"content":{"rendered":"<div class=\"wp-block-image\">\n<figure class=\"aligncenter size-large\"><img data-recalc-dims=\"1\" fetchpriority=\"high\" decoding=\"async\" width=\"800\" height=\"450\" src=\"https:\/\/i0.wp.com\/minutobahia24h.com.br\/wp-content\/uploads\/2025\/04\/WhatsApp-Image-2025-04-16-at-15.02.27-1024x576.jpeg?resize=800%2C450&#038;ssl=1\" alt=\"\" class=\"wp-image-27758\" srcset=\"https:\/\/i0.wp.com\/minutobahia24h.com.br\/wp-content\/uploads\/2025\/04\/WhatsApp-Image-2025-04-16-at-15.02.27-scaled.jpeg?resize=1024%2C576&amp;ssl=1 1024w, https:\/\/i0.wp.com\/minutobahia24h.com.br\/wp-content\/uploads\/2025\/04\/WhatsApp-Image-2025-04-16-at-15.02.27-scaled.jpeg?resize=300%2C169&amp;ssl=1 300w, https:\/\/i0.wp.com\/minutobahia24h.com.br\/wp-content\/uploads\/2025\/04\/WhatsApp-Image-2025-04-16-at-15.02.27-scaled.jpeg?resize=768%2C432&amp;ssl=1 768w, https:\/\/i0.wp.com\/minutobahia24h.com.br\/wp-content\/uploads\/2025\/04\/WhatsApp-Image-2025-04-16-at-15.02.27-scaled.jpeg?resize=1536%2C864&amp;ssl=1 1536w, https:\/\/i0.wp.com\/minutobahia24h.com.br\/wp-content\/uploads\/2025\/04\/WhatsApp-Image-2025-04-16-at-15.02.27-scaled.jpeg?resize=2048%2C1152&amp;ssl=1 2048w, https:\/\/i0.wp.com\/minutobahia24h.com.br\/wp-content\/uploads\/2025\/04\/WhatsApp-Image-2025-04-16-at-15.02.27-scaled.jpeg?resize=750%2C422&amp;ssl=1 750w, https:\/\/i0.wp.com\/minutobahia24h.com.br\/wp-content\/uploads\/2025\/04\/WhatsApp-Image-2025-04-16-at-15.02.27-scaled.jpeg?resize=1140%2C641&amp;ssl=1 1140w, https:\/\/i0.wp.com\/minutobahia24h.com.br\/wp-content\/uploads\/2025\/04\/WhatsApp-Image-2025-04-16-at-15.02.27-scaled.jpeg?w=1600 1600w, https:\/\/i0.wp.com\/minutobahia24h.com.br\/wp-content\/uploads\/2025\/04\/WhatsApp-Image-2025-04-16-at-15.02.27-scaled.jpeg?w=2400 2400w\" sizes=\"(max-width: 800px) 100vw, 800px\" \/><\/figure>\n<\/div>\n\n\n<p>Na noite desta ter\u00e7a-feira (15), o distrito de Miss\u00e3o do Sahy, em Senhor do Bonfim, foi palco de uma importante reuni\u00e3o entre moradores e o novo comandante do 6\u00ba Batalh\u00e3o de Pol\u00edcia Militar \u2013 6\u00ba BPM de Senhor do Bonfim, Tenente-Coronel PM Mascarenhas. A iniciativa foi articulada pela Associa\u00e7\u00e3o de Pequenos Produtores de Miss\u00e3o do Sahy, representada pela sua presidente Edileuza Lopez, em conjunto com o Conselho Municipal de Seguran\u00e7a P\u00fablica, presidido pela senhora Mara Lisboa.<\/p>\n\n\n\n<p>O encontro teve como objetivo estreitar os la\u00e7os entre a Pol\u00edcia Militar e a comunidade, al\u00e9m de apresentar um resumo das a\u00e7\u00f5es desenvolvidas pela corpora\u00e7\u00e3o em todo o munic\u00edpio nos \u00faltimos 30 dias com o novo comandante.<\/p>\n\n\n<div class=\"wp-block-image\">\n<figure class=\"aligncenter size-large\"><img data-recalc-dims=\"1\" decoding=\"async\" width=\"800\" height=\"450\" src=\"https:\/\/i0.wp.com\/minutobahia24h.com.br\/wp-content\/uploads\/2025\/04\/WhatsApp-Image-2025-04-16-at-15.02.26-1024x576.jpeg?resize=800%2C450&#038;ssl=1\" alt=\"\" class=\"wp-image-27759\" srcset=\"https:\/\/i0.wp.com\/minutobahia24h.com.br\/wp-content\/uploads\/2025\/04\/WhatsApp-Image-2025-04-16-at-15.02.26-scaled.jpeg?resize=1024%2C576&amp;ssl=1 1024w, https:\/\/i0.wp.com\/minutobahia24h.com.br\/wp-content\/uploads\/2025\/04\/WhatsApp-Image-2025-04-16-at-15.02.26-scaled.jpeg?resize=300%2C169&amp;ssl=1 300w, https:\/\/i0.wp.com\/minutobahia24h.com.br\/wp-content\/uploads\/2025\/04\/WhatsApp-Image-2025-04-16-at-15.02.26-scaled.jpeg?resize=768%2C432&amp;ssl=1 768w, https:\/\/i0.wp.com\/minutobahia24h.com.br\/wp-content\/uploads\/2025\/04\/WhatsApp-Image-2025-04-16-at-15.02.26-scaled.jpeg?resize=1536%2C864&amp;ssl=1 1536w, https:\/\/i0.wp.com\/minutobahia24h.com.br\/wp-content\/uploads\/2025\/04\/WhatsApp-Image-2025-04-16-at-15.02.26-scaled.jpeg?resize=2048%2C1152&amp;ssl=1 2048w, https:\/\/i0.wp.com\/minutobahia24h.com.br\/wp-content\/uploads\/2025\/04\/WhatsApp-Image-2025-04-16-at-15.02.26-scaled.jpeg?resize=750%2C422&amp;ssl=1 750w, https:\/\/i0.wp.com\/minutobahia24h.com.br\/wp-content\/uploads\/2025\/04\/WhatsApp-Image-2025-04-16-at-15.02.26-scaled.jpeg?resize=1140%2C641&amp;ssl=1 1140w, https:\/\/i0.wp.com\/minutobahia24h.com.br\/wp-content\/uploads\/2025\/04\/WhatsApp-Image-2025-04-16-at-15.02.26-scaled.jpeg?w=1600 1600w, https:\/\/i0.wp.com\/minutobahia24h.com.br\/wp-content\/uploads\/2025\/04\/WhatsApp-Image-2025-04-16-at-15.02.26-scaled.jpeg?w=2400 2400w\" sizes=\"(max-width: 800px) 100vw, 800px\" \/><\/figure>\n<\/div>\n\n\n<p>Durante sua fala, o Tenente-Coronel PM Mascarenhas destacou as opera\u00e7\u00f5es em andamento, como a Asa Branca, Sossego P\u00fablico, Cidade Segura, Escolta Segura, Amanhecer Seguro, CVLI Harpia e For\u00e7a Total. \u201cA popula\u00e7\u00e3o atendida pelo 6\u00ba Batalh\u00e3o pode contar com o meu empenho e dedica\u00e7\u00e3o, sobretudo o distrito de Miss\u00e3o do Sahy, que ter\u00e1 sempre nossa aten\u00e7\u00e3o e presen\u00e7a. Estou \u00e0 disposi\u00e7\u00e3o de todos para dialogar e construir solu\u00e7\u00f5es em conjunto\u201d, afirmou o comandante.<\/p>\n\n\n<div class=\"wp-block-image\">\n<figure class=\"aligncenter size-large\"><img data-recalc-dims=\"1\" decoding=\"async\" width=\"800\" height=\"548\" src=\"https:\/\/i0.wp.com\/minutobahia24h.com.br\/wp-content\/uploads\/2025\/04\/WhatsApp-Image-2025-04-16-at-15.02.56-1024x702.jpeg?resize=800%2C548&#038;ssl=1\" alt=\"\" class=\"wp-image-27760\" srcset=\"https:\/\/i0.wp.com\/minutobahia24h.com.br\/wp-content\/uploads\/2025\/04\/WhatsApp-Image-2025-04-16-at-15.02.56-scaled.jpeg?resize=1024%2C702&amp;ssl=1 1024w, https:\/\/i0.wp.com\/minutobahia24h.com.br\/wp-content\/uploads\/2025\/04\/WhatsApp-Image-2025-04-16-at-15.02.56-scaled.jpeg?resize=300%2C206&amp;ssl=1 300w, https:\/\/i0.wp.com\/minutobahia24h.com.br\/wp-content\/uploads\/2025\/04\/WhatsApp-Image-2025-04-16-at-15.02.56-scaled.jpeg?resize=768%2C526&amp;ssl=1 768w, https:\/\/i0.wp.com\/minutobahia24h.com.br\/wp-content\/uploads\/2025\/04\/WhatsApp-Image-2025-04-16-at-15.02.56-scaled.jpeg?resize=1536%2C1053&amp;ssl=1 1536w, https:\/\/i0.wp.com\/minutobahia24h.com.br\/wp-content\/uploads\/2025\/04\/WhatsApp-Image-2025-04-16-at-15.02.56-scaled.jpeg?resize=2048%2C1403&amp;ssl=1 2048w, https:\/\/i0.wp.com\/minutobahia24h.com.br\/wp-content\/uploads\/2025\/04\/WhatsApp-Image-2025-04-16-at-15.02.56-scaled.jpeg?resize=750%2C514&amp;ssl=1 750w, https:\/\/i0.wp.com\/minutobahia24h.com.br\/wp-content\/uploads\/2025\/04\/WhatsApp-Image-2025-04-16-at-15.02.56-scaled.jpeg?resize=1140%2C781&amp;ssl=1 1140w, https:\/\/i0.wp.com\/minutobahia24h.com.br\/wp-content\/uploads\/2025\/04\/WhatsApp-Image-2025-04-16-at-15.02.56-scaled.jpeg?w=1600 1600w, https:\/\/i0.wp.com\/minutobahia24h.com.br\/wp-content\/uploads\/2025\/04\/WhatsApp-Image-2025-04-16-at-15.02.56-scaled.jpeg?w=2400 2400w\" sizes=\"(max-width: 800px) 100vw, 800px\" \/><\/figure>\n<\/div>\n\n\n<p>Tamb\u00e9m participaram da reuni\u00e3o o subcomandante, Major PM Teixeira, e o Chefe de Planejamento Major PM Robston, refor\u00e7ando o comprometimento da c\u00fapula do batalh\u00e3o com a seguran\u00e7a p\u00fablica da regi\u00e3o. Quem tamb\u00e9m esteve presente no encontro foram os assessores do deputado estadual Bob\u00f4, mantendo o di\u00e1logo entre a esfera legislativa e a comunidade local, em busca de melhorias efetivas na seguran\u00e7a p\u00fablica.<\/p>\n","protected":false},"excerpt":{"rendered":"<p>Na noite desta ter\u00e7a-feira (15), o distrito de Miss\u00e3o do Sahy, em Senhor do Bonfim, foi palco de uma importante reuni\u00e3o entre moradores e o novo comandante do 6\u00ba Batalh\u00e3o de Pol\u00edcia Militar \u2013 6\u00ba BPM de Senhor do Bonfim, Tenente-Coronel PM Mascarenhas. A iniciativa foi articulada pela Associa\u00e7\u00e3o de Pequenos Produtores de Miss\u00e3o do [&hellip;]<\/p>\n","protected":false},"author":2,"featured_media":27758,"comment_status":"open","ping_status":"open","sticky":false,"template":"","format":"standard","meta":{"_jetpack_memberships_contains_paid_content":false,"footnotes":""},"categories":[3],"tags":[],"class_list":["post-27757","post","type-post","status-publish","format-standard","has-post-thumbnail","hentry","category-regional"],"aioseo_notices":[],"jetpack_featured_media_url":"https:\/\/i0.wp.com\/minutobahia24h.com.br\/wp-content\/uploads\/2025\/04\/WhatsApp-Image-2025-04-16-at-15.02.27-scaled.jpeg?fit=2560%2C1440&ssl=1","jetpack_sharing_enabled":true,"_links":{"self":[{"href":"https:\/\/minutobahia24h.com.br\/index.php?rest_route=\/wp\/v2\/posts\/27757","targetHints":{"allow":["GET"]}}],"collection":[{"href":"https:\/\/minutobahia24h.com.br\/index.php?rest_route=\/wp\/v2\/posts"}],"about":[{"href":"https:\/\/minutobahia24h.com.br\/index.php?rest_route=\/wp\/v2\/types\/post"}],"author":[{"embeddable":true,"href":"https:\/\/minutobahia24h.com.br\/index.php?rest_route=\/wp\/v2\/users\/2"}],"replies":[{"embeddable":true,"href":"https:\/\/minutobahia24h.com.br\/index.php?rest_route=%2Fwp%2Fv2%2Fcomments&post=27757"}],"version-history":[{"count":2,"href":"https:\/\/minutobahia24h.com.br\/index.php?rest_route=\/wp\/v2\/posts\/27757\/revisions"}],"predecessor-version":[{"id":27763,"href":"https:\/\/minutobahia24h.com.br\/index.php?rest_route=\/wp\/v2\/posts\/27757\/revisions\/27763"}],"wp:featuredmedia":[{"embeddable":true,"href":"https:\/\/minutobahia24h.com.br\/index.php?rest_route=\/wp\/v2\/media\/27758"}],"wp:attachment":[{"href":"https:\/\/minutobahia24h.com.br\/index.php?rest_route=%2Fwp%2Fv2%2Fmedia&parent=27757"}],"wp:term":[{"taxonomy":"category","embeddable":true,"href":"https:\/\/minutobahia24h.com.br\/index.php?rest_route=%2Fwp%2Fv2%2Fcategories&post=27757"},{"taxonomy":"post_tag","embeddable":true,"href":"https:\/\/minutobahia24h.com.br\/index.php?rest_route=%2Fwp%2Fv2%2Ftags&post=27757"}],"curies":[{"name":"wp","href":"https:\/\/api.w.org\/{rel}","templated":true}]}}