{"id":27741,"date":"2025-04-16T07:58:11","date_gmt":"2025-04-16T10:58:11","guid":{"rendered":"https:\/\/minutobahia24h.com.br\/?p=27741"},"modified":"2025-04-16T07:58:13","modified_gmt":"2025-04-16T10:58:13","slug":"espanha-nega-extradicao-de-blogueiro-e-moraes-suspende-trato-envolvendo-bulgaro-entenda","status":"publish","type":"post","link":"https:\/\/minutobahia24h.com.br\/?p=27741","title":{"rendered":"Espanha nega extradi\u00e7\u00e3o de blogueiro e Moraes suspende trato envolvendo b\u00falgaro; entenda"},"content":{"rendered":"<div class=\"wp-block-image\">\n<figure class=\"aligncenter size-full\"><img data-recalc-dims=\"1\" fetchpriority=\"high\" decoding=\"async\" width=\"601\" height=\"420\" src=\"https:\/\/i0.wp.com\/minutobahia24h.com.br\/wp-content\/uploads\/2025\/04\/Sem-titulo-256.jpg?resize=601%2C420&#038;ssl=1\" alt=\"\" class=\"wp-image-27742\" srcset=\"https:\/\/i0.wp.com\/minutobahia24h.com.br\/wp-content\/uploads\/2025\/04\/Sem-titulo-256.jpg?w=601&amp;ssl=1 601w, https:\/\/i0.wp.com\/minutobahia24h.com.br\/wp-content\/uploads\/2025\/04\/Sem-titulo-256.jpg?resize=300%2C210&amp;ssl=1 300w\" sizes=\"(max-width: 601px) 100vw, 601px\" \/><figcaption class=\"wp-element-caption\">Foto: Joedson Alves\/Agencia Brasil<br><\/figcaption><\/figure>\n<\/div>\n\n\n<p>A Justi\u00e7a da Espanha negou o pedido do governo brasileiro para extraditar o blogueiro bolsonarista Oswaldo Eust\u00e1quio, investigado pelo Supremo Tribunal Federal (STF) pela acusa\u00e7\u00e3o de envolvimento em atos antidemocr\u00e1ticos. A decis\u00e3o foi recebida pelo Brasil nesta ter\u00e7a-feira (15). Ao mesmo tempo, o ministro do Supremo Tribunal Federal (STF) Alexandre de Moraes suspendeu o processo de envio de um cidad\u00e3o b\u00falgaro que teria cometido crimes no pa\u00eds europeu, em 2022.<\/p>\n\n\n\n<p>\u201cEm mat\u00e9ria extradicional, \u00e9 pac\u00edfico o entendimento do Supremo Tribunal Federal no sentido da exigibilidade da reciprocidade pelo pa\u00eds requerente, sendo que, a aus\u00eancia deste requisito obsta o pr\u00f3prio seguimento do pedido\u201d, diz o ministro na decis\u00e3o.<\/p>\n\n\n\n<p>Militante radical, Eust\u00e1quio participou publicamente dos acampamentos que pediam o golpe de estado no final de 2023. Segundo a Pol\u00edcia Federal, o blogueiro chegou a se refugiar no Pal\u00e1cio da Alvorado com medo de ser preso. Ele deixou o Brasil em meio \u00e0s investiga\u00e7\u00f5es e foi para a Espanha. A Justi\u00e7a espanhola negou o pedido de extradi\u00e7\u00e3o sob o argumento da investiga\u00e7\u00e3o ter \u201cmotiva\u00e7\u00e3o pol\u00edtica\u201d.<\/p>\n\n\n\n<p>J\u00e1 o caso interrompido por Moraes envolve o b\u00falgaro Vasil Gergiev Vasilev, que \u00e9 procurado na Espanha por tr\u00e1fico de drogas. Segundo a Interpol, ele teria transportado 52 quilos de coca\u00edna por Barcelona em malas que deveriam ser entregues para um outro investigado em outubro de 2022. O outro suspeito foi detido no dia seguinte.<\/p>\n\n\n\n<p>Vasilev foi preso no m\u00eas passado. Com a suspens\u00e3o da extradi\u00e7\u00e3o, ele deixar\u00e1 a cadeia para cumprir pris\u00e3o domiciliar, mediante monitoramento por tornozeleira eletr\u00f4nica.<\/p>\n\n\n\n<p>Na decis\u00e3o, Moraes deu prazo de cinco dias para o embaixador da Espanha no Brasil prestar esclarecimentos. A Advocacia-Geral da Uni\u00e3o (AGU), o Minist\u00e9rio da Justi\u00e7a (MJ) e o Itamaraty v\u00e3o recorrer da decis\u00e3o espanhola de negar a extradi\u00e7\u00e3o de Oswaldo Eust\u00e1quio.<\/p>\n\n\n\n<p>Bahia.ba<\/p>\n","protected":false},"excerpt":{"rendered":"<p>A Justi\u00e7a da Espanha negou o pedido do governo brasileiro para extraditar o blogueiro bolsonarista Oswaldo Eust\u00e1quio, investigado pelo Supremo Tribunal Federal (STF) pela acusa\u00e7\u00e3o de envolvimento em atos antidemocr\u00e1ticos. A decis\u00e3o foi recebida pelo Brasil nesta ter\u00e7a-feira (15). Ao mesmo tempo, o ministro do Supremo Tribunal Federal (STF) Alexandre de Moraes suspendeu o processo [&hellip;]<\/p>\n","protected":false},"author":2,"featured_media":27742,"comment_status":"open","ping_status":"open","sticky":false,"template":"","format":"standard","meta":{"_jetpack_memberships_contains_paid_content":false,"footnotes":""},"categories":[39],"tags":[],"class_list":["post-27741","post","type-post","status-publish","format-standard","has-post-thumbnail","hentry","category-politica"],"aioseo_notices":[],"jetpack_featured_media_url":"https:\/\/i0.wp.com\/minutobahia24h.com.br\/wp-content\/uploads\/2025\/04\/Sem-titulo-256.jpg?fit=601%2C420&ssl=1","jetpack_sharing_enabled":true,"_links":{"self":[{"href":"https:\/\/minutobahia24h.com.br\/index.php?rest_route=\/wp\/v2\/posts\/27741","targetHints":{"allow":["GET"]}}],"collection":[{"href":"https:\/\/minutobahia24h.com.br\/index.php?rest_route=\/wp\/v2\/posts"}],"about":[{"href":"https:\/\/minutobahia24h.com.br\/index.php?rest_route=\/wp\/v2\/types\/post"}],"author":[{"embeddable":true,"href":"https:\/\/minutobahia24h.com.br\/index.php?rest_route=\/wp\/v2\/users\/2"}],"replies":[{"embeddable":true,"href":"https:\/\/minutobahia24h.com.br\/index.php?rest_route=%2Fwp%2Fv2%2Fcomments&post=27741"}],"version-history":[{"count":1,"href":"https:\/\/minutobahia24h.com.br\/index.php?rest_route=\/wp\/v2\/posts\/27741\/revisions"}],"predecessor-version":[{"id":27743,"href":"https:\/\/minutobahia24h.com.br\/index.php?rest_route=\/wp\/v2\/posts\/27741\/revisions\/27743"}],"wp:featuredmedia":[{"embeddable":true,"href":"https:\/\/minutobahia24h.com.br\/index.php?rest_route=\/wp\/v2\/media\/27742"}],"wp:attachment":[{"href":"https:\/\/minutobahia24h.com.br\/index.php?rest_route=%2Fwp%2Fv2%2Fmedia&parent=27741"}],"wp:term":[{"taxonomy":"category","embeddable":true,"href":"https:\/\/minutobahia24h.com.br\/index.php?rest_route=%2Fwp%2Fv2%2Fcategories&post=27741"},{"taxonomy":"post_tag","embeddable":true,"href":"https:\/\/minutobahia24h.com.br\/index.php?rest_route=%2Fwp%2Fv2%2Ftags&post=27741"}],"curies":[{"name":"wp","href":"https:\/\/api.w.org\/{rel}","templated":true}]}}