{"id":27735,"date":"2025-04-16T07:53:44","date_gmt":"2025-04-16T10:53:44","guid":{"rendered":"https:\/\/minutobahia24h.com.br\/?p=27735"},"modified":"2025-04-16T07:53:46","modified_gmt":"2025-04-16T10:53:46","slug":"minha-casa-minha-vida-veja-como-ficam-as-regras-do-programa-com-nova-faixa-4-para-a-classe-media","status":"publish","type":"post","link":"https:\/\/minutobahia24h.com.br\/?p=27735","title":{"rendered":"Minha Casa, Minha Vida: veja como ficam as regras do programa com nova &#8216;Faixa 4&#8217; para a classe m\u00e9dia"},"content":{"rendered":"<div class=\"wp-block-image\">\n<figure class=\"aligncenter size-full\"><img data-recalc-dims=\"1\" fetchpriority=\"high\" decoding=\"async\" width=\"800\" height=\"450\" src=\"https:\/\/i0.wp.com\/minutobahia24h.com.br\/wp-content\/uploads\/2025\/04\/Sem-titulo-254.jpg?resize=800%2C450&#038;ssl=1\" alt=\"\" class=\"wp-image-27736\" srcset=\"https:\/\/i0.wp.com\/minutobahia24h.com.br\/wp-content\/uploads\/2025\/04\/Sem-titulo-254.jpg?w=984&amp;ssl=1 984w, https:\/\/i0.wp.com\/minutobahia24h.com.br\/wp-content\/uploads\/2025\/04\/Sem-titulo-254.jpg?resize=300%2C169&amp;ssl=1 300w, https:\/\/i0.wp.com\/minutobahia24h.com.br\/wp-content\/uploads\/2025\/04\/Sem-titulo-254.jpg?resize=768%2C432&amp;ssl=1 768w, https:\/\/i0.wp.com\/minutobahia24h.com.br\/wp-content\/uploads\/2025\/04\/Sem-titulo-254.jpg?resize=750%2C422&amp;ssl=1 750w\" sizes=\"(max-width: 800px) 100vw, 800px\" \/><figcaption class=\"wp-element-caption\">Pr\u00e9dios em constru\u00e7\u00e3o na cidade de S\u00e3o Paulo \u2014 Foto: Luiz Franco\/g1<br><br><\/figcaption><\/figure>\n<\/div>\n\n\n<p>O governo federal anunciou neste m\u00eas novas regras para o&nbsp;<a class=\"\" href=\"https:\/\/g1.globo.com\/tudo-sobre\/minha-casa-minha-vida\/\">programa Minha Casa, Minha Vida<\/a>. O novo modelo inclui a amplia\u00e7\u00e3o do financiamento habitacional para fam\u00edlias com renda de at\u00e9 R$ 12 mil.<\/p>\n\n\n\n<p>Essas fam\u00edlias v\u00e3o compor a chamada &#8220;Faixa 4&#8221; do programa e, segundo o governo, ter\u00e3o acesso a juros menores que os praticados atualmente no mercado.<\/p>\n\n\n\n<p>A nova faixa deve&nbsp;<strong>come\u00e7ar a valer na primeira quinzena de maio<\/strong>&nbsp;\u2013 a data exata ainda n\u00e3o foi informada. As regras foram<a class=\"\" href=\"https:\/\/g1.globo.com\/economia\/noticia\/2025\/04\/15\/conselho-do-fgts-aprova-ampliacao-do-minha-casa-minha-vida-para-classe-media.ghtml\">&nbsp;aprovadas nesta ter\u00e7a-feira (15) pelo Conselho Curador do FGTS<\/a>.<\/p>\n\n\n\n<h2 class=\"wp-block-heading\">Faixa 4<\/h2>\n\n\n\n<p>A nova faixa do Minha Casa, Minha Vida ser\u00e1 voltada para fam\u00edlias que t\u00eam&nbsp;<strong>renda mensal entre R$ 8,6 mil e R$ 12 mil<\/strong>.<\/p>\n\n\n\n<p>Essas fam\u00edlias poder\u00e3o financiar&nbsp;<strong>im\u00f3veis que tenham um valor total de at\u00e9 R$ 500 mil<\/strong>.<\/p>\n\n\n\n<p>Entre as condi\u00e7\u00f5es j\u00e1 anunciadas, est\u00e3o:<\/p>\n\n\n\n<ul class=\"wp-block-list\">\n<li>financiamento de at\u00e9\u00a0<strong>420 meses (35 anos)<\/strong><\/li>\n\n\n\n<li>taxa de juros de\u00a0<strong>10%<\/strong>\u00a0ao ano, abaixo das taxas atuais de mercado (acima de\u00a0<strong>11,5%\u00a0<\/strong>ao ano)<\/li>\n\n\n\n<li>sem subs\u00eddio do governo \u2013 ou seja, a fam\u00edlia paga o valor integral do im\u00f3vel<\/li>\n<\/ul>\n\n\n\n<p>\ud83c\udfe0A medida, segundo o governo, representar\u00e1 um potencial de atendimento inicial a&nbsp;<strong>120 mil&nbsp;<\/strong>novas fam\u00edlias.<\/p>\n\n\n\n<p>\u27a1\ufe0fEsse \u00e9 um novo aceno do presidente&nbsp;<a class=\"\" href=\"https:\/\/g1.globo.com\/tudo-sobre\/luiz-inacio-lula-da-silva\/\">Luiz In\u00e1cio Lula da Silva<\/a>&nbsp;(<a class=\"\" href=\"https:\/\/g1.globo.com\/politica\/partido\/pt\/\">PT<\/a>) \u00e0 classe m\u00e9dia,&nbsp;<a class=\"\" href=\"https:\/\/g1.globo.com\/politica\/blog\/valdo-cruz\/post\/2025\/03\/19\/aposta-de-lula-para-eleicao-minha-casa-minha-vida-ganha-mais-recursos-no-orcamento-de-2025.ghtml\">um ano antes das elei\u00e7\u00f5es presidenciais<\/a>&nbsp;marcadas para 2026.<\/p>\n\n\n\n<p>O Conselho do&nbsp;<a class=\"\" href=\"https:\/\/g1.globo.com\/tudo-sobre\/fgts\/\">FGTS<\/a>&nbsp;tamb\u00e9m aprovou nesta ter\u00e7a-feira (15) o reajuste no teto da renda familiar para as faixas do Minha Casa, Minha Vida.<\/p>\n\n\n\n<ul class=\"wp-block-list\">\n<li><strong>Faixa 1<\/strong>: fam\u00edlias com renda de at\u00e9\u00a0<strong>R$ 2.850<\/strong>\u00a0<strong>mensais\u00a0<\/strong>(eram R$ 2.640);<\/li>\n\n\n\n<li><strong>Faixa 2<\/strong>: fam\u00edlias com renda de at\u00e9\u00a0<strong>R$ 4,7 mil mensais\u00a0<\/strong>(eram R$ 4,4 mil)<strong>;<\/strong><\/li>\n\n\n\n<li><strong>Faixa 3<\/strong>: fam\u00edlias com renda de at\u00e9 R$<strong>\u00a08,6 mil mensais\u00a0<\/strong>(eram<strong>\u00a0<\/strong>R$ 8 mil).<\/li>\n<\/ul>\n\n\n\n<p>De acordo com o&nbsp;<a class=\"\" href=\"https:\/\/g1.globo.com\/tudo-sobre\/ministerio-das-cidades\/\">Minist\u00e9rio das Cidades<\/a>,<strong>&nbsp;100 mil<\/strong>&nbsp;fam\u00edlias ser\u00e3o beneficiadas com a mudan\u00e7a nos limites das faixas de renda.<\/p>\n\n\n\n<p>\ud83d\udcb3 Segundo o governo, essas faixas de renda n\u00e3o consideram pagamentos de aux\u00edlio-doen\u00e7a, aux\u00edlio-acidente, seguro-desemprego, Benef\u00edcio de Presta\u00e7\u00e3o Continuada (BPC) e Bolsa Fam\u00edlia.<\/p>\n\n\n\n<p>\ud83d\udcb3 Quem recebe BPC e Bolsa Fam\u00edlia, ali\u00e1s, n\u00e3o precisa nem pagar presta\u00e7\u00f5es. O im\u00f3vel do Minha Casa, Minha Vida \u00e9 100% subsidiado pelo governo.<\/p>\n\n\n\n<h2 class=\"wp-block-heading\"><strong>Novas regras para o interior do pa\u00eds<\/strong><\/h2>\n\n\n\n<p>O Conselho do FGTS tamb\u00e9m deu permiss\u00e3o para o governo ajustar o valor m\u00e1ximo dos im\u00f3veis a serem financiados em munic\u00edpios de at\u00e9 100 mil habitantes. A ideia \u00e9 ajudar a &#8220;interiorizar&#8221; os investimentos do FGTS no financiamento habitacional.<\/p>\n\n\n\n<p>\ud83d\udcb5Nesses locais, os novos limites ser\u00e3o de&nbsp;<strong>R$ 210<\/strong>&nbsp;mil a&nbsp;<strong>R$ 230 mil<\/strong>&nbsp;\u2013 um aumento de&nbsp;<strong>11%<\/strong>&nbsp;a&nbsp;<strong>16%<\/strong>&nbsp;em rela\u00e7\u00e3o aos valores atuais.<\/p>\n\n\n\n<p>As mudan\u00e7as tamb\u00e9m incluem um ajuste para permitir que fam\u00edlias com renda de at\u00e9&nbsp;<strong>R$ 4,7 mil<\/strong>&nbsp;(hoje, nas faixas de renda 1 e 2) possam adquirir im\u00f3veis com teto de financiamento da Faixa 3, com teto de&nbsp;<strong>R$ 350 mil<\/strong>.<\/p>\n\n\n\n<p>De acordo com a decis\u00e3o, isso poder\u00e1 ser feito, mas o financiamento ter\u00e1 as condi\u00e7\u00f5es da Faixa 3:<\/p>\n\n\n\n<ul class=\"wp-block-list\">\n<li>juros entre\u00a0<strong>7,66%<\/strong>\u00a0e<strong>\u00a08,16%\u00a0<\/strong>ao ano<\/li>\n\n\n\n<li>sem acesso a descontos<\/li>\n<\/ul>\n\n\n\n<p><\/p>\n","protected":false},"excerpt":{"rendered":"<p>O governo federal anunciou neste m\u00eas novas regras para o&nbsp;programa Minha Casa, Minha Vida. O novo modelo inclui a amplia\u00e7\u00e3o do financiamento habitacional para fam\u00edlias com renda de at\u00e9 R$ 12 mil. Essas fam\u00edlias v\u00e3o compor a chamada &#8220;Faixa 4&#8221; do programa e, segundo o governo, ter\u00e3o acesso a juros menores que os praticados atualmente [&hellip;]<\/p>\n","protected":false},"author":2,"featured_media":27736,"comment_status":"open","ping_status":"open","sticky":false,"template":"","format":"standard","meta":{"_jetpack_memberships_contains_paid_content":false,"footnotes":""},"categories":[19],"tags":[],"class_list":["post-27735","post","type-post","status-publish","format-standard","has-post-thumbnail","hentry","category-economia"],"aioseo_notices":[],"jetpack_featured_media_url":"https:\/\/i0.wp.com\/minutobahia24h.com.br\/wp-content\/uploads\/2025\/04\/Sem-titulo-254.jpg?fit=984%2C554&ssl=1","jetpack_sharing_enabled":true,"_links":{"self":[{"href":"https:\/\/minutobahia24h.com.br\/index.php?rest_route=\/wp\/v2\/posts\/27735","targetHints":{"allow":["GET"]}}],"collection":[{"href":"https:\/\/minutobahia24h.com.br\/index.php?rest_route=\/wp\/v2\/posts"}],"about":[{"href":"https:\/\/minutobahia24h.com.br\/index.php?rest_route=\/wp\/v2\/types\/post"}],"author":[{"embeddable":true,"href":"https:\/\/minutobahia24h.com.br\/index.php?rest_route=\/wp\/v2\/users\/2"}],"replies":[{"embeddable":true,"href":"https:\/\/minutobahia24h.com.br\/index.php?rest_route=%2Fwp%2Fv2%2Fcomments&post=27735"}],"version-history":[{"count":1,"href":"https:\/\/minutobahia24h.com.br\/index.php?rest_route=\/wp\/v2\/posts\/27735\/revisions"}],"predecessor-version":[{"id":27737,"href":"https:\/\/minutobahia24h.com.br\/index.php?rest_route=\/wp\/v2\/posts\/27735\/revisions\/27737"}],"wp:featuredmedia":[{"embeddable":true,"href":"https:\/\/minutobahia24h.com.br\/index.php?rest_route=\/wp\/v2\/media\/27736"}],"wp:attachment":[{"href":"https:\/\/minutobahia24h.com.br\/index.php?rest_route=%2Fwp%2Fv2%2Fmedia&parent=27735"}],"wp:term":[{"taxonomy":"category","embeddable":true,"href":"https:\/\/minutobahia24h.com.br\/index.php?rest_route=%2Fwp%2Fv2%2Fcategories&post=27735"},{"taxonomy":"post_tag","embeddable":true,"href":"https:\/\/minutobahia24h.com.br\/index.php?rest_route=%2Fwp%2Fv2%2Ftags&post=27735"}],"curies":[{"name":"wp","href":"https:\/\/api.w.org\/{rel}","templated":true}]}}