{"id":27726,"date":"2025-04-16T07:48:49","date_gmt":"2025-04-16T10:48:49","guid":{"rendered":"https:\/\/minutobahia24h.com.br\/?p=27726"},"modified":"2025-04-16T07:48:50","modified_gmt":"2025-04-16T10:48:50","slug":"pt-e-psol-tentam-acordo-para-livrar-glauber-braga-mas-centrao-resiste","status":"publish","type":"post","link":"https:\/\/minutobahia24h.com.br\/?p=27726","title":{"rendered":"PT e PSOL tentam acordo para livrar Glauber Braga, mas centr\u00e3o resiste"},"content":{"rendered":"<div class=\"wp-block-image\">\n<figure class=\"aligncenter size-large\"><img data-recalc-dims=\"1\" fetchpriority=\"high\" decoding=\"async\" width=\"800\" height=\"420\" src=\"https:\/\/i0.wp.com\/minutobahia24h.com.br\/wp-content\/uploads\/2025\/04\/Sem-titulo-251-1024x538.jpg?resize=800%2C420&#038;ssl=1\" alt=\"\" class=\"wp-image-27727\" srcset=\"https:\/\/i0.wp.com\/minutobahia24h.com.br\/wp-content\/uploads\/2025\/04\/Sem-titulo-251.jpg?resize=1024%2C538&amp;ssl=1 1024w, https:\/\/i0.wp.com\/minutobahia24h.com.br\/wp-content\/uploads\/2025\/04\/Sem-titulo-251.jpg?resize=300%2C158&amp;ssl=1 300w, https:\/\/i0.wp.com\/minutobahia24h.com.br\/wp-content\/uploads\/2025\/04\/Sem-titulo-251.jpg?resize=768%2C403&amp;ssl=1 768w, https:\/\/i0.wp.com\/minutobahia24h.com.br\/wp-content\/uploads\/2025\/04\/Sem-titulo-251.jpg?resize=750%2C394&amp;ssl=1 750w, https:\/\/i0.wp.com\/minutobahia24h.com.br\/wp-content\/uploads\/2025\/04\/Sem-titulo-251.jpg?resize=1140%2C599&amp;ssl=1 1140w, https:\/\/i0.wp.com\/minutobahia24h.com.br\/wp-content\/uploads\/2025\/04\/Sem-titulo-251.jpg?w=1200&amp;ssl=1 1200w\" sizes=\"(max-width: 800px) 100vw, 800px\" \/><figcaption class=\"wp-element-caption\">Foto: Lula Marques \/ Ag\u00eancia Brasil<br><\/figcaption><\/figure>\n<\/div>\n\n\n<p>Integrantes do PSOL e do PT tentam costurar um acordo para evitar a cassa\u00e7\u00e3o do mandato do deputado federal Glauber Braga (PSOL-RJ), mas esbarram na resist\u00eancia de integrantes do centr\u00e3o, grupo hoje majorit\u00e1rio na Casa. O Conselho de \u00c9tica da C\u00e2mara dos Deputados recomendou no \u00faltimo dia 9 por 13 votos a 5 a perda do mandato, mesma data em que o congressista do PSOL iniciou uma greve de fome nas depend\u00eancias da C\u00e2mara. \u00a0<\/p>\n\n\n\n<p>Segundo assessores, Glauber est\u00e1 ingerindo apenas \u00e1gua, soro e bebidas isot\u00f4nicas. O deputado e aliados improvisaram um colch\u00e3o do lado da mesa de coordena\u00e7\u00e3o do plen\u00e1rio 5 da C\u00e2mara, a mesma sala onde o conselho recomendou a sua cassa\u00e7\u00e3o. Nos \u00faltimos dias, deputados do PSOL e do PT iniciaram conversas com outros congressistas com o objetivo de manter o mandato do psolista.\u00a0<\/p>\n\n\n\n<p>A ideia seria aprovar em plen\u00e1rio uma puni\u00e7\u00e3o mais branda -como uma suspens\u00e3o do mandato ou uma advert\u00eancia- para o caso de Glauber, que em abril do ano passado expulsou da C\u00e2mara com chutes e empurr\u00f5es um integrante do MBL (Movimento Brasil Livre).\u00a0<\/p>\n\n\n\n<p>Cabe ao plen\u00e1rio da C\u00e2mara decidir se segue ou n\u00e3o a recomenda\u00e7\u00e3o do Conselho de \u00c9tica, ainda sem data definida. A vota\u00e7\u00e3o \u00e9 aberta, nominal, e se d\u00e1 pela maioria absoluta dos votos dos parlamentares (ao menos 257 dos 513 votos).\u00a0<\/p>\n\n\n\n<p>Um precedente criado na gest\u00e3o de Arthur Lira (PP-AL) autoriza a vota\u00e7\u00e3o de uma emenda antes da an\u00e1lise da recomenda\u00e7\u00e3o do Conselho, o que em tese permite a vota\u00e7\u00e3o de uma puni\u00e7\u00e3o mais branda.\u00a0<\/p>\n\n\n\n<p>Mesmo diante dessa possibilidade, n\u00e3o h\u00e1 hoje um sentimento majorit\u00e1rio do plen\u00e1rio para livrar Glauber. Isso porque o deputado \u00e9 de perfil beligerante, j\u00e1 fez diversos ataques ao centr\u00e3o e mant\u00e9m pouca rela\u00e7\u00e3o com congressistas de outros partidos.\u00a0<\/p>\n\n\n\n<p>Deputados tamb\u00e9m se queixam da sua postura durante a tramita\u00e7\u00e3o do seu caso no Conselho de \u00c9tica.\u00a0<\/p>\n\n\n\n<p>Apesar disso, um integrante do conselho diz, sob reserva, que h\u00e1 um certo desconforto com a pena dura de cassa\u00e7\u00e3o &#8211;diante dos outros exemplos que ocorreram na Casa e que n\u00e3o resultaram na perda do mandato. Ele n\u00e3o enxerga, no entanto, um esfor\u00e7o de l\u00edderes partid\u00e1rios de convencimento de suas bancadas para rever essa puni\u00e7\u00e3o.\u00a0<\/p>\n\n\n\n<p>H\u00e1 uma expectativa entre governistas de que a ministra Gleisi Hoffmann (PT), chefe da Secretaria de Rela\u00e7\u00f5es Institucionais, entre no circuito e costure um acordo com o presidente da C\u00e2mara, Hugo Motta (Republicanos-PB).\u00a0<\/p>\n\n\n\n<p>Essa negocia\u00e7\u00e3o, no entanto, seria feita nos bastidores para evitar gerar ru\u00eddo. O governo tem pisado em ovos devido ao risco de se indispor com importantes l\u00edderes de partidos aliados.<\/p>\n\n\n\n<p>O presidente da C\u00e2mara est\u00e1 no exterior e s\u00f3 deve entabular essas conversas na semana que vem.\u00a0<\/p>\n\n\n\n<p>Segundo um aliado de Motta, seria um grande erro do Executivo se envolver nessa discuss\u00e3o, j\u00e1 que isso poderia ser entendido como uma interfer\u00eancia nas prerrogativas parlamentares. O mesmo se aplica ao Judici\u00e1rio.\u00a0<\/p>\n\n\n\n<p>Publicamente, integrantes do Pal\u00e1cio do Planalto t\u00eam afirmado que esse \u00e9 um assunto interno da C\u00e2mara.\u00a0<\/p>\n\n\n\n<p>&#8220;Essa n\u00e3o \u00e9 uma mat\u00e9ria de governo, \u00e9 uma mat\u00e9ria interna da Casa, de um julgamento interno. [Mas] a gente tem um apelo sempre aos parlamentares para rever essa posi\u00e7\u00e3o. Eu, particularmente, considero uma decis\u00e3o muito injusta, desproporcional&#8221;, disse Gleisi no \u00faltimo s\u00e1bado (12), ap\u00f3s visitar Glauber na C\u00e2mara.\u00a0<\/p>\n\n\n\n<p>Apesar disso, desde o dia 9 sete ministros de Lula j\u00e1 foram ao plen\u00e1rio 5 visitar o psolista -al\u00e9m de Gleisi, Sid\u00f4nio Palmeira, da Secretaria de Comunica\u00e7\u00e3o Social, M\u00e1rcio Mac\u00eado, da Secretaria-Geral da Presid\u00eancia, Cida Gon\u00e7alves, que chefia a pasta das Mulheres, Maca\u00e9 Evaristo, dos Direitos Humanos, Paulo Teixeira, do Desenvolvimento Agr\u00e1rio e S\u00f4nia Guajajara, dos Povos Ind\u00edgenas.\u00a0<\/p>\n\n\n\n<p>Nesta ter\u00e7a-feira (15) o l\u00edder do governo na C\u00e2mara, Jos\u00e9 Guimar\u00e3es (PT-CE), foi \u00e0s redes sociais defender o mandato de Glauber.\u00a0<\/p>\n\n\n\n<p>Outro petista na linha de frente das conversas \u00e9 o l\u00edder da bancada do PT, Lindbergh Farias (RJ).\u00a0<\/p>\n\n\n\n<p>&#8220;Tenho esperan\u00e7a e acredito que algum tipo de acordo possa ser costurado para que esse processo seja suspenso por um per\u00edodo para facilitar o di\u00e1logo e a negocia\u00e7\u00e3o. Espero que a chegada da Semana Santa ajude a construir uma sa\u00edda.&#8221;\u00a0<\/p>\n\n\n\n<p>O PSOL deve apresentar recurso no in\u00edcio da semana que vem \u00e0 CCJ (Comiss\u00e3o de Constitui\u00e7\u00e3o e Justi\u00e7a), a quem cabe analisar se houve descumprimento de algum rito pelo Conselho de \u00c9tica. O partido vai argumentar que o relat\u00f3rio aprovado se sustentou muito mais em outros atritos da trajet\u00f3ria de Glauber do que a agress\u00e3o ao membro do MBL.\u00a0<\/p>\n\n\n\n<p>O deputado e seus aliados atribuem ao ex-presidente da C\u00e2mara Arthur Lira (PP-AL) a articula\u00e7\u00e3o para retirar o seu mandato, o que Lira nega.\u00a0<\/p>\n\n\n\n<p>Durante os dois mandatos do deputado do PP \u00e0 frente da C\u00e2mara (2021-2025), Glauber foi um de seus principais opositores. Ele chegou a chamar Lira j\u00e1 algumas vezes de &#8220;bandido&#8221; e tamb\u00e9m \u00e9 cr\u00edtico do sistema de distribui\u00e7\u00e3o das emendas parlamentares, principal mecanismo de atua\u00e7\u00e3o pol\u00edtica do centr\u00e3o.\u00a0<\/p>\n\n\n\n<p>Caso a C\u00e2mara casse o mandato de Glauber ser\u00e1 a primeira vez na hist\u00f3ria que um congressista perder\u00e1 o mandato devido a uma agress\u00e3o f\u00edsica. A suplente de Glauber \u00e9 Helo\u00edsa Helena (Rede-RJ), expulsa do PT em 2003 por se opor \u00e0 reforma da Previd\u00eancia da primeira gest\u00e3o de Lula. Aliados do petista temem que de volta ao Congresso, Helo\u00edsa Helena se transforme em mais uma dor de cabe\u00e7a para o governo.<\/p>\n\n\n\n<p>BN<\/p>\n","protected":false},"excerpt":{"rendered":"<p>Integrantes do PSOL e do PT tentam costurar um acordo para evitar a cassa\u00e7\u00e3o do mandato do deputado federal Glauber Braga (PSOL-RJ), mas esbarram na resist\u00eancia de integrantes do centr\u00e3o, grupo hoje majorit\u00e1rio na Casa. O Conselho de \u00c9tica da C\u00e2mara dos Deputados recomendou no \u00faltimo dia 9 por 13 votos a 5 a perda [&hellip;]<\/p>\n","protected":false},"author":2,"featured_media":27727,"comment_status":"open","ping_status":"open","sticky":false,"template":"","format":"standard","meta":{"_jetpack_memberships_contains_paid_content":false,"footnotes":""},"categories":[39],"tags":[],"class_list":["post-27726","post","type-post","status-publish","format-standard","has-post-thumbnail","hentry","category-politica"],"aioseo_notices":[],"jetpack_featured_media_url":"https:\/\/i0.wp.com\/minutobahia24h.com.br\/wp-content\/uploads\/2025\/04\/Sem-titulo-251.jpg?fit=1200%2C630&ssl=1","jetpack_sharing_enabled":true,"_links":{"self":[{"href":"https:\/\/minutobahia24h.com.br\/index.php?rest_route=\/wp\/v2\/posts\/27726","targetHints":{"allow":["GET"]}}],"collection":[{"href":"https:\/\/minutobahia24h.com.br\/index.php?rest_route=\/wp\/v2\/posts"}],"about":[{"href":"https:\/\/minutobahia24h.com.br\/index.php?rest_route=\/wp\/v2\/types\/post"}],"author":[{"embeddable":true,"href":"https:\/\/minutobahia24h.com.br\/index.php?rest_route=\/wp\/v2\/users\/2"}],"replies":[{"embeddable":true,"href":"https:\/\/minutobahia24h.com.br\/index.php?rest_route=%2Fwp%2Fv2%2Fcomments&post=27726"}],"version-history":[{"count":1,"href":"https:\/\/minutobahia24h.com.br\/index.php?rest_route=\/wp\/v2\/posts\/27726\/revisions"}],"predecessor-version":[{"id":27728,"href":"https:\/\/minutobahia24h.com.br\/index.php?rest_route=\/wp\/v2\/posts\/27726\/revisions\/27728"}],"wp:featuredmedia":[{"embeddable":true,"href":"https:\/\/minutobahia24h.com.br\/index.php?rest_route=\/wp\/v2\/media\/27727"}],"wp:attachment":[{"href":"https:\/\/minutobahia24h.com.br\/index.php?rest_route=%2Fwp%2Fv2%2Fmedia&parent=27726"}],"wp:term":[{"taxonomy":"category","embeddable":true,"href":"https:\/\/minutobahia24h.com.br\/index.php?rest_route=%2Fwp%2Fv2%2Fcategories&post=27726"},{"taxonomy":"post_tag","embeddable":true,"href":"https:\/\/minutobahia24h.com.br\/index.php?rest_route=%2Fwp%2Fv2%2Ftags&post=27726"}],"curies":[{"name":"wp","href":"https:\/\/api.w.org\/{rel}","templated":true}]}}