{"id":27704,"date":"2025-04-16T07:06:25","date_gmt":"2025-04-16T10:06:25","guid":{"rendered":"https:\/\/minutobahia24h.com.br\/?p=27704"},"modified":"2025-04-16T07:06:26","modified_gmt":"2025-04-16T10:06:26","slug":"embasa-cumpre-decisao-do-ministerio-publico-e-inicia-abastecimento-temporario-e-cadastramento-para-cerca-de-mil-imoveis-em-senhor-do-bonfim","status":"publish","type":"post","link":"https:\/\/minutobahia24h.com.br\/?p=27704","title":{"rendered":"Embasa cumpre decis\u00e3o do Minist\u00e9rio P\u00fablico e inicia abastecimento tempor\u00e1rio e cadastramento para cerca de mil im\u00f3veis em Senhor do Bonfim"},"content":{"rendered":"<div class=\"wp-block-image\">\n<figure class=\"aligncenter size-full\"><img data-recalc-dims=\"1\" fetchpriority=\"high\" decoding=\"async\" width=\"640\" height=\"643\" src=\"https:\/\/i0.wp.com\/minutobahia24h.com.br\/wp-content\/uploads\/2025\/04\/Sem-titulo-246.jpg?resize=640%2C643&#038;ssl=1\" alt=\"\" class=\"wp-image-27705\" srcset=\"https:\/\/i0.wp.com\/minutobahia24h.com.br\/wp-content\/uploads\/2025\/04\/Sem-titulo-246.jpg?w=640&amp;ssl=1 640w, https:\/\/i0.wp.com\/minutobahia24h.com.br\/wp-content\/uploads\/2025\/04\/Sem-titulo-246.jpg?resize=300%2C300&amp;ssl=1 300w, https:\/\/i0.wp.com\/minutobahia24h.com.br\/wp-content\/uploads\/2025\/04\/Sem-titulo-246.jpg?resize=150%2C150&amp;ssl=1 150w, https:\/\/i0.wp.com\/minutobahia24h.com.br\/wp-content\/uploads\/2025\/04\/Sem-titulo-246.jpg?resize=75%2C75&amp;ssl=1 75w\" sizes=\"(max-width: 640px) 100vw, 640px\" \/><figcaption class=\"wp-element-caption\">Casas anteriormente abastecidas por antiga rede da Ferrovia Leste Brasileiro ter\u00e3o 30 dias para regularizar o cadastro e solicitar a liga\u00e7\u00e3o regular \u00e0 Embasa (Foto: Divulga\u00e7\u00e3o)<br><\/figcaption><\/figure>\n<\/div>\n\n\n<p>Em cumprimento a determina\u00e7\u00e3o do Minist\u00e9rio P\u00fablico (MP-BA), por meio da 4\u00aa Promotoria de Justi\u00e7a de Senhor do Bonfim, a Embasa iniciou uma opera\u00e7\u00e3o especial de abastecimento tempor\u00e1rio e de cadastramento dos im\u00f3veis da sede municipal de Senhor do Bonfim que, durante d\u00e9cadas, foram abastecidos por uma antiga rede de \u00e1gua bruta e sem tratamento da Ferrovia Leste Brasileiro. Essa tubula\u00e7\u00e3o, que fazia parte do primeiro sistema de abastecimento da cidade, foi desativada no dia 3 de abril, tamb\u00e9m por determina\u00e7\u00e3o do MP-BA.<\/p>\n\n\n\n<p>De acordo com o Minist\u00e9rio P\u00fablico, os im\u00f3veis devem receber \u00e1gua tratada a partir do sistema p\u00fablico de abastecimento operado pela Embasa, que segue os padr\u00f5es de tratamento e potabilidade estabelecidos pelo Minist\u00e9rio da Sa\u00fade. Neste primeiro momento de transi\u00e7\u00e3o, a Embasa realizou, de forma excepcional e tempor\u00e1ria, o entroncamento da sua rede com um trecho da antiga tubula\u00e7\u00e3o da Leste, para que todas as moradias situadas nessa \u00e1rea sejam logo abastecidas com \u00e1gua tratada.<\/p>\n\n\n\n<p>Essa alternativa seguir\u00e1 pelo per\u00edodo de 30 dias, contados a partir de 11 de abril. Nesse prazo, os respons\u00e1veis pelos im\u00f3veis devem buscar a regulariza\u00e7\u00e3o do cadastro na Embasa e ter\u00e3o, como incentivo, a isen\u00e7\u00e3o da taxa de liga\u00e7\u00e3o. Em paralelo, a empresa realizar\u00e1 uma ampla mobiliza\u00e7\u00e3o para refor\u00e7ar junto \u00e0 popula\u00e7\u00e3o a import\u00e2ncia de consumir \u00e1gua tratada com as respectivas an\u00e1lises que atestam a qualidade dentro dos padr\u00f5es de potabilidade estabelecidos pela atual legisla\u00e7\u00e3o sanit\u00e1ria.&nbsp;<\/p>\n\n\n\n<p><strong><em>Ascom Embasa<\/em><\/strong>&nbsp;<\/p>\n","protected":false},"excerpt":{"rendered":"<p>Em cumprimento a determina\u00e7\u00e3o do Minist\u00e9rio P\u00fablico (MP-BA), por meio da 4\u00aa Promotoria de Justi\u00e7a de Senhor do Bonfim, a Embasa iniciou uma opera\u00e7\u00e3o especial de abastecimento tempor\u00e1rio e de cadastramento dos im\u00f3veis da sede municipal de Senhor do Bonfim que, durante d\u00e9cadas, foram abastecidos por uma antiga rede de \u00e1gua bruta e sem tratamento [&hellip;]<\/p>\n","protected":false},"author":2,"featured_media":27705,"comment_status":"open","ping_status":"open","sticky":false,"template":"","format":"standard","meta":{"_jetpack_memberships_contains_paid_content":false,"footnotes":""},"categories":[3],"tags":[],"class_list":["post-27704","post","type-post","status-publish","format-standard","has-post-thumbnail","hentry","category-regional"],"aioseo_notices":[],"jetpack_featured_media_url":"https:\/\/i0.wp.com\/minutobahia24h.com.br\/wp-content\/uploads\/2025\/04\/Sem-titulo-246.jpg?fit=640%2C643&ssl=1","jetpack_sharing_enabled":true,"_links":{"self":[{"href":"https:\/\/minutobahia24h.com.br\/index.php?rest_route=\/wp\/v2\/posts\/27704","targetHints":{"allow":["GET"]}}],"collection":[{"href":"https:\/\/minutobahia24h.com.br\/index.php?rest_route=\/wp\/v2\/posts"}],"about":[{"href":"https:\/\/minutobahia24h.com.br\/index.php?rest_route=\/wp\/v2\/types\/post"}],"author":[{"embeddable":true,"href":"https:\/\/minutobahia24h.com.br\/index.php?rest_route=\/wp\/v2\/users\/2"}],"replies":[{"embeddable":true,"href":"https:\/\/minutobahia24h.com.br\/index.php?rest_route=%2Fwp%2Fv2%2Fcomments&post=27704"}],"version-history":[{"count":1,"href":"https:\/\/minutobahia24h.com.br\/index.php?rest_route=\/wp\/v2\/posts\/27704\/revisions"}],"predecessor-version":[{"id":27706,"href":"https:\/\/minutobahia24h.com.br\/index.php?rest_route=\/wp\/v2\/posts\/27704\/revisions\/27706"}],"wp:featuredmedia":[{"embeddable":true,"href":"https:\/\/minutobahia24h.com.br\/index.php?rest_route=\/wp\/v2\/media\/27705"}],"wp:attachment":[{"href":"https:\/\/minutobahia24h.com.br\/index.php?rest_route=%2Fwp%2Fv2%2Fmedia&parent=27704"}],"wp:term":[{"taxonomy":"category","embeddable":true,"href":"https:\/\/minutobahia24h.com.br\/index.php?rest_route=%2Fwp%2Fv2%2Fcategories&post=27704"},{"taxonomy":"post_tag","embeddable":true,"href":"https:\/\/minutobahia24h.com.br\/index.php?rest_route=%2Fwp%2Fv2%2Ftags&post=27704"}],"curies":[{"name":"wp","href":"https:\/\/api.w.org\/{rel}","templated":true}]}}