{"id":27689,"date":"2025-04-16T06:55:03","date_gmt":"2025-04-16T09:55:03","guid":{"rendered":"https:\/\/minutobahia24h.com.br\/?p=27689"},"modified":"2025-04-16T06:55:05","modified_gmt":"2025-04-16T09:55:05","slug":"piritiba-justica-eleitoral-cassa-mandato-de-dois-vereadores-pela-federacao","status":"publish","type":"post","link":"https:\/\/minutobahia24h.com.br\/?p=27689","title":{"rendered":"Piritiba: Justi\u00e7a Eleitoral cassa mandato de dois vereadores pela Federa\u00e7\u00e3o"},"content":{"rendered":"<div class=\"wp-block-image\">\n<figure class=\"aligncenter size-full\"><img data-recalc-dims=\"1\" fetchpriority=\"high\" decoding=\"async\" width=\"358\" height=\"203\" src=\"https:\/\/i0.wp.com\/minutobahia24h.com.br\/wp-content\/uploads\/2025\/04\/Sem-titulo-241.jpg?resize=358%2C203&#038;ssl=1\" alt=\"\" class=\"wp-image-27690\" srcset=\"https:\/\/i0.wp.com\/minutobahia24h.com.br\/wp-content\/uploads\/2025\/04\/Sem-titulo-241.jpg?w=358&amp;ssl=1 358w, https:\/\/i0.wp.com\/minutobahia24h.com.br\/wp-content\/uploads\/2025\/04\/Sem-titulo-241.jpg?resize=300%2C170&amp;ssl=1 300w\" sizes=\"(max-width: 358px) 100vw, 358px\" \/><figcaption class=\"wp-element-caption\"><strong>Reportagem: Jo\u00e3o do Clone | Calmon Not\u00edcias<\/strong><br><br><\/figcaption><\/figure>\n<\/div>\n\n\n<p>A Justi\u00e7a Eleitoral da 054\u00aa Zona Eleitoral de Mundo Novo, atendendo A\u00e7\u00e3o de Investiga\u00e7\u00e3o Judicial Eleitoral (AIJE), cassou o mandato dos vereadores Rafael Soares Dias (Rafael Nasa) e Rodrigo Pereira Rios (Rodrigo Amendoim) do munic\u00edpio de Piritiba, da Federa\u00e7\u00e3o Brasil da Esperan\u00e7a (PT, PC do B e PV), eleitos nas elei\u00e7\u00f5es municipais de 2024, por fraude \u00e0 cota de g\u00eanero.<\/p>\n\n\n\n<p>O caso envolve a candidata a vereadora Maria Inez Almeida Viana (PCdoB) integrante da Federa\u00e7\u00e3o Brasil da Esperan\u00e7a. A Justi\u00e7a considerou a candidatura de Maria Inez de fict\u00edcia devido a n\u00e3o obten\u00e7\u00e3o de voto (nem o pr\u00f3prio voto), aus\u00eancia de atividades de campanha, e presta\u00e7\u00e3o de contas de campanha da candidata que n\u00e3o registraram movimenta\u00e7\u00f5es financeiras significativas, com exce\u00e7\u00e3o de um gasto isolado de aluguel de ve\u00edculo, cuja locadora apoiava outro candidato. Consequentemente, a decis\u00e3o tamb\u00e9m tornou Maria Inez ineleg\u00edvel por oito anos.<\/p>\n\n\n\n<p>Com isso a magistrada determinou a cassa\u00e7\u00e3o do diploma de Rafael Nasa e Rodrigo Amendoim.<\/p>\n\n\n\n<p>De acordo com a decis\u00e3o da ju\u00edza eleitoral Juliana Machado Rabelo, a cassa\u00e7\u00e3o atinge todos os candidatos vinculados ao Demonstrativo de Regularidade de Atos Partid\u00e1rios da Federa\u00e7\u00e3o Brasil da Esperan\u00e7a (PT, PCdoB e PV), independentemente de prova da participa\u00e7\u00e3o, ci\u00eancia ou anu\u00eancia. Acompanhando assim o parecer do Promotor de Justi\u00e7a Eleitoral Francisco Joaquim da Silva Filho: \u201co Minist\u00e9rio P\u00fablico Eleitoral manifesta-se pela PROCED\u00caNCIA da presente A\u00e7\u00e3o De Investiga\u00e7\u00e3o Judicial Eleitoral, com o consequente reconhecimento da fraude \u00e0 cota de g\u00eanero praticada pela Federa\u00e7\u00e3o Brasil da Esperan\u00e7a\u201d.<a><\/a><\/p>\n\n\n\n<p>Ao considerar procedente a A\u00e7\u00e3o de Investiga\u00e7\u00e3o Judicial Eleitoral, reconhecendo a fraude \u00e0 cota de g\u00eanero, a ju\u00edza eleitoral Juliana Machado Rabelo, declara a nulidade dos votos obtidos ao cargo de Vereador do Munic\u00edpio de Piritiba pela Federa\u00e7\u00e3o Brasil da Esperan\u00e7a (PT, PC do B e PV) no pleito de 2024, com a recontagem do c\u00e1lculo dos quocientes eleitoral e partid\u00e1rios, nos termos do art. 222 do C\u00f3digo Eleitoral.<\/p>\n\n\n\n<p>Diante da decis\u00e3o, os vereadores Fernando Rios (PSD) e Vicelma Sampaio do (MDB), podem assumir as duas vagas na C\u00e2mara municipal de Piritiba.<\/p>\n\n\n\n<p>Cabe recurso e o vereador Rodrigo Rios disse ao Calmon Not\u00edcias que vai recorrer da decis\u00e3o<\/p>\n\n\n\n<p>abahiaacontece<\/p>\n","protected":false},"excerpt":{"rendered":"<p>A Justi\u00e7a Eleitoral da 054\u00aa Zona Eleitoral de Mundo Novo, atendendo A\u00e7\u00e3o de Investiga\u00e7\u00e3o Judicial Eleitoral (AIJE), cassou o mandato dos vereadores Rafael Soares Dias (Rafael Nasa) e Rodrigo Pereira Rios (Rodrigo Amendoim) do munic\u00edpio de Piritiba, da Federa\u00e7\u00e3o Brasil da Esperan\u00e7a (PT, PC do B e PV), eleitos nas elei\u00e7\u00f5es municipais de 2024, por [&hellip;]<\/p>\n","protected":false},"author":2,"featured_media":27690,"comment_status":"open","ping_status":"open","sticky":false,"template":"","format":"standard","meta":{"_jetpack_memberships_contains_paid_content":false,"footnotes":""},"categories":[3],"tags":[],"class_list":["post-27689","post","type-post","status-publish","format-standard","has-post-thumbnail","hentry","category-regional"],"aioseo_notices":[],"jetpack_featured_media_url":"https:\/\/i0.wp.com\/minutobahia24h.com.br\/wp-content\/uploads\/2025\/04\/Sem-titulo-241.jpg?fit=358%2C203&ssl=1","jetpack_sharing_enabled":true,"_links":{"self":[{"href":"https:\/\/minutobahia24h.com.br\/index.php?rest_route=\/wp\/v2\/posts\/27689","targetHints":{"allow":["GET"]}}],"collection":[{"href":"https:\/\/minutobahia24h.com.br\/index.php?rest_route=\/wp\/v2\/posts"}],"about":[{"href":"https:\/\/minutobahia24h.com.br\/index.php?rest_route=\/wp\/v2\/types\/post"}],"author":[{"embeddable":true,"href":"https:\/\/minutobahia24h.com.br\/index.php?rest_route=\/wp\/v2\/users\/2"}],"replies":[{"embeddable":true,"href":"https:\/\/minutobahia24h.com.br\/index.php?rest_route=%2Fwp%2Fv2%2Fcomments&post=27689"}],"version-history":[{"count":1,"href":"https:\/\/minutobahia24h.com.br\/index.php?rest_route=\/wp\/v2\/posts\/27689\/revisions"}],"predecessor-version":[{"id":27691,"href":"https:\/\/minutobahia24h.com.br\/index.php?rest_route=\/wp\/v2\/posts\/27689\/revisions\/27691"}],"wp:featuredmedia":[{"embeddable":true,"href":"https:\/\/minutobahia24h.com.br\/index.php?rest_route=\/wp\/v2\/media\/27690"}],"wp:attachment":[{"href":"https:\/\/minutobahia24h.com.br\/index.php?rest_route=%2Fwp%2Fv2%2Fmedia&parent=27689"}],"wp:term":[{"taxonomy":"category","embeddable":true,"href":"https:\/\/minutobahia24h.com.br\/index.php?rest_route=%2Fwp%2Fv2%2Fcategories&post=27689"},{"taxonomy":"post_tag","embeddable":true,"href":"https:\/\/minutobahia24h.com.br\/index.php?rest_route=%2Fwp%2Fv2%2Ftags&post=27689"}],"curies":[{"name":"wp","href":"https:\/\/api.w.org\/{rel}","templated":true}]}}