{"id":27610,"date":"2025-04-14T16:29:20","date_gmt":"2025-04-14T19:29:20","guid":{"rendered":"https:\/\/minutobahia24h.com.br\/?p=27610"},"modified":"2025-04-14T16:29:22","modified_gmt":"2025-04-14T19:29:22","slug":"vereador-jeorge-catatau-participa-de-reuniao-e-recebe-demandas-da-localidade-de-curandeira","status":"publish","type":"post","link":"https:\/\/minutobahia24h.com.br\/?p=27610","title":{"rendered":"Vereador Jeorge Catatau participa de reuni\u00e3o e recebe demandas da localidade de Curandeira"},"content":{"rendered":"<div class=\"wp-block-image\">\n<figure class=\"aligncenter size-large\"><img data-recalc-dims=\"1\" fetchpriority=\"high\" decoding=\"async\" width=\"800\" height=\"600\" src=\"https:\/\/i0.wp.com\/minutobahia24h.com.br\/wp-content\/uploads\/2025\/04\/WhatsApp-Image-2025-04-14-at-13.11.29-1024x768.jpeg?resize=800%2C600&#038;ssl=1\" alt=\"\" class=\"wp-image-27611\" srcset=\"https:\/\/i0.wp.com\/minutobahia24h.com.br\/wp-content\/uploads\/2025\/04\/WhatsApp-Image-2025-04-14-at-13.11.29.jpeg?resize=1024%2C768&amp;ssl=1 1024w, https:\/\/i0.wp.com\/minutobahia24h.com.br\/wp-content\/uploads\/2025\/04\/WhatsApp-Image-2025-04-14-at-13.11.29.jpeg?resize=300%2C225&amp;ssl=1 300w, https:\/\/i0.wp.com\/minutobahia24h.com.br\/wp-content\/uploads\/2025\/04\/WhatsApp-Image-2025-04-14-at-13.11.29.jpeg?resize=768%2C576&amp;ssl=1 768w, https:\/\/i0.wp.com\/minutobahia24h.com.br\/wp-content\/uploads\/2025\/04\/WhatsApp-Image-2025-04-14-at-13.11.29.jpeg?resize=1536%2C1152&amp;ssl=1 1536w, https:\/\/i0.wp.com\/minutobahia24h.com.br\/wp-content\/uploads\/2025\/04\/WhatsApp-Image-2025-04-14-at-13.11.29.jpeg?resize=750%2C563&amp;ssl=1 750w, https:\/\/i0.wp.com\/minutobahia24h.com.br\/wp-content\/uploads\/2025\/04\/WhatsApp-Image-2025-04-14-at-13.11.29.jpeg?resize=1140%2C855&amp;ssl=1 1140w, https:\/\/i0.wp.com\/minutobahia24h.com.br\/wp-content\/uploads\/2025\/04\/WhatsApp-Image-2025-04-14-at-13.11.29.jpeg?w=1600&amp;ssl=1 1600w\" sizes=\"(max-width: 800px) 100vw, 800px\" \/><\/figure>\n<\/div>\n\n\n<p>O vereador Jeorge Catatau participou, na tarde do \u00faltimo domingo (13), de uma reuni\u00e3o com moradores da localidade de Curandeira, situada na regi\u00e3o de Barroca do Faleiro. O encontro, promovido pela associa\u00e7\u00e3o de moradores, foi uma oportunidade para o parlamentar ouvir diretamente as demandas dos moradores e discutir poss\u00edveis solu\u00e7\u00f5es para os problemas enfrentados pela comunidade.<\/p>\n\n\n\n<p>Durante a reuni\u00e3o, foram levantadas quest\u00f5es importantes como o descarte irregular de lixo \u00e0s margens das estradas vicinais e que seja realizada a coleta por parte da prefeitura de 15 em 15 dias. Foi abordada a necessidade de amplia\u00e7\u00e3o da rede de abastecimento de \u00e1gua a partir do po\u00e7o artesiano reativado recentemente. Catatau destacou que j\u00e1 est\u00e1 em di\u00e1logo com a Cerb para viabilizar esse pedido de extens\u00e3o da rede de \u00e1gua.<\/p>\n\n\n\n<p>\u201cVoltei hoje a Curandeira ap\u00f3s contribuir para a instala\u00e7\u00e3o de uma nova bomba d\u2019\u00e1gua e reativar um po\u00e7o artesiano que h\u00e1 mais de tr\u00eas meses estava parado. Aproveito para agradecer ao deputado estadual Bob\u00f4 e \u00e0 Cerb pelo apoio e aten\u00e7\u00e3o a essa comunidade. E aproveito para informar que estamos buscando junto \u00e0 Cerb, cerca de 300 metros extens\u00e3o da rede a partir do po\u00e7o reativado recentemente. Essa amplia\u00e7\u00e3o beneficiar\u00e1 muitas fam\u00edlias em outra regi\u00e3o da Barroca do Faleiro\u201d, explicou.<\/p>\n\n\n\n<p>Na oportunidade o vereador acompanhou o servi\u00e7o de terraplanagem, que marca o in\u00edcio da obra de constru\u00e7\u00e3o da Escola Municipal de Curandeira que est\u00e1 sendo feita pela prefeitura. Um investimento de mais de R$ 500 mil reais com previs\u00e3o de 6 meses para entrega.<\/p>\n","protected":false},"excerpt":{"rendered":"<p>O vereador Jeorge Catatau participou, na tarde do \u00faltimo domingo (13), de uma reuni\u00e3o com moradores da localidade de Curandeira, situada na regi\u00e3o de Barroca do Faleiro. O encontro, promovido pela associa\u00e7\u00e3o de moradores, foi uma oportunidade para o parlamentar ouvir diretamente as demandas dos moradores e discutir poss\u00edveis solu\u00e7\u00f5es para os problemas enfrentados pela [&hellip;]<\/p>\n","protected":false},"author":2,"featured_media":27611,"comment_status":"open","ping_status":"open","sticky":false,"template":"","format":"standard","meta":{"_jetpack_memberships_contains_paid_content":false,"footnotes":""},"categories":[3],"tags":[],"class_list":["post-27610","post","type-post","status-publish","format-standard","has-post-thumbnail","hentry","category-regional"],"aioseo_notices":[],"jetpack_featured_media_url":"https:\/\/i0.wp.com\/minutobahia24h.com.br\/wp-content\/uploads\/2025\/04\/WhatsApp-Image-2025-04-14-at-13.11.29.jpeg?fit=1600%2C1200&ssl=1","jetpack_sharing_enabled":true,"_links":{"self":[{"href":"https:\/\/minutobahia24h.com.br\/index.php?rest_route=\/wp\/v2\/posts\/27610","targetHints":{"allow":["GET"]}}],"collection":[{"href":"https:\/\/minutobahia24h.com.br\/index.php?rest_route=\/wp\/v2\/posts"}],"about":[{"href":"https:\/\/minutobahia24h.com.br\/index.php?rest_route=\/wp\/v2\/types\/post"}],"author":[{"embeddable":true,"href":"https:\/\/minutobahia24h.com.br\/index.php?rest_route=\/wp\/v2\/users\/2"}],"replies":[{"embeddable":true,"href":"https:\/\/minutobahia24h.com.br\/index.php?rest_route=%2Fwp%2Fv2%2Fcomments&post=27610"}],"version-history":[{"count":1,"href":"https:\/\/minutobahia24h.com.br\/index.php?rest_route=\/wp\/v2\/posts\/27610\/revisions"}],"predecessor-version":[{"id":27612,"href":"https:\/\/minutobahia24h.com.br\/index.php?rest_route=\/wp\/v2\/posts\/27610\/revisions\/27612"}],"wp:featuredmedia":[{"embeddable":true,"href":"https:\/\/minutobahia24h.com.br\/index.php?rest_route=\/wp\/v2\/media\/27611"}],"wp:attachment":[{"href":"https:\/\/minutobahia24h.com.br\/index.php?rest_route=%2Fwp%2Fv2%2Fmedia&parent=27610"}],"wp:term":[{"taxonomy":"category","embeddable":true,"href":"https:\/\/minutobahia24h.com.br\/index.php?rest_route=%2Fwp%2Fv2%2Fcategories&post=27610"},{"taxonomy":"post_tag","embeddable":true,"href":"https:\/\/minutobahia24h.com.br\/index.php?rest_route=%2Fwp%2Fv2%2Ftags&post=27610"}],"curies":[{"name":"wp","href":"https:\/\/api.w.org\/{rel}","templated":true}]}}