{"id":27601,"date":"2025-04-14T09:19:47","date_gmt":"2025-04-14T12:19:47","guid":{"rendered":"https:\/\/minutobahia24h.com.br\/?p=27601"},"modified":"2025-04-14T09:19:48","modified_gmt":"2025-04-14T12:19:48","slug":"noboa-2-0-no-equador-tera-trump-como-aliado-e-pecha-de-autoritario","status":"publish","type":"post","link":"https:\/\/minutobahia24h.com.br\/?p=27601","title":{"rendered":"Noboa 2.0 no Equador ter\u00e1 Trump como aliado e pecha de autorit\u00e1rio"},"content":{"rendered":"<div class=\"wp-block-image\">\n<figure class=\"aligncenter size-large\"><img data-recalc-dims=\"1\" fetchpriority=\"high\" decoding=\"async\" width=\"800\" height=\"420\" src=\"https:\/\/i0.wp.com\/minutobahia24h.com.br\/wp-content\/uploads\/2025\/04\/Sem-titulo-216-1024x538.jpg?resize=800%2C420&#038;ssl=1\" alt=\"\" class=\"wp-image-27602\" srcset=\"https:\/\/i0.wp.com\/minutobahia24h.com.br\/wp-content\/uploads\/2025\/04\/Sem-titulo-216.jpg?resize=1024%2C538&amp;ssl=1 1024w, https:\/\/i0.wp.com\/minutobahia24h.com.br\/wp-content\/uploads\/2025\/04\/Sem-titulo-216.jpg?resize=300%2C158&amp;ssl=1 300w, https:\/\/i0.wp.com\/minutobahia24h.com.br\/wp-content\/uploads\/2025\/04\/Sem-titulo-216.jpg?resize=768%2C403&amp;ssl=1 768w, https:\/\/i0.wp.com\/minutobahia24h.com.br\/wp-content\/uploads\/2025\/04\/Sem-titulo-216.jpg?resize=750%2C394&amp;ssl=1 750w, https:\/\/i0.wp.com\/minutobahia24h.com.br\/wp-content\/uploads\/2025\/04\/Sem-titulo-216.jpg?resize=1140%2C599&amp;ssl=1 1140w, https:\/\/i0.wp.com\/minutobahia24h.com.br\/wp-content\/uploads\/2025\/04\/Sem-titulo-216.jpg?w=1200&amp;ssl=1 1200w\" sizes=\"(max-width: 800px) 100vw, 800px\" \/><figcaption class=\"wp-element-caption\">Foto: Divulga\u00e7\u00e3o<br><\/figcaption><\/figure>\n<\/div>\n\n\n<p>N\u00e3o houve tempo para que Daniel Noboa, 37, ficasse entediado. O presidente do Equador reeleito neste domingo (13) foi o respons\u00e1vel por declarar uma esp\u00e9cie de guerra contra grupos do narcotr\u00e1fico, ou uma guerra contra o terrorismo, como prefere dizer.\u00a0<\/p>\n\n\n\n<p>Atos de viol\u00eancia quase teatrais, como a invas\u00e3o de um canal de TV ao vivo por homens armados ou a fuga do maior narcotraficante do pa\u00eds de uma pris\u00e3o de seguran\u00e7a m\u00e1xima, e a resposta estatal ao militarizar as ruas deram o tom da gest\u00e3o de sucintos mas intensos 17 meses.<\/p>\n\n\n\n<p>Agora em sua vers\u00e3o 2.0, o presidente que tem dupla cidadania equatoriana e americana, j\u00e1 que nasceu em Miami (tem ingl\u00eas fluente e foi educado nos EUA), e \u00e9 herdeiro da fam\u00edlia mais rica do pa\u00eds encontra um cen\u00e1rio global que se transformou rapidamente. Seu principal alicerce est\u00e1 ao norte, com Donald Trump. \u00a0<\/p>\n\n\n\n<p>Noboa foi um dos dois \u00fanicos presidentes da Am\u00e9rica Latina que participou da posse de Trump em janeiro; o outro foi Javier Milei (Argentina). H\u00e1 poucas semanas, voltou a se reunir com o rei da guerra tarif\u00e1ria nos EUA. Pediu a Trump apoio militar no Equador.<\/p>\n\n\n\n<p>Ele quer abrir o pa\u00eds a militares de outras na\u00e7\u00f5es, argumentando que o problema do narcotr\u00e1fico \u00e9 regional e que, portanto, a resposta deve ser conjunta. Chegou a mencionar o Brasil como uma das na\u00e7\u00f5es que poderia prestar apoio em seguran\u00e7a.\u00a0<\/p>\n\n\n\n<p>A rede americana CNN rec\u00e9m revelou que uma nova estrutura naval est\u00e1 sendo constru\u00edda na cidade costeira de Manta e que seria ocupada pelos militares dos EUA. N\u00e3o h\u00e1 confirma\u00e7\u00e3o.\u00a0<\/p>\n\n\n\n<p>Ainda \u00e9 preciso entender quais frutos Daniel Noboa conseguir\u00e1 tirar de sua proximidade com o governo Trump. Enquanto isso, uma outra face de seu governo j\u00e1 \u00e9 certa. O presidente mais jovem da hist\u00f3ria do Equador (tinha 35 ao assumir o cargo em 2023) carrega para o seu segundo mandato a pecha de autorit\u00e1rio.<\/p>\n\n\n\n<p>Dois epis\u00f3dios em especial levaram a isso. Primeiro, a invas\u00e3o da embaixada do M\u00e9xico em Quito para prender o asilado pol\u00edtico Jorge Glas, ex-presidente, aliado de Luisa Gonz\u00e1lez (que disputou com Noboa a Presid\u00eancia) e condenado por corrup\u00e7\u00e3o. A lei internacional prev\u00ea que sedes diplom\u00e1ticas s\u00e3o inviol\u00e1veis. N\u00e3o para as regras de Noboa. \u00a0<\/p>\n\n\n\n<p>Segundo, a rela\u00e7\u00e3o que manteve com a sua agora ex-vice, Ver\u00f3nica Abad. Noboa a apartou do cargo e impediu que ela assumisse a Presid\u00eancia quando ele deveria se afastar para fazer campanha.<\/p>\n\n\n\n<p>H\u00e1 a\u00e7\u00f5es na Justi\u00e7a eleitoral que questionam o fato de o presidente ter violado a lei ao n\u00e3o deixar o posto, flertando com viola\u00e7\u00f5es como propaganda eleitoral antecipada e abuso de poder.\u00a0<\/p>\n\n\n\n<p>Noboa ordenou que a vice deixasse o pa\u00eds para cumprir a fun\u00e7\u00e3o de embaixadora em Israel e na Turquia. Ela afirmou reiteradas vezes, como o fez \u00e0 reportagem, que havia um golpe de Estado em curso e que o pa\u00eds j\u00e1 n\u00e3o era democr\u00e1tico.\u00a0<\/p>\n\n\n\n<p>H\u00e1 um m\u00eas, em um novo golpe para a pol\u00edtica neoliberal, Abad teve os direitos pol\u00edticos suspensos pelo Tribunal Eleitoral sob a acusa\u00e7\u00e3o de que praticou viol\u00eancia pol\u00edtica de g\u00eanero contra uma ministra a quem criticava. Ela n\u00e3o pode concorrer a cargos, nem votar, por pelo menos dois anos. A ex-vice afirma que ela sim \u00e9 v\u00edtima de viol\u00eancia pol\u00edtica de g\u00eanero, cometida por Noboa, que \u00e9 perseguida pol\u00edtica e que tudo n\u00e3o passa de uma manobra para coloc\u00e1-la no ostracismo.\u00a0<\/p>\n\n\n\n<p>Enquanto Noboa, de novo no poder, quer ser como uma f\u00eanix, a ave mitol\u00f3gica que morria at\u00e9 ressurgir das pr\u00f3prias cinzas. A imagem d\u00e1 nome a seu plano de seguran\u00e7a linha-dura e tamb\u00e9m estampa sua pele. Noboa tem quatro f\u00eanix tatuadas no bra\u00e7o. &#8220;N\u00e3o importa o quanto na vida se caia, o importante \u00e9 se levantar, seguir adiante. E foi o que fizemos&#8221;, escreveu ele no Instagram ao falar do desenho.<\/p>\n\n\n\n<p>BN<\/p>\n","protected":false},"excerpt":{"rendered":"<p>N\u00e3o houve tempo para que Daniel Noboa, 37, ficasse entediado. O presidente do Equador reeleito neste domingo (13) foi o respons\u00e1vel por declarar uma esp\u00e9cie de guerra contra grupos do narcotr\u00e1fico, ou uma guerra contra o terrorismo, como prefere dizer.\u00a0 Atos de viol\u00eancia quase teatrais, como a invas\u00e3o de um canal de TV ao vivo [&hellip;]<\/p>\n","protected":false},"author":2,"featured_media":27602,"comment_status":"open","ping_status":"open","sticky":false,"template":"","format":"standard","meta":{"_jetpack_memberships_contains_paid_content":false,"footnotes":""},"categories":[15],"tags":[],"class_list":["post-27601","post","type-post","status-publish","format-standard","has-post-thumbnail","hentry","category-mundo"],"aioseo_notices":[],"jetpack_featured_media_url":"https:\/\/i0.wp.com\/minutobahia24h.com.br\/wp-content\/uploads\/2025\/04\/Sem-titulo-216.jpg?fit=1200%2C630&ssl=1","jetpack_sharing_enabled":true,"_links":{"self":[{"href":"https:\/\/minutobahia24h.com.br\/index.php?rest_route=\/wp\/v2\/posts\/27601","targetHints":{"allow":["GET"]}}],"collection":[{"href":"https:\/\/minutobahia24h.com.br\/index.php?rest_route=\/wp\/v2\/posts"}],"about":[{"href":"https:\/\/minutobahia24h.com.br\/index.php?rest_route=\/wp\/v2\/types\/post"}],"author":[{"embeddable":true,"href":"https:\/\/minutobahia24h.com.br\/index.php?rest_route=\/wp\/v2\/users\/2"}],"replies":[{"embeddable":true,"href":"https:\/\/minutobahia24h.com.br\/index.php?rest_route=%2Fwp%2Fv2%2Fcomments&post=27601"}],"version-history":[{"count":1,"href":"https:\/\/minutobahia24h.com.br\/index.php?rest_route=\/wp\/v2\/posts\/27601\/revisions"}],"predecessor-version":[{"id":27603,"href":"https:\/\/minutobahia24h.com.br\/index.php?rest_route=\/wp\/v2\/posts\/27601\/revisions\/27603"}],"wp:featuredmedia":[{"embeddable":true,"href":"https:\/\/minutobahia24h.com.br\/index.php?rest_route=\/wp\/v2\/media\/27602"}],"wp:attachment":[{"href":"https:\/\/minutobahia24h.com.br\/index.php?rest_route=%2Fwp%2Fv2%2Fmedia&parent=27601"}],"wp:term":[{"taxonomy":"category","embeddable":true,"href":"https:\/\/minutobahia24h.com.br\/index.php?rest_route=%2Fwp%2Fv2%2Fcategories&post=27601"},{"taxonomy":"post_tag","embeddable":true,"href":"https:\/\/minutobahia24h.com.br\/index.php?rest_route=%2Fwp%2Fv2%2Ftags&post=27601"}],"curies":[{"name":"wp","href":"https:\/\/api.w.org\/{rel}","templated":true}]}}