{"id":27588,"date":"2025-04-14T08:02:46","date_gmt":"2025-04-14T11:02:46","guid":{"rendered":"https:\/\/minutobahia24h.com.br\/?p=27588"},"modified":"2025-04-14T08:02:47","modified_gmt":"2025-04-14T11:02:47","slug":"inscricoes-para-o-garantia-safra-na-regiao-2-seguem-ate-segunda-feira-14","status":"publish","type":"post","link":"https:\/\/minutobahia24h.com.br\/?p=27588","title":{"rendered":"Inscri\u00e7\u00f5es para o Garantia-Safra na Regi\u00e3o 2 seguem at\u00e9 segunda-feira (14)"},"content":{"rendered":"<div class=\"wp-block-image\">\n<figure class=\"aligncenter size-full\"><img data-recalc-dims=\"1\" fetchpriority=\"high\" decoding=\"async\" width=\"638\" height=\"427\" src=\"https:\/\/i0.wp.com\/minutobahia24h.com.br\/wp-content\/uploads\/2025\/04\/Sem-titulo-212.jpg?resize=638%2C427&#038;ssl=1\" alt=\"\" class=\"wp-image-27589\" srcset=\"https:\/\/i0.wp.com\/minutobahia24h.com.br\/wp-content\/uploads\/2025\/04\/Sem-titulo-212.jpg?w=638&amp;ssl=1 638w, https:\/\/i0.wp.com\/minutobahia24h.com.br\/wp-content\/uploads\/2025\/04\/Sem-titulo-212.jpg?resize=300%2C201&amp;ssl=1 300w\" sizes=\"(max-width: 638px) 100vw, 638px\" \/><\/figure>\n<\/div>\n\n\n<p>O per\u00edodo de inscri\u00e7\u00f5es para o Programa Garantia-Safra foi ampliado para os munic\u00edpios da Regi\u00e3o 2 da Bahia. Agora, os agricultores e agricultoras familiares t\u00eam at\u00e9 a pr\u00f3xima segunda-feira (14), para realizar a ades\u00e3o, com prazo estendido tamb\u00e9m para o pagamento do boleto, que poder\u00e1 ser feito at\u00e9 15 de maio de 2025. A decis\u00e3o de prorrogar o calend\u00e1rio foi tomada diante do agravamento da seca, que tem impactado significativamente as planta\u00e7\u00f5es de diversos territ\u00f3rios baianos.<\/p>\n\n\n\n<p>Voltado para fam\u00edlias agricultoras em situa\u00e7\u00e3o de vulnerabilidade, o Garantia-Safra assegura uma compensa\u00e7\u00e3o financeira em casos de perdas superiores a 50% da produ\u00e7\u00e3o, causadas por estiagem ou excesso de chuvas. Para participar, \u00e9 necess\u00e1rio ter renda bruta familiar mensal de at\u00e9 1,5 sal\u00e1rio m\u00ednimo e cultivar entre 0,6 e 5 hectares de alimentos b\u00e1sicos, como milho, feij\u00e3o e mandioca.<\/p>\n\n\n\n<p>As inscri\u00e7\u00f5es devem ser feitas junto \u00e0s prefeituras municipais, por meio das Secretarias de Agricultura, Sindicatos de Trabalhadores Rurais, Associa\u00e7\u00f5es ou Cooperativas de Agricultores e tamb\u00e9m nos SETAFs (Servi\u00e7os Territoriais de Apoio \u00e0 Agricultura Familiar).<\/p>\n\n\n\n<p>A prorroga\u00e7\u00e3o \u00e9 v\u00e1lida para os munic\u00edpios dos seguintes Territ\u00f3rios de Identidade: Bacia do Jacu\u00edpe, Itaparica, Litoral Norte e Agreste Baiano, M\u00e9dio Rio de Contas, Piemonte da Diamantina, Piemonte do Paragua\u00e7u, Piemonte Norte do Itapicuru, Portal do Sert\u00e3o, Rec\u00f4ncavo, Semi\u00e1rido Nordeste II, Sisal e Vale do Jiquiri\u00e7\u00e1.&nbsp;<\/p>\n\n\n\n<p>ivansilvanoticia<\/p>\n","protected":false},"excerpt":{"rendered":"<p>O per\u00edodo de inscri\u00e7\u00f5es para o Programa Garantia-Safra foi ampliado para os munic\u00edpios da Regi\u00e3o 2 da Bahia. Agora, os agricultores e agricultoras familiares t\u00eam at\u00e9 a pr\u00f3xima segunda-feira (14), para realizar a ades\u00e3o, com prazo estendido tamb\u00e9m para o pagamento do boleto, que poder\u00e1 ser feito at\u00e9 15 de maio de 2025. A decis\u00e3o [&hellip;]<\/p>\n","protected":false},"author":2,"featured_media":27589,"comment_status":"open","ping_status":"open","sticky":false,"template":"","format":"standard","meta":{"_jetpack_memberships_contains_paid_content":false,"footnotes":""},"categories":[46],"tags":[],"class_list":["post-27588","post","type-post","status-publish","format-standard","has-post-thumbnail","hentry","category-noticia"],"aioseo_notices":[],"jetpack_featured_media_url":"https:\/\/i0.wp.com\/minutobahia24h.com.br\/wp-content\/uploads\/2025\/04\/Sem-titulo-212.jpg?fit=638%2C427&ssl=1","jetpack_sharing_enabled":true,"_links":{"self":[{"href":"https:\/\/minutobahia24h.com.br\/index.php?rest_route=\/wp\/v2\/posts\/27588","targetHints":{"allow":["GET"]}}],"collection":[{"href":"https:\/\/minutobahia24h.com.br\/index.php?rest_route=\/wp\/v2\/posts"}],"about":[{"href":"https:\/\/minutobahia24h.com.br\/index.php?rest_route=\/wp\/v2\/types\/post"}],"author":[{"embeddable":true,"href":"https:\/\/minutobahia24h.com.br\/index.php?rest_route=\/wp\/v2\/users\/2"}],"replies":[{"embeddable":true,"href":"https:\/\/minutobahia24h.com.br\/index.php?rest_route=%2Fwp%2Fv2%2Fcomments&post=27588"}],"version-history":[{"count":1,"href":"https:\/\/minutobahia24h.com.br\/index.php?rest_route=\/wp\/v2\/posts\/27588\/revisions"}],"predecessor-version":[{"id":27590,"href":"https:\/\/minutobahia24h.com.br\/index.php?rest_route=\/wp\/v2\/posts\/27588\/revisions\/27590"}],"wp:featuredmedia":[{"embeddable":true,"href":"https:\/\/minutobahia24h.com.br\/index.php?rest_route=\/wp\/v2\/media\/27589"}],"wp:attachment":[{"href":"https:\/\/minutobahia24h.com.br\/index.php?rest_route=%2Fwp%2Fv2%2Fmedia&parent=27588"}],"wp:term":[{"taxonomy":"category","embeddable":true,"href":"https:\/\/minutobahia24h.com.br\/index.php?rest_route=%2Fwp%2Fv2%2Fcategories&post=27588"},{"taxonomy":"post_tag","embeddable":true,"href":"https:\/\/minutobahia24h.com.br\/index.php?rest_route=%2Fwp%2Fv2%2Ftags&post=27588"}],"curies":[{"name":"wp","href":"https:\/\/api.w.org\/{rel}","templated":true}]}}