{"id":27573,"date":"2025-04-14T07:56:14","date_gmt":"2025-04-14T10:56:14","guid":{"rendered":"https:\/\/minutobahia24h.com.br\/?p=27573"},"modified":"2025-04-14T07:56:16","modified_gmt":"2025-04-14T10:56:16","slug":"governo-tenta-retomar-discussao-sobre-regulacao-de-redes-sociais-no-congresso","status":"publish","type":"post","link":"https:\/\/minutobahia24h.com.br\/?p=27573","title":{"rendered":"Governo tenta retomar discuss\u00e3o sobre regula\u00e7\u00e3o de redes sociais no Congresso"},"content":{"rendered":"<div class=\"wp-block-image\">\n<figure class=\"aligncenter size-full\"><img data-recalc-dims=\"1\" fetchpriority=\"high\" decoding=\"async\" width=\"598\" height=\"417\" src=\"https:\/\/i0.wp.com\/minutobahia24h.com.br\/wp-content\/uploads\/2025\/04\/Sem-titulo-207.jpg?resize=598%2C417&#038;ssl=1\" alt=\"\" class=\"wp-image-27574\" srcset=\"https:\/\/i0.wp.com\/minutobahia24h.com.br\/wp-content\/uploads\/2025\/04\/Sem-titulo-207.jpg?w=598&amp;ssl=1 598w, https:\/\/i0.wp.com\/minutobahia24h.com.br\/wp-content\/uploads\/2025\/04\/Sem-titulo-207.jpg?resize=300%2C209&amp;ssl=1 300w\" sizes=\"(max-width: 598px) 100vw, 598px\" \/><figcaption class=\"wp-element-caption\">Foto: Gabby Jones\/ Bloomberg<br><\/figcaption><\/figure>\n<\/div>\n\n\n<p>O governo federal pretende reabrir o di\u00e1logo com o Congresso Nacional nas pr\u00f3ximas semanas para tentar incluir novamente na pauta legislativa o debate sobre a regula\u00e7\u00e3o das plataformas digitais. A informa\u00e7\u00e3o foi confirmada pelo secret\u00e1rio de Pol\u00edticas Digitais da Presid\u00eancia da Rep\u00fablica, Jo\u00e3o Brant, durante palestra na Funda\u00e7\u00e3o Oswaldo Cruz (Fiocruz).<\/p>\n\n\n\n<p>Segundo Brant, o Executivo est\u00e1 finalizando sua posi\u00e7\u00e3o sobre o tema, tanto no m\u00e9rito quanto na estrat\u00e9gia de tramita\u00e7\u00e3o. Ele defendeu que a regula\u00e7\u00e3o precisa equilibrar tr\u00eas pilares: a responsabilidade civil das plataformas; o dever de preven\u00e7\u00e3o e precau\u00e7\u00e3o \u2014 para evitar a dissemina\u00e7\u00e3o de conte\u00fados ilegais ou prejudiciais; e a mitiga\u00e7\u00e3o de riscos sist\u00eamicos \u00e0 sociedade.<\/p>\n\n\n\n<p>A principal proposta em discuss\u00e3o sobre o tema \u00e9 o Projeto de Lei 2.630\/2020, conhecido como PL das Fake News. O texto j\u00e1 foi aprovado no Senado, mas segue travado na C\u00e2mara dos Deputados por falta de consenso entre os parlamentares. O projeto prev\u00ea regras mais r\u00edgidas para atua\u00e7\u00e3o de plataformas digitais e mecanismos de responsabiliza\u00e7\u00e3o por conte\u00fados veiculados nas redes.<\/p>\n\n\n\n<p>Atualmente, essas empresas est\u00e3o submetidas ao Marco Civil da Internet, de 2014. O Artigo 19 da lei limita a responsabiliza\u00e7\u00e3o das plataformas a casos em que h\u00e1 descumprimento de ordem judicial de remo\u00e7\u00e3o de conte\u00fado, salvo exce\u00e7\u00f5es envolvendo imagens \u00edntimas sem consentimento ou infra\u00e7\u00f5es de direitos autorais.<\/p>\n","protected":false},"excerpt":{"rendered":"<p>O governo federal pretende reabrir o di\u00e1logo com o Congresso Nacional nas pr\u00f3ximas semanas para tentar incluir novamente na pauta legislativa o debate sobre a regula\u00e7\u00e3o das plataformas digitais. A informa\u00e7\u00e3o foi confirmada pelo secret\u00e1rio de Pol\u00edticas Digitais da Presid\u00eancia da Rep\u00fablica, Jo\u00e3o Brant, durante palestra na Funda\u00e7\u00e3o Oswaldo Cruz (Fiocruz). Segundo Brant, o Executivo [&hellip;]<\/p>\n","protected":false},"author":2,"featured_media":27574,"comment_status":"open","ping_status":"open","sticky":false,"template":"","format":"standard","meta":{"_jetpack_memberships_contains_paid_content":false,"footnotes":""},"categories":[39],"tags":[],"class_list":["post-27573","post","type-post","status-publish","format-standard","has-post-thumbnail","hentry","category-politica"],"aioseo_notices":[],"jetpack_featured_media_url":"https:\/\/i0.wp.com\/minutobahia24h.com.br\/wp-content\/uploads\/2025\/04\/Sem-titulo-207.jpg?fit=598%2C417&ssl=1","jetpack_sharing_enabled":true,"_links":{"self":[{"href":"https:\/\/minutobahia24h.com.br\/index.php?rest_route=\/wp\/v2\/posts\/27573","targetHints":{"allow":["GET"]}}],"collection":[{"href":"https:\/\/minutobahia24h.com.br\/index.php?rest_route=\/wp\/v2\/posts"}],"about":[{"href":"https:\/\/minutobahia24h.com.br\/index.php?rest_route=\/wp\/v2\/types\/post"}],"author":[{"embeddable":true,"href":"https:\/\/minutobahia24h.com.br\/index.php?rest_route=\/wp\/v2\/users\/2"}],"replies":[{"embeddable":true,"href":"https:\/\/minutobahia24h.com.br\/index.php?rest_route=%2Fwp%2Fv2%2Fcomments&post=27573"}],"version-history":[{"count":1,"href":"https:\/\/minutobahia24h.com.br\/index.php?rest_route=\/wp\/v2\/posts\/27573\/revisions"}],"predecessor-version":[{"id":27575,"href":"https:\/\/minutobahia24h.com.br\/index.php?rest_route=\/wp\/v2\/posts\/27573\/revisions\/27575"}],"wp:featuredmedia":[{"embeddable":true,"href":"https:\/\/minutobahia24h.com.br\/index.php?rest_route=\/wp\/v2\/media\/27574"}],"wp:attachment":[{"href":"https:\/\/minutobahia24h.com.br\/index.php?rest_route=%2Fwp%2Fv2%2Fmedia&parent=27573"}],"wp:term":[{"taxonomy":"category","embeddable":true,"href":"https:\/\/minutobahia24h.com.br\/index.php?rest_route=%2Fwp%2Fv2%2Fcategories&post=27573"},{"taxonomy":"post_tag","embeddable":true,"href":"https:\/\/minutobahia24h.com.br\/index.php?rest_route=%2Fwp%2Fv2%2Ftags&post=27573"}],"curies":[{"name":"wp","href":"https:\/\/api.w.org\/{rel}","templated":true}]}}