{"id":27556,"date":"2025-04-14T08:56:00","date_gmt":"2025-04-14T11:56:00","guid":{"rendered":"https:\/\/minutobahia24h.com.br\/?p=27556"},"modified":"2025-04-14T06:58:03","modified_gmt":"2025-04-14T09:58:03","slug":"bonfinense-beto-jambeiro-estara-no-programa-de-ana-maria-braga-em-competicao-pelos-60-anos-da-globo","status":"publish","type":"post","link":"https:\/\/minutobahia24h.com.br\/?p=27556","title":{"rendered":"Bonfinense Beto Jambeiro estar\u00e1 no programa de Ana Maria Braga em competi\u00e7\u00e3o pelos 60 anos da Globo"},"content":{"rendered":"<div class=\"wp-block-image\">\n<figure class=\"aligncenter size-full\"><img data-recalc-dims=\"1\" fetchpriority=\"high\" decoding=\"async\" width=\"739\" height=\"552\" src=\"https:\/\/i0.wp.com\/minutobahia24h.com.br\/wp-content\/uploads\/2025\/04\/Sem-titulo-202.jpg?resize=739%2C552&#038;ssl=1\" alt=\"\" class=\"wp-image-27557\" srcset=\"https:\/\/i0.wp.com\/minutobahia24h.com.br\/wp-content\/uploads\/2025\/04\/Sem-titulo-202.jpg?w=739&amp;ssl=1 739w, https:\/\/i0.wp.com\/minutobahia24h.com.br\/wp-content\/uploads\/2025\/04\/Sem-titulo-202.jpg?resize=300%2C224&amp;ssl=1 300w\" sizes=\"(max-width: 739px) 100vw, 739px\" \/><figcaption class=\"wp-element-caption\"><sub>Beto Jambeiro exibe o trof\u00e9u M\u00e9rito Lojista recebido em 2023 \u2013 Foto: Reprodu\u00e7\u00e3o \/ Facebook<\/sub><br><\/figcaption><\/figure>\n<\/div>\n\n\n<p>Na pr\u00f3xima ter\u00e7a-feira, 15 de abril, o confeiteiro bonfinense Beto Jambeiro ser\u00e1 um dos convidados do&nbsp;<strong><mark>Mais Voc\u00ea, apresentado por Ana Maria Braga<\/mark><\/strong>, para participar de uma competi\u00e7\u00e3o que escolher\u00e1 o&nbsp;<strong><mark>bolo oficial das comemora\u00e7\u00f5es dos 60 anos da TV Globo<\/mark><\/strong>.<\/p>\n\n\n\n<p>Reconhecido pelo talento e criatividade na confeitaria, Beto Jambeiro foi selecionado para representar a Bahia e Senhor do Bonfim, em uma disputa que reunir\u00e1 confeiteiros de diversas partes do pa\u00eds. A proposta \u00e9 elaborar um bolo tem\u00e1tico que simbolize as seis d\u00e9cadas da maior emissora do Brasil.<\/p>\n\n\n\n<p>A participa\u00e7\u00e3o de Beto Jambeiro no programa \u00e9 motivo de orgulho para todos os bonfinenses, que acompanham sua trajet\u00f3ria de sucesso e dedica\u00e7\u00e3o ao of\u00edcio. O programa vai ao ar na manh\u00e3 de ter\u00e7a, e toda a cidade est\u00e1 na torcida para que o talento bonfinense brilhe mais uma vez.<\/p>\n\n\n\n<p>blogdoeloiltoncajuhy<\/p>\n","protected":false},"excerpt":{"rendered":"<p>Na pr\u00f3xima ter\u00e7a-feira, 15 de abril, o confeiteiro bonfinense Beto Jambeiro ser\u00e1 um dos convidados do&nbsp;Mais Voc\u00ea, apresentado por Ana Maria Braga, para participar de uma competi\u00e7\u00e3o que escolher\u00e1 o&nbsp;bolo oficial das comemora\u00e7\u00f5es dos 60 anos da TV Globo. Reconhecido pelo talento e criatividade na confeitaria, Beto Jambeiro foi selecionado para representar a Bahia e [&hellip;]<\/p>\n","protected":false},"author":2,"featured_media":27557,"comment_status":"open","ping_status":"open","sticky":false,"template":"","format":"standard","meta":{"_jetpack_memberships_contains_paid_content":false,"footnotes":""},"categories":[3],"tags":[],"class_list":["post-27556","post","type-post","status-publish","format-standard","has-post-thumbnail","hentry","category-regional"],"aioseo_notices":[],"jetpack_featured_media_url":"https:\/\/i0.wp.com\/minutobahia24h.com.br\/wp-content\/uploads\/2025\/04\/Sem-titulo-202.jpg?fit=739%2C552&ssl=1","jetpack_sharing_enabled":true,"_links":{"self":[{"href":"https:\/\/minutobahia24h.com.br\/index.php?rest_route=\/wp\/v2\/posts\/27556","targetHints":{"allow":["GET"]}}],"collection":[{"href":"https:\/\/minutobahia24h.com.br\/index.php?rest_route=\/wp\/v2\/posts"}],"about":[{"href":"https:\/\/minutobahia24h.com.br\/index.php?rest_route=\/wp\/v2\/types\/post"}],"author":[{"embeddable":true,"href":"https:\/\/minutobahia24h.com.br\/index.php?rest_route=\/wp\/v2\/users\/2"}],"replies":[{"embeddable":true,"href":"https:\/\/minutobahia24h.com.br\/index.php?rest_route=%2Fwp%2Fv2%2Fcomments&post=27556"}],"version-history":[{"count":1,"href":"https:\/\/minutobahia24h.com.br\/index.php?rest_route=\/wp\/v2\/posts\/27556\/revisions"}],"predecessor-version":[{"id":27558,"href":"https:\/\/minutobahia24h.com.br\/index.php?rest_route=\/wp\/v2\/posts\/27556\/revisions\/27558"}],"wp:featuredmedia":[{"embeddable":true,"href":"https:\/\/minutobahia24h.com.br\/index.php?rest_route=\/wp\/v2\/media\/27557"}],"wp:attachment":[{"href":"https:\/\/minutobahia24h.com.br\/index.php?rest_route=%2Fwp%2Fv2%2Fmedia&parent=27556"}],"wp:term":[{"taxonomy":"category","embeddable":true,"href":"https:\/\/minutobahia24h.com.br\/index.php?rest_route=%2Fwp%2Fv2%2Fcategories&post=27556"},{"taxonomy":"post_tag","embeddable":true,"href":"https:\/\/minutobahia24h.com.br\/index.php?rest_route=%2Fwp%2Fv2%2Ftags&post=27556"}],"curies":[{"name":"wp","href":"https:\/\/api.w.org\/{rel}","templated":true}]}}