{"id":27548,"date":"2025-04-14T06:52:48","date_gmt":"2025-04-14T09:52:48","guid":{"rendered":"https:\/\/minutobahia24h.com.br\/?p=27548"},"modified":"2025-04-14T06:52:50","modified_gmt":"2025-04-14T09:52:50","slug":"senhor-do-bonfim-anuncia-atracoes-dos-festejos-juninos-2025-com-o-tema-sao-joao-minha-paixao","status":"publish","type":"post","link":"https:\/\/minutobahia24h.com.br\/?p=27548","title":{"rendered":"Senhor do Bonfim anuncia atra\u00e7\u00f5es dos festejos juninos 2025 com o tema \u201cS\u00e3o Jo\u00e3o, Minha Paix\u00e3o\u201d"},"content":{"rendered":"<div class=\"wp-block-image\">\n<figure class=\"aligncenter size-full\"><img data-recalc-dims=\"1\" fetchpriority=\"high\" decoding=\"async\" width=\"800\" height=\"448\" src=\"https:\/\/i0.wp.com\/minutobahia24h.com.br\/wp-content\/uploads\/2025\/04\/Sem-titulo-199.jpg?resize=800%2C448&#038;ssl=1\" alt=\"\" class=\"wp-image-27549\" srcset=\"https:\/\/i0.wp.com\/minutobahia24h.com.br\/wp-content\/uploads\/2025\/04\/Sem-titulo-199.jpg?w=1024&amp;ssl=1 1024w, https:\/\/i0.wp.com\/minutobahia24h.com.br\/wp-content\/uploads\/2025\/04\/Sem-titulo-199.jpg?resize=300%2C168&amp;ssl=1 300w, https:\/\/i0.wp.com\/minutobahia24h.com.br\/wp-content\/uploads\/2025\/04\/Sem-titulo-199.jpg?resize=768%2C430&amp;ssl=1 768w, https:\/\/i0.wp.com\/minutobahia24h.com.br\/wp-content\/uploads\/2025\/04\/Sem-titulo-199.jpg?resize=750%2C420&amp;ssl=1 750w\" sizes=\"(max-width: 800px) 100vw, 800px\" \/><figcaption class=\"wp-element-caption\">Foto: redessociais<br><\/figcaption><\/figure>\n<\/div>\n\n\n<p>Ap\u00f3s reuni\u00e3o com representantes do Minist\u00e9rio P\u00fablico e da Uni\u00e3o dos Munic\u00edpios da Bahia (UPB), que teve como pauta principal os impactos da estiagem em diversas regi\u00f5es do estado e a organiza\u00e7\u00e3o dos festejos juninos, A prefeitura de Senhor do Bonfim, anunciou oficialmente a grade de atra\u00e7\u00f5es do tradicional S\u00e3o Jo\u00e3o da cidade, al\u00e9m dos festejos de Santo Ant\u00f4nio nos distritos de Igara e Quic\u00e9.<\/p>\n\n\n\n<p>O an\u00fancio aconteceu neste s\u00e1bado (12), durante evento realizado na Pra\u00e7a Nova do Congresso, que ao lado do Parque da Cidade, tamb\u00e9m integrar\u00e1 o circuito oficial do S\u00e3o Jo\u00e3o bonfinense. O tema da festa ser\u00e1 \u201cS\u00e3o Jo\u00e3o, minha paix\u00e3o\u201d, prometendo manter a tradi\u00e7\u00e3o e refor\u00e7ar a import\u00e2ncia cultural dos festejos para a popula\u00e7\u00e3o e para o turismo local.<\/p>\n\n\n\n<h3 class=\"wp-block-heading\">Confira a programa\u00e7\u00e3o completa:<\/h3>\n\n\n\n<p><strong>Festejos de Santo Ant\u00f4nio:<\/strong><\/p>\n\n\n\n<ul class=\"wp-block-list\">\n<li><strong>Quic\u00e9 \u2013 07 de junho<\/strong>\n<ul class=\"wp-block-list\">\n<li>Toca do Vale<\/li>\n<\/ul>\n<\/li>\n\n\n\n<li><strong>Igara \u2013 14 de junho<\/strong>\n<ul class=\"wp-block-list\">\n<li>Lim\u00e3o com Mel<\/li>\n<\/ul>\n<\/li>\n<\/ul>\n\n\n\n<p><strong>S\u00e3o Jo\u00e3o de Senhor do Bonfim (19 a 24 de junho):<\/strong><\/p>\n\n\n\n<p><strong>Parque da Cidade \u2013 19 de junho<\/strong><\/p>\n\n\n\n<ul class=\"wp-block-list\">\n<li>Eric Land<\/li>\n\n\n\n<li>Natanzinho<\/li>\n\n\n\n<li>Henry Freitas<\/li>\n<\/ul>\n\n\n\n<p><strong>Parque da Cidade \u2013 20 de junho<\/strong><\/p>\n\n\n\n<ul class=\"wp-block-list\">\n<li>Z\u00e9 Vaqueiro<\/li>\n\n\n\n<li>L\u00e9o Foguete<\/li>\n\n\n\n<li>Lara Am\u00e9lia<\/li>\n<\/ul>\n\n\n\n<p><strong>Pra\u00e7a Nova do Congresso e Parque da Cidade \u2013 21 de junho<\/strong><\/p>\n\n\n\n<ul class=\"wp-block-list\">\n<li>Santana (Pra\u00e7a Nova)<\/li>\n\n\n\n<li>Sandrinho do Acordeon (Pra\u00e7a Nova)<\/li>\n\n\n\n<li>Seu Desejo<\/li>\n\n\n\n<li>Avine Vinny<\/li>\n\n\n\n<li>Xand Avi\u00e3o<\/li>\n<\/ul>\n\n\n\n<p><strong>Pra\u00e7a Nova do Congresso e Parque da Cidade \u2013 22 de junho<\/strong><\/p>\n\n\n\n<ul class=\"wp-block-list\">\n<li>Samuel Bernades (Pra\u00e7a Nova)<\/li>\n\n\n\n<li>Cicinho de Assis (Pra\u00e7a Nova)<\/li>\n\n\n\n<li>Calcinha Preta<\/li>\n\n\n\n<li>Jonas Esticado<\/li>\n\n\n\n<li>Mari Fernandes<\/li>\n<\/ul>\n\n\n\n<p><strong>Pra\u00e7a Nova do Congresso e Parque da Cidade \u2013 23 de junho<\/strong><\/p>\n\n\n\n<ul class=\"wp-block-list\">\n<li>Dois Amores (Pra\u00e7a Nova)<\/li>\n\n\n\n<li>Dudu Negreiro (Pra\u00e7a Nova)<\/li>\n\n\n\n<li>Fl\u00e1vio Jos\u00e9<\/li>\n\n\n\n<li>Pablo<\/li>\n\n\n\n<li>Vitor Fernandes<\/li>\n\n\n\n<li>Murilo Huff<\/li>\n\n\n\n<li>Ful\u00f4 de Maracuj\u00e1<\/li>\n<\/ul>\n\n\n\n<p><strong>Encerramento na Pra\u00e7a Nova do Congresso \u2013 24 de junho<\/strong><\/p>\n\n\n\n<ul class=\"wp-block-list\">\n<li>Henrique Sanfoneiro<\/li>\n\n\n\n<li>Eliene Martins<\/li>\n\n\n\n<li>Dorgival Dantas<\/li>\n<\/ul>\n\n\n\n<p>Al\u00e9m das celebra\u00e7\u00f5es juninas, o anivers\u00e1rio da cidade ser\u00e1 comemorado no dia&nbsp;<strong>28 de maio<\/strong>, com um show especial do cantor&nbsp;<strong>Alcymar Monteiro<\/strong>, considerado o \u201crei do forr\u00f3\u201d.<\/p>\n\n\n\n<p>Segundo o prefeito La\u00e9rcio J\u00fanior, a programa\u00e7\u00e3o foi planejada com responsabilidade e sensibilidade diante do atual cen\u00e1rio clim\u00e1tico, sem deixar de valorizar a tradi\u00e7\u00e3o cultural do S\u00e3o Jo\u00e3o e os artistas nordestinos. A expectativa \u00e9 de que o evento movimente a economia local, o com\u00e9rcio e o setor de turismo, atraindo visitantes de toda a Bahia e de outros estados.<\/p>\n\n\n\n<p>Por Ivan Silva<\/p>\n","protected":false},"excerpt":{"rendered":"<p>Ap\u00f3s reuni\u00e3o com representantes do Minist\u00e9rio P\u00fablico e da Uni\u00e3o dos Munic\u00edpios da Bahia (UPB), que teve como pauta principal os impactos da estiagem em diversas regi\u00f5es do estado e a organiza\u00e7\u00e3o dos festejos juninos, A prefeitura de Senhor do Bonfim, anunciou oficialmente a grade de atra\u00e7\u00f5es do tradicional S\u00e3o Jo\u00e3o da cidade, al\u00e9m dos [&hellip;]<\/p>\n","protected":false},"author":2,"featured_media":27549,"comment_status":"open","ping_status":"open","sticky":false,"template":"","format":"standard","meta":{"_jetpack_memberships_contains_paid_content":false,"footnotes":""},"categories":[3],"tags":[],"class_list":["post-27548","post","type-post","status-publish","format-standard","has-post-thumbnail","hentry","category-regional"],"aioseo_notices":[],"jetpack_featured_media_url":"https:\/\/i0.wp.com\/minutobahia24h.com.br\/wp-content\/uploads\/2025\/04\/Sem-titulo-199.jpg?fit=1024%2C573&ssl=1","jetpack_sharing_enabled":true,"_links":{"self":[{"href":"https:\/\/minutobahia24h.com.br\/index.php?rest_route=\/wp\/v2\/posts\/27548","targetHints":{"allow":["GET"]}}],"collection":[{"href":"https:\/\/minutobahia24h.com.br\/index.php?rest_route=\/wp\/v2\/posts"}],"about":[{"href":"https:\/\/minutobahia24h.com.br\/index.php?rest_route=\/wp\/v2\/types\/post"}],"author":[{"embeddable":true,"href":"https:\/\/minutobahia24h.com.br\/index.php?rest_route=\/wp\/v2\/users\/2"}],"replies":[{"embeddable":true,"href":"https:\/\/minutobahia24h.com.br\/index.php?rest_route=%2Fwp%2Fv2%2Fcomments&post=27548"}],"version-history":[{"count":1,"href":"https:\/\/minutobahia24h.com.br\/index.php?rest_route=\/wp\/v2\/posts\/27548\/revisions"}],"predecessor-version":[{"id":27550,"href":"https:\/\/minutobahia24h.com.br\/index.php?rest_route=\/wp\/v2\/posts\/27548\/revisions\/27550"}],"wp:featuredmedia":[{"embeddable":true,"href":"https:\/\/minutobahia24h.com.br\/index.php?rest_route=\/wp\/v2\/media\/27549"}],"wp:attachment":[{"href":"https:\/\/minutobahia24h.com.br\/index.php?rest_route=%2Fwp%2Fv2%2Fmedia&parent=27548"}],"wp:term":[{"taxonomy":"category","embeddable":true,"href":"https:\/\/minutobahia24h.com.br\/index.php?rest_route=%2Fwp%2Fv2%2Fcategories&post=27548"},{"taxonomy":"post_tag","embeddable":true,"href":"https:\/\/minutobahia24h.com.br\/index.php?rest_route=%2Fwp%2Fv2%2Ftags&post=27548"}],"curies":[{"name":"wp","href":"https:\/\/api.w.org\/{rel}","templated":true}]}}