{"id":27455,"date":"2025-04-10T16:56:04","date_gmt":"2025-04-10T19:56:04","guid":{"rendered":"https:\/\/minutobahia24h.com.br\/?p=27455"},"modified":"2025-04-10T16:56:05","modified_gmt":"2025-04-10T19:56:05","slug":"ba-amplia-em-55-numero-de-estudantes-na-educacao-em-tempo-integral-diz-mec","status":"publish","type":"post","link":"https:\/\/minutobahia24h.com.br\/?p=27455","title":{"rendered":"BA amplia em 55% n\u00famero de estudantes na Educa\u00e7\u00e3o em Tempo Integral, diz MEC"},"content":{"rendered":"<div class=\"wp-block-image\">\n<figure class=\"aligncenter size-full\"><img data-recalc-dims=\"1\" fetchpriority=\"high\" decoding=\"async\" width=\"768\" height=\"512\" src=\"https:\/\/i0.wp.com\/minutobahia24h.com.br\/wp-content\/uploads\/2025\/04\/Sem-titulo-172.jpg?resize=768%2C512&#038;ssl=1\" alt=\"\" class=\"wp-image-27456\" srcset=\"https:\/\/i0.wp.com\/minutobahia24h.com.br\/wp-content\/uploads\/2025\/04\/Sem-titulo-172.jpg?w=768&amp;ssl=1 768w, https:\/\/i0.wp.com\/minutobahia24h.com.br\/wp-content\/uploads\/2025\/04\/Sem-titulo-172.jpg?resize=300%2C200&amp;ssl=1 300w, https:\/\/i0.wp.com\/minutobahia24h.com.br\/wp-content\/uploads\/2025\/04\/Sem-titulo-172.jpg?resize=750%2C500&amp;ssl=1 750w\" sizes=\"(max-width: 768px) 100vw, 768px\" \/><figcaption class=\"wp-element-caption\">Foto: Emerson Santos\/GovBA<br><\/figcaption><\/figure>\n<\/div>\n\n\n<p>Em um ano, a rede estadual de Ensino da Bahia registrou um aumento de, aproximadamente, 55% no n\u00famero de estudantes matriculados na Educa\u00e7\u00e3o em Tempo Integral. \u00c9 o que revelam os dados do Censo Escolar 2024, divulgados quarta-feira (9) pelo Minist\u00e9rio da Educa\u00e7\u00e3o (MEC). Ao todo, o n\u00famero de matr\u00edculas em tempo integral saltou de 57.731, em 2023, para 89.706, em 2024.<\/p>\n\n\n\n<p>Durante a apresenta\u00e7\u00e3o dos dados, o crescimento no n\u00famero de estudantes matriculados em tempo integral foi destacado pelo ministro da Educa\u00e7\u00e3o, Camilo Santana. Na Bahia, em 2023, havia 451.119 estudantes matriculados na Educa\u00e7\u00e3o Integral em todas as modalidades, tanto na rede estadual, quanto nas municipais. J\u00e1 em 2024, este n\u00famero aumentou para 523.690.<\/p>\n\n\n\n<p>Somente na modalidade Ensino M\u00e9dio Integral, a quantidade de matriculados cresceu de 49.419, em 2023, para 79.549, em 2024. O avan\u00e7o \u00e9 fruto de uma s\u00e9rie de a\u00e7\u00f5es do Estado, como o regime de colabora\u00e7\u00e3o com os munic\u00edpios, a moderniza\u00e7\u00e3o da infraestrutura escolar, a forma\u00e7\u00e3o continuada de educadores e a implementa\u00e7\u00e3o de pol\u00edticas de perman\u00eancia estudantil.<\/p>\n\n\n\n<p>carlosbritto<\/p>\n","protected":false},"excerpt":{"rendered":"<p>Em um ano, a rede estadual de Ensino da Bahia registrou um aumento de, aproximadamente, 55% no n\u00famero de estudantes matriculados na Educa\u00e7\u00e3o em Tempo Integral. \u00c9 o que revelam os dados do Censo Escolar 2024, divulgados quarta-feira (9) pelo Minist\u00e9rio da Educa\u00e7\u00e3o (MEC). Ao todo, o n\u00famero de matr\u00edculas em tempo integral saltou de [&hellip;]<\/p>\n","protected":false},"author":2,"featured_media":27456,"comment_status":"open","ping_status":"open","sticky":false,"template":"","format":"standard","meta":{"_jetpack_memberships_contains_paid_content":false,"footnotes":""},"categories":[34],"tags":[],"class_list":["post-27455","post","type-post","status-publish","format-standard","has-post-thumbnail","hentry","category-educacao"],"aioseo_notices":[],"jetpack_featured_media_url":"https:\/\/i0.wp.com\/minutobahia24h.com.br\/wp-content\/uploads\/2025\/04\/Sem-titulo-172.jpg?fit=768%2C512&ssl=1","jetpack_sharing_enabled":true,"_links":{"self":[{"href":"https:\/\/minutobahia24h.com.br\/index.php?rest_route=\/wp\/v2\/posts\/27455","targetHints":{"allow":["GET"]}}],"collection":[{"href":"https:\/\/minutobahia24h.com.br\/index.php?rest_route=\/wp\/v2\/posts"}],"about":[{"href":"https:\/\/minutobahia24h.com.br\/index.php?rest_route=\/wp\/v2\/types\/post"}],"author":[{"embeddable":true,"href":"https:\/\/minutobahia24h.com.br\/index.php?rest_route=\/wp\/v2\/users\/2"}],"replies":[{"embeddable":true,"href":"https:\/\/minutobahia24h.com.br\/index.php?rest_route=%2Fwp%2Fv2%2Fcomments&post=27455"}],"version-history":[{"count":1,"href":"https:\/\/minutobahia24h.com.br\/index.php?rest_route=\/wp\/v2\/posts\/27455\/revisions"}],"predecessor-version":[{"id":27457,"href":"https:\/\/minutobahia24h.com.br\/index.php?rest_route=\/wp\/v2\/posts\/27455\/revisions\/27457"}],"wp:featuredmedia":[{"embeddable":true,"href":"https:\/\/minutobahia24h.com.br\/index.php?rest_route=\/wp\/v2\/media\/27456"}],"wp:attachment":[{"href":"https:\/\/minutobahia24h.com.br\/index.php?rest_route=%2Fwp%2Fv2%2Fmedia&parent=27455"}],"wp:term":[{"taxonomy":"category","embeddable":true,"href":"https:\/\/minutobahia24h.com.br\/index.php?rest_route=%2Fwp%2Fv2%2Fcategories&post=27455"},{"taxonomy":"post_tag","embeddable":true,"href":"https:\/\/minutobahia24h.com.br\/index.php?rest_route=%2Fwp%2Fv2%2Ftags&post=27455"}],"curies":[{"name":"wp","href":"https:\/\/api.w.org\/{rel}","templated":true}]}}