{"id":27452,"date":"2025-04-10T16:55:00","date_gmt":"2025-04-10T19:55:00","guid":{"rendered":"https:\/\/minutobahia24h.com.br\/?p=27452"},"modified":"2025-04-10T16:55:01","modified_gmt":"2025-04-10T19:55:01","slug":"maes-de-autistas-pedem-socorro-ao-poder-publico-de-terra-nova","status":"publish","type":"post","link":"https:\/\/minutobahia24h.com.br\/?p=27452","title":{"rendered":"M\u00e3es de autistas pedem socorro ao Poder P\u00fablico de Terra Nova"},"content":{"rendered":"<div class=\"wp-block-image\">\n<figure class=\"aligncenter size-full\"><img data-recalc-dims=\"1\" fetchpriority=\"high\" decoding=\"async\" width=\"700\" height=\"466\" src=\"https:\/\/i0.wp.com\/minutobahia24h.com.br\/wp-content\/uploads\/2025\/04\/Sem-titulo-171.jpg?resize=700%2C466&#038;ssl=1\" alt=\"\" class=\"wp-image-27453\" srcset=\"https:\/\/i0.wp.com\/minutobahia24h.com.br\/wp-content\/uploads\/2025\/04\/Sem-titulo-171.jpg?w=700&amp;ssl=1 700w, https:\/\/i0.wp.com\/minutobahia24h.com.br\/wp-content\/uploads\/2025\/04\/Sem-titulo-171.jpg?resize=300%2C200&amp;ssl=1 300w\" sizes=\"(max-width: 700px) 100vw, 700px\" \/><figcaption class=\"wp-element-caption\">Foto: reprodu\u00e7\u00e3o<br><\/figcaption><\/figure>\n<\/div>\n\n\n<p>M\u00e3es de crian\u00e7as com autismo em Terra Nova (PE), no Sert\u00e3o Central, denunciaram o abandono terap\u00eautico por parte do poder p\u00fablico e pedem ajuda urgente da prefeitura. Segundo elas, h\u00e1 mais de um ano os filhos est\u00e3o sem acesso a psic\u00f3logos, psicopedagogos e demais profissionais essenciais para o desenvolvimento adequado. Sem alternativas, as fam\u00edlias est\u00e3o usando as redes sociais para cobrar provid\u00eancias.<\/p>\n\n\n\n<p>\u201c<em>Nas redes sociais \u00e9 tudo muito bonito. Todo mundo est\u00e1 na luta, todo mundo abra\u00e7a a causa. Mas na vida real n\u00e3o \u00e9 bem assim<\/em>\u201d, desabafou Magda Cala\u00e7a, uma dessas m\u00e3es. Magda faz parte do movimento \u201cM\u00e3es At\u00edpicas\u201d, um grupo formado por mulheres que lutam por inclus\u00e3o, acessibilidade, respeito e, principalmente, pelo cumprimento dos direitos garantidos por lei \u00e0s pessoas com Transtorno do Espectro Autista (TEA).<\/p>\n\n\n\n<p>Segundo ela, a cidade n\u00e3o conta mais com atendimentos especializados. \u201c<em>Nossas crian\u00e7as t\u00eam a capacidade de se desenvolver mentalmente, intelectualmente. Mas pra isso precisam de apoio desses profissionais, que n\u00e3o est\u00e1 tendo no munic\u00edpio<\/em>\u201d, afirmou. Ela explicou que, at\u00e9 pouco tempo, havia uma psic\u00f3loga e uma psicopedagoga que atendiam no munic\u00edpio, mas os servi\u00e7os foram interrompidos.<\/p>\n\n\n\n<p>A realidade das m\u00e3es \u00e9 ainda mais dif\u00edcil devido \u00e0 falta de recursos financeiros. \u201c<em>A gente mora numa cidade sem renda, sem emprego. N\u00e3o pudemos pagar o tratamento dos nossos filhos. Por isso pedimos ajuda ao munic\u00edpio. Tenham piedade da gente<\/em>\u201d, concluiu Magda, em um v\u00eddeo carregado de sinceridade e emo\u00e7\u00e3o. O apelo ganhou for\u00e7a nas redes sociais e trouxe \u00e0 tona o debate sobre a efetiva\u00e7\u00e3o de pol\u00edticas p\u00fablicas voltadas \u00e0s pessoas com defici\u00eancia. <\/p>\n\n\n\n<p>Terra Nova Online<\/p>\n","protected":false},"excerpt":{"rendered":"<p>M\u00e3es de crian\u00e7as com autismo em Terra Nova (PE), no Sert\u00e3o Central, denunciaram o abandono terap\u00eautico por parte do poder p\u00fablico e pedem ajuda urgente da prefeitura. Segundo elas, h\u00e1 mais de um ano os filhos est\u00e3o sem acesso a psic\u00f3logos, psicopedagogos e demais profissionais essenciais para o desenvolvimento adequado. Sem alternativas, as fam\u00edlias est\u00e3o [&hellip;]<\/p>\n","protected":false},"author":2,"featured_media":27453,"comment_status":"open","ping_status":"open","sticky":false,"template":"","format":"standard","meta":{"_jetpack_memberships_contains_paid_content":false,"footnotes":""},"categories":[46],"tags":[],"class_list":["post-27452","post","type-post","status-publish","format-standard","has-post-thumbnail","hentry","category-noticia"],"aioseo_notices":[],"jetpack_featured_media_url":"https:\/\/i0.wp.com\/minutobahia24h.com.br\/wp-content\/uploads\/2025\/04\/Sem-titulo-171.jpg?fit=700%2C466&ssl=1","jetpack_sharing_enabled":true,"_links":{"self":[{"href":"https:\/\/minutobahia24h.com.br\/index.php?rest_route=\/wp\/v2\/posts\/27452","targetHints":{"allow":["GET"]}}],"collection":[{"href":"https:\/\/minutobahia24h.com.br\/index.php?rest_route=\/wp\/v2\/posts"}],"about":[{"href":"https:\/\/minutobahia24h.com.br\/index.php?rest_route=\/wp\/v2\/types\/post"}],"author":[{"embeddable":true,"href":"https:\/\/minutobahia24h.com.br\/index.php?rest_route=\/wp\/v2\/users\/2"}],"replies":[{"embeddable":true,"href":"https:\/\/minutobahia24h.com.br\/index.php?rest_route=%2Fwp%2Fv2%2Fcomments&post=27452"}],"version-history":[{"count":1,"href":"https:\/\/minutobahia24h.com.br\/index.php?rest_route=\/wp\/v2\/posts\/27452\/revisions"}],"predecessor-version":[{"id":27454,"href":"https:\/\/minutobahia24h.com.br\/index.php?rest_route=\/wp\/v2\/posts\/27452\/revisions\/27454"}],"wp:featuredmedia":[{"embeddable":true,"href":"https:\/\/minutobahia24h.com.br\/index.php?rest_route=\/wp\/v2\/media\/27453"}],"wp:attachment":[{"href":"https:\/\/minutobahia24h.com.br\/index.php?rest_route=%2Fwp%2Fv2%2Fmedia&parent=27452"}],"wp:term":[{"taxonomy":"category","embeddable":true,"href":"https:\/\/minutobahia24h.com.br\/index.php?rest_route=%2Fwp%2Fv2%2Fcategories&post=27452"},{"taxonomy":"post_tag","embeddable":true,"href":"https:\/\/minutobahia24h.com.br\/index.php?rest_route=%2Fwp%2Fv2%2Ftags&post=27452"}],"curies":[{"name":"wp","href":"https:\/\/api.w.org\/{rel}","templated":true}]}}