{"id":27443,"date":"2025-04-10T16:50:59","date_gmt":"2025-04-10T19:50:59","guid":{"rendered":"https:\/\/minutobahia24h.com.br\/?p=27443"},"modified":"2025-04-10T16:51:01","modified_gmt":"2025-04-10T19:51:01","slug":"prefeitura-anuncia-cancelamento-dos-festejos-de-sao-joao-por-crise-financeira","status":"publish","type":"post","link":"https:\/\/minutobahia24h.com.br\/?p=27443","title":{"rendered":"Prefeitura anuncia cancelamento dos festejos de S\u00e3o Jo\u00e3o por crise financeira"},"content":{"rendered":"<div class=\"wp-block-image\">\n<figure class=\"aligncenter size-full\"><img data-recalc-dims=\"1\" fetchpriority=\"high\" decoding=\"async\" width=\"600\" height=\"417\" src=\"https:\/\/i0.wp.com\/minutobahia24h.com.br\/wp-content\/uploads\/2025\/04\/Sem-titulo-168.jpg?resize=600%2C417&#038;ssl=1\" alt=\"\" class=\"wp-image-27444\" srcset=\"https:\/\/i0.wp.com\/minutobahia24h.com.br\/wp-content\/uploads\/2025\/04\/Sem-titulo-168.jpg?w=600&amp;ssl=1 600w, https:\/\/i0.wp.com\/minutobahia24h.com.br\/wp-content\/uploads\/2025\/04\/Sem-titulo-168.jpg?resize=300%2C209&amp;ssl=1 300w\" sizes=\"(max-width: 600px) 100vw, 600px\" \/><figcaption class=\"wp-element-caption\">Foto: Reprodu\u00e7\u00e3o\/Assessoria<br><\/figcaption><\/figure>\n<\/div>\n\n\n<p>A Prefeitura de Lauro de Freitas, na Regi\u00e3o Metropolitana de Salvador (RMS), anunciou o cancelamento dos festejos de S\u00e3o Jo\u00e3o deste ano. A medida foi motivada pela situa\u00e7\u00e3o financeira cr\u00edtica enfrentada pelo munic\u00edpio. Segundo a prefeita D\u00e9bora Regis (Uni\u00e3o Brasil), a cidade dever\u00e1 permanecer sem a realiza\u00e7\u00e3o de festas por tempo indeterminado. \u201cN\u00e3o temos condi\u00e7\u00e3o de fazer festa. A gente precisa primeiro resolver a quest\u00e3o financeira da cidade\u201d, declarou.<\/p>\n\n\n\n<p>A gestora tamb\u00e9m afirmou que s\u00f3 haver\u00e1 possibilidade de retomar os festejos juninos caso sejam destinadas emendas parlamentares espec\u00edficas para custear a estrutura e as atra\u00e7\u00f5es. \u201cA probabilidade de n\u00e3o haver S\u00e3o Jo\u00e3o \u00e9 muito grande. S\u00f3 faremos algo se houver emendas parlamentares, com bandas e estrutura custeadas por fora\u201d, completou.<\/p>\n\n\n\n<p>D\u00e9bora R\u00e9gis decretou, no dia 8 de janeiro, estado de emerg\u00eancia e calamidade financeira em Lauro de Freitas. Segundo ela, a situa\u00e7\u00e3o \u00e9 consequ\u00eancia da gest\u00e3o anterior da ex-prefeita Moema Gramacho (PT).<\/p>\n\n\n\n<p>Bahia.ba<\/p>\n","protected":false},"excerpt":{"rendered":"<p>A Prefeitura de Lauro de Freitas, na Regi\u00e3o Metropolitana de Salvador (RMS), anunciou o cancelamento dos festejos de S\u00e3o Jo\u00e3o deste ano. A medida foi motivada pela situa\u00e7\u00e3o financeira cr\u00edtica enfrentada pelo munic\u00edpio. Segundo a prefeita D\u00e9bora Regis (Uni\u00e3o Brasil), a cidade dever\u00e1 permanecer sem a realiza\u00e7\u00e3o de festas por tempo indeterminado. \u201cN\u00e3o temos condi\u00e7\u00e3o [&hellip;]<\/p>\n","protected":false},"author":2,"featured_media":27444,"comment_status":"open","ping_status":"open","sticky":false,"template":"","format":"standard","meta":{"_jetpack_memberships_contains_paid_content":false,"footnotes":""},"categories":[3],"tags":[],"class_list":["post-27443","post","type-post","status-publish","format-standard","has-post-thumbnail","hentry","category-regional"],"aioseo_notices":[],"jetpack_featured_media_url":"https:\/\/i0.wp.com\/minutobahia24h.com.br\/wp-content\/uploads\/2025\/04\/Sem-titulo-168.jpg?fit=600%2C417&ssl=1","jetpack_sharing_enabled":true,"_links":{"self":[{"href":"https:\/\/minutobahia24h.com.br\/index.php?rest_route=\/wp\/v2\/posts\/27443","targetHints":{"allow":["GET"]}}],"collection":[{"href":"https:\/\/minutobahia24h.com.br\/index.php?rest_route=\/wp\/v2\/posts"}],"about":[{"href":"https:\/\/minutobahia24h.com.br\/index.php?rest_route=\/wp\/v2\/types\/post"}],"author":[{"embeddable":true,"href":"https:\/\/minutobahia24h.com.br\/index.php?rest_route=\/wp\/v2\/users\/2"}],"replies":[{"embeddable":true,"href":"https:\/\/minutobahia24h.com.br\/index.php?rest_route=%2Fwp%2Fv2%2Fcomments&post=27443"}],"version-history":[{"count":1,"href":"https:\/\/minutobahia24h.com.br\/index.php?rest_route=\/wp\/v2\/posts\/27443\/revisions"}],"predecessor-version":[{"id":27445,"href":"https:\/\/minutobahia24h.com.br\/index.php?rest_route=\/wp\/v2\/posts\/27443\/revisions\/27445"}],"wp:featuredmedia":[{"embeddable":true,"href":"https:\/\/minutobahia24h.com.br\/index.php?rest_route=\/wp\/v2\/media\/27444"}],"wp:attachment":[{"href":"https:\/\/minutobahia24h.com.br\/index.php?rest_route=%2Fwp%2Fv2%2Fmedia&parent=27443"}],"wp:term":[{"taxonomy":"category","embeddable":true,"href":"https:\/\/minutobahia24h.com.br\/index.php?rest_route=%2Fwp%2Fv2%2Fcategories&post=27443"},{"taxonomy":"post_tag","embeddable":true,"href":"https:\/\/minutobahia24h.com.br\/index.php?rest_route=%2Fwp%2Fv2%2Ftags&post=27443"}],"curies":[{"name":"wp","href":"https:\/\/api.w.org\/{rel}","templated":true}]}}