{"id":27427,"date":"2025-04-10T08:16:41","date_gmt":"2025-04-10T11:16:41","guid":{"rendered":"https:\/\/minutobahia24h.com.br\/?p=27427"},"modified":"2025-04-10T08:16:43","modified_gmt":"2025-04-10T11:16:43","slug":"em-honduras-lula-comenta-tarifaco-e-fala-em-efeito-devastador-na-economia-mundial","status":"publish","type":"post","link":"https:\/\/minutobahia24h.com.br\/?p=27427","title":{"rendered":"Em Honduras, Lula comenta tarifa\u00e7o e fala em \u2018efeito devastador\u2019 na economia mundial"},"content":{"rendered":"<div class=\"wp-block-image\">\n<figure class=\"aligncenter size-full\"><img data-recalc-dims=\"1\" fetchpriority=\"high\" decoding=\"async\" width=\"598\" height=\"419\" src=\"https:\/\/i0.wp.com\/minutobahia24h.com.br\/wp-content\/uploads\/2025\/04\/Sem-titulo-166.jpg?resize=598%2C419&#038;ssl=1\" alt=\"\" class=\"wp-image-27428\" srcset=\"https:\/\/i0.wp.com\/minutobahia24h.com.br\/wp-content\/uploads\/2025\/04\/Sem-titulo-166.jpg?w=598&amp;ssl=1 598w, https:\/\/i0.wp.com\/minutobahia24h.com.br\/wp-content\/uploads\/2025\/04\/Sem-titulo-166.jpg?resize=300%2C210&amp;ssl=1 300w\" sizes=\"(max-width: 598px) 100vw, 598px\" \/><figcaption class=\"wp-element-caption\">Foto: Marcelo Camargo\/Ag\u00eancia Brasil<br><\/figcaption><\/figure>\n<\/div>\n\n\n<p>Ap\u00f3s participar da Celac (C\u00fapula da Comunidade de Estados Latino-americanos e Caribenhos), em Honduras, o presidente Lula (PT) falou com jornalistas e se mostrou preocupado com decis\u00f5es unilaterais dos Estados Unidos de aplicar tarifas em produtos de todos os parceiros comerciais do planeta.<\/p>\n\n\n\n<p>O petista apontou riscos de um \u201cefeito devastador\u201d na economia mundial. \u201cN\u00f3s n\u00e3o sabemos qual vai ser o efeito devastador disso na economia. \u00c9 preciso saber quanto vai custar isso do ponto de vista do pre\u00e7o dos produtos, da rela\u00e7\u00e3o multilateral\u201d, criticou Lula nesta quarta-feira (9).<\/p>\n\n\n\n<p>O l\u00edder brasileiro comentou a nova decis\u00e3o do presidente dos Estados Unidos (EUA), que aumentou ainda mais as tarifas contra a China, ao mesmo tempo em que reduziu as cobran\u00e7as adicionais para outros 75 pa\u00edses.<\/p>\n\n\n\n<p>Lula disse que m\u00e9todo sinaliza a inten\u00e7\u00e3o de um confronto direto com os asi\u00e1ticos e p\u00f5e em xeque a sustentabilidade do multilateralismo e equil\u00edbrio entre os pa\u00edses.<\/p>\n\n\n\n<p>\u201cMe parece que t\u00e1 ficando cada vez mais vis\u00edvel que \u00e9 uma briga pessoal [de Trump] com a China. Ora, querer fazer negocia\u00e7\u00e3o individual \u00e9 colocar fim no multilateralismo. E o multilateralismo \u00e9 muito importante para a tranquilidade econ\u00f4mica que o mundo precisa. N\u00e3o \u00e9 aceit\u00e1vel a hegemonia deum pa\u00eds, nem militar, nem cultural, nem industrial, nem tecnol\u00f3gica e nem econ\u00f4mica sobre os outros\u201d, disse o presidente do Brasil.<\/p>\n\n\n\n<p>Lula citou a postura do governo brasileiro e disse que haver\u00e1 reciprocidade, caso, ao final das negocia\u00e7\u00f5es, as tarifas se mantenham. \u201cVamos utilizar todas as palavras de negocia\u00e7\u00e3o que o dicion\u00e1rio permitir. Depois que acabar, n\u00f3s vamos tomar as decis\u00f5es que entendermos serem cab\u00edveis\u201d, finalizou.<\/p>\n\n\n\n<p>Bahia.ba<\/p>\n","protected":false},"excerpt":{"rendered":"<p>Ap\u00f3s participar da Celac (C\u00fapula da Comunidade de Estados Latino-americanos e Caribenhos), em Honduras, o presidente Lula (PT) falou com jornalistas e se mostrou preocupado com decis\u00f5es unilaterais dos Estados Unidos de aplicar tarifas em produtos de todos os parceiros comerciais do planeta. O petista apontou riscos de um \u201cefeito devastador\u201d na economia mundial. \u201cN\u00f3s [&hellip;]<\/p>\n","protected":false},"author":2,"featured_media":27428,"comment_status":"open","ping_status":"open","sticky":false,"template":"","format":"standard","meta":{"_jetpack_memberships_contains_paid_content":false,"footnotes":""},"categories":[39],"tags":[],"class_list":["post-27427","post","type-post","status-publish","format-standard","has-post-thumbnail","hentry","category-politica"],"aioseo_notices":[],"jetpack_featured_media_url":"https:\/\/i0.wp.com\/minutobahia24h.com.br\/wp-content\/uploads\/2025\/04\/Sem-titulo-166.jpg?fit=598%2C419&ssl=1","jetpack_sharing_enabled":true,"_links":{"self":[{"href":"https:\/\/minutobahia24h.com.br\/index.php?rest_route=\/wp\/v2\/posts\/27427","targetHints":{"allow":["GET"]}}],"collection":[{"href":"https:\/\/minutobahia24h.com.br\/index.php?rest_route=\/wp\/v2\/posts"}],"about":[{"href":"https:\/\/minutobahia24h.com.br\/index.php?rest_route=\/wp\/v2\/types\/post"}],"author":[{"embeddable":true,"href":"https:\/\/minutobahia24h.com.br\/index.php?rest_route=\/wp\/v2\/users\/2"}],"replies":[{"embeddable":true,"href":"https:\/\/minutobahia24h.com.br\/index.php?rest_route=%2Fwp%2Fv2%2Fcomments&post=27427"}],"version-history":[{"count":1,"href":"https:\/\/minutobahia24h.com.br\/index.php?rest_route=\/wp\/v2\/posts\/27427\/revisions"}],"predecessor-version":[{"id":27429,"href":"https:\/\/minutobahia24h.com.br\/index.php?rest_route=\/wp\/v2\/posts\/27427\/revisions\/27429"}],"wp:featuredmedia":[{"embeddable":true,"href":"https:\/\/minutobahia24h.com.br\/index.php?rest_route=\/wp\/v2\/media\/27428"}],"wp:attachment":[{"href":"https:\/\/minutobahia24h.com.br\/index.php?rest_route=%2Fwp%2Fv2%2Fmedia&parent=27427"}],"wp:term":[{"taxonomy":"category","embeddable":true,"href":"https:\/\/minutobahia24h.com.br\/index.php?rest_route=%2Fwp%2Fv2%2Fcategories&post=27427"},{"taxonomy":"post_tag","embeddable":true,"href":"https:\/\/minutobahia24h.com.br\/index.php?rest_route=%2Fwp%2Fv2%2Ftags&post=27427"}],"curies":[{"name":"wp","href":"https:\/\/api.w.org\/{rel}","templated":true}]}}