{"id":27420,"date":"2025-04-10T08:14:16","date_gmt":"2025-04-10T11:14:16","guid":{"rendered":"https:\/\/minutobahia24h.com.br\/?p=27420"},"modified":"2025-04-10T08:14:18","modified_gmt":"2025-04-10T11:14:18","slug":"combustivel-para-o-cerebro-estudos-apontam-relacao-entre-consumo-de-cafe-e-melhora-na-saude-mental","status":"publish","type":"post","link":"https:\/\/minutobahia24h.com.br\/?p=27420","title":{"rendered":"Combust\u00edvel para o c\u00e9rebro: estudos apontam rela\u00e7\u00e3o entre consumo de caf\u00e9 e melhora na sa\u00fade mental"},"content":{"rendered":"<div class=\"wp-block-image\">\n<figure class=\"aligncenter size-full\"><img data-recalc-dims=\"1\" fetchpriority=\"high\" decoding=\"async\" width=\"800\" height=\"533\" src=\"https:\/\/i0.wp.com\/minutobahia24h.com.br\/wp-content\/uploads\/2025\/04\/Sem-titulo-164.jpg?resize=800%2C533&#038;ssl=1\" alt=\"\" class=\"wp-image-27421\" srcset=\"https:\/\/i0.wp.com\/minutobahia24h.com.br\/wp-content\/uploads\/2025\/04\/Sem-titulo-164.jpg?w=889&amp;ssl=1 889w, https:\/\/i0.wp.com\/minutobahia24h.com.br\/wp-content\/uploads\/2025\/04\/Sem-titulo-164.jpg?resize=300%2C200&amp;ssl=1 300w, https:\/\/i0.wp.com\/minutobahia24h.com.br\/wp-content\/uploads\/2025\/04\/Sem-titulo-164.jpg?resize=768%2C511&amp;ssl=1 768w, https:\/\/i0.wp.com\/minutobahia24h.com.br\/wp-content\/uploads\/2025\/04\/Sem-titulo-164.jpg?resize=750%2C499&amp;ssl=1 750w\" sizes=\"(max-width: 800px) 100vw, 800px\" \/><figcaption class=\"wp-element-caption\">Minist\u00e9rio da Agricultura investiga legalidade de &#8216;caf\u00e9 fake&#8217; \u2014 Foto: Infoglobo<br><\/figcaption><\/figure>\n<\/div>\n\n\n<p>J\u00e1 parou para pensar por que aquela primeira x\u00edcara de caf\u00e9 parece despertar n\u00e3o s\u00f3 o corpo, mas tamb\u00e9m a mente? Muito al\u00e9m de um simples ritual pela manh\u00e3, o caf\u00e9 pode funcionar como um combust\u00edvel para o desempenho cognitivo e equil\u00edbrio emocional \u2014 desde que usado com modera\u00e7\u00e3o. Pesquisas recentes come\u00e7am a destrinchar o mecanismo neuroqu\u00edmico complexo que torna o caf\u00e9 um potencial aliado n\u00e3o s\u00f3 daqueles que precisam de mais algumas horas despertos, mas tamb\u00e9m de quem quer melhorar a mem\u00f3ria e o humor.<\/p>\n\n\n\n<p>Na pr\u00e1tica, a cafe\u00edna atua como um &#8220;impostor&#8221; bioqu\u00edmico: ela ocupa os receptores de adenosina \u2014 o mensageiro que sinaliza cansa\u00e7o \u2014 e impede seu sinal de \u201cpare\u201d. Sem esse freio natural, os neur\u00f4nios passam a disparar com mais intensidade, liberando ondas de dopamina, noradrenalina e acetilcolina. O efeito \u00e9 quase imediato: ganha-se nitidez mental, reflexos mais r\u00e1pidos e um foco afiado para encarar tarefas de curta dura\u00e7\u00e3o.<\/p>\n\n\n\n<p>E os benef\u00edcios do uso inteligente da subst\u00e2ncia n\u00e3o param por a\u00ed. \u00c9 preciso lembrar, contudo, que doses exageradas de caf\u00e9 podem desencadear rea\u00e7\u00f5es indesej\u00e1veis. Por isso, quem sofre de hipertens\u00e3o, tem hist\u00f3rico de convuls\u00f5es ou problemas card\u00edacos deve sempre consultar um m\u00e9dico para estabelecer a dosagem adequada.&nbsp;<strong>Veja abaixo algumas das vantagens do consumo:<\/strong><\/p>\n\n\n\n<h2 class=\"wp-block-heading\">Mem\u00f3ria turbinada antes mesmo da segunda dose<\/h2>\n\n\n\n<p>Em vez de apenas manter acordado, a cafe\u00edna pode refor\u00e7ar a consolida\u00e7\u00e3o de mem\u00f3rias. Um estudo internacional, publicado na&nbsp;<em>Nature Neuroscience<\/em>, revelou que participantes que consumiram caf\u00e9 logo ap\u00f3s aprenderem uma lista de palavras recordaram 25% a mais do conte\u00fado no dia seguinte. \u00c9 como se o c\u00e9rebro envolvesse as informa\u00e7\u00f5es num lacre extra de cafe\u00edna.<\/p>\n\n\n\n<h2 class=\"wp-block-heading\">Caf\u00e9 com ch\u00e1-verde: &#8216;alerta relaxado&#8217;<\/h2>\n\n\n\n<p>J\u00e1 ouviu falar em \u201calerta relaxado\u201d? \u00c9 o estado em que a mente fica focada, mas sem aquela agita\u00e7\u00e3o t\u00edpica do caf\u00e9 puro. A combina\u00e7\u00e3o de cafe\u00edna com L\u2011teanina (amino\u00e1cido do ch\u00e1\u2011verde) age como um freio suave ao superest\u00edmulo, permitindo alternar tarefas e manter a calma. N\u00e3o \u00e9 coincid\u00eancia que muitos desenvolvedores de software prefiram o matcha, um ch\u00e1 tradicional japon\u00eas, em vez do expresso.<\/p>\n\n\n\n<h2 class=\"wp-block-heading\">Prote\u00e7\u00e3o a longo prazo, motiva\u00e7\u00e3o e humor<\/h2>\n\n\n\n<p>Na pesquisa publicada pelo Journal of Alzheimer\u2019s Disease, revelou-se que quem bebe de tr\u00eas a cinco x\u00edcaras di\u00e1rias durante a meia\u2011idade apresenta menor decl\u00ednio cognitivo em fases mais avan\u00e7adas da vida. Estudos epidemiol\u00f3gicos associam o consumo regular de caf\u00e9 a uma redu\u00e7\u00e3o de at\u00e9 30% no risco de Alzheimer e Parkinson. A cafe\u00edna parece exercer a\u00e7\u00e3o antioxidante, frear processos inflamat\u00f3rios e ajudar a impedir a forma\u00e7\u00e3o de placas beta\u2011amiloides \u2014 os \u201ctijolos\u201d que comprometem a mem\u00f3ria em doen\u00e7as neurodegenerativas.<\/p>\n\n\n\n<p>O caf\u00e9 tamb\u00e9m ativa circuitos de recompensa no c\u00e9rebro, elevando n\u00edveis de dopamina e serotonina. Consumidores moderados relatam maior motiva\u00e7\u00e3o, sensa\u00e7\u00e3o de bem\u2011estar e at\u00e9 leve euforia. Estudos mostram correla\u00e7\u00e3o inversa entre ingest\u00e3o di\u00e1ria de caf\u00e9 e quadros depressivos \u2014 uma pista de que a subst\u00e2ncia pode ser um coadjuvante no combate \u00e0 tristeza.<\/p>\n\n\n\n<h2 class=\"wp-block-heading\">Como tirar o m\u00e1ximo proveito (sem exageros)<\/h2>\n\n\n\n<ol class=\"wp-block-list\">\n<li>Dose inteligente: de 100\u202fmg a 200\u202fmg por vez (1 a 2 x\u00edcaras) \u00e9 o ponto ideal para a maioria dos adultos.<\/li>\n\n\n\n<li>Hora certa: prefira o per\u00edodo entre 9h e 15h, respeitando o pico natural de cortisol e evitando preju\u00edzo no sono.<\/li>\n\n\n\n<li>Pausas estrat\u00e9gicas: uma semana de descanso a cada m\u00eas ajuda a manter a sensibilidade e a efic\u00e1cia do est\u00edmulo.<\/li>\n\n\n\n<li>Combina\u00e7\u00f5es funcionais: experimente caf\u00e9 com \u00f3leo MCT ou ch\u00e1\u2011verde para estender o efeito e reduzir picos.<\/li>\n\n\n\n<li>Aten\u00e7\u00e3o \u00e0 sa\u00fade: hipertensos, gr\u00e1vidas e pessoas com hist\u00f3rico de convuls\u00f5es ou doen\u00e7as card\u00edacas devem buscar orienta\u00e7\u00e3o m\u00e9dica antes de ajustar a dose.<\/li>\n<\/ol>\n","protected":false},"excerpt":{"rendered":"<p>J\u00e1 parou para pensar por que aquela primeira x\u00edcara de caf\u00e9 parece despertar n\u00e3o s\u00f3 o corpo, mas tamb\u00e9m a mente? Muito al\u00e9m de um simples ritual pela manh\u00e3, o caf\u00e9 pode funcionar como um combust\u00edvel para o desempenho cognitivo e equil\u00edbrio emocional \u2014 desde que usado com modera\u00e7\u00e3o. Pesquisas recentes come\u00e7am a destrinchar o [&hellip;]<\/p>\n","protected":false},"author":2,"featured_media":27421,"comment_status":"open","ping_status":"open","sticky":false,"template":"","format":"standard","meta":{"_jetpack_memberships_contains_paid_content":false,"footnotes":""},"categories":[18],"tags":[],"class_list":["post-27420","post","type-post","status-publish","format-standard","has-post-thumbnail","hentry","category-saude"],"aioseo_notices":[],"jetpack_featured_media_url":"https:\/\/i0.wp.com\/minutobahia24h.com.br\/wp-content\/uploads\/2025\/04\/Sem-titulo-164.jpg?fit=889%2C592&ssl=1","jetpack_sharing_enabled":true,"_links":{"self":[{"href":"https:\/\/minutobahia24h.com.br\/index.php?rest_route=\/wp\/v2\/posts\/27420","targetHints":{"allow":["GET"]}}],"collection":[{"href":"https:\/\/minutobahia24h.com.br\/index.php?rest_route=\/wp\/v2\/posts"}],"about":[{"href":"https:\/\/minutobahia24h.com.br\/index.php?rest_route=\/wp\/v2\/types\/post"}],"author":[{"embeddable":true,"href":"https:\/\/minutobahia24h.com.br\/index.php?rest_route=\/wp\/v2\/users\/2"}],"replies":[{"embeddable":true,"href":"https:\/\/minutobahia24h.com.br\/index.php?rest_route=%2Fwp%2Fv2%2Fcomments&post=27420"}],"version-history":[{"count":1,"href":"https:\/\/minutobahia24h.com.br\/index.php?rest_route=\/wp\/v2\/posts\/27420\/revisions"}],"predecessor-version":[{"id":27422,"href":"https:\/\/minutobahia24h.com.br\/index.php?rest_route=\/wp\/v2\/posts\/27420\/revisions\/27422"}],"wp:featuredmedia":[{"embeddable":true,"href":"https:\/\/minutobahia24h.com.br\/index.php?rest_route=\/wp\/v2\/media\/27421"}],"wp:attachment":[{"href":"https:\/\/minutobahia24h.com.br\/index.php?rest_route=%2Fwp%2Fv2%2Fmedia&parent=27420"}],"wp:term":[{"taxonomy":"category","embeddable":true,"href":"https:\/\/minutobahia24h.com.br\/index.php?rest_route=%2Fwp%2Fv2%2Fcategories&post=27420"},{"taxonomy":"post_tag","embeddable":true,"href":"https:\/\/minutobahia24h.com.br\/index.php?rest_route=%2Fwp%2Fv2%2Ftags&post=27420"}],"curies":[{"name":"wp","href":"https:\/\/api.w.org\/{rel}","templated":true}]}}