{"id":27411,"date":"2025-04-10T08:05:31","date_gmt":"2025-04-10T11:05:31","guid":{"rendered":"https:\/\/minutobahia24h.com.br\/?p=27411"},"modified":"2025-04-10T08:05:32","modified_gmt":"2025-04-10T11:05:32","slug":"filho-de-bolsonaro-critica-deputado-do-pl-que-disse-desejar-morte-de-lula","status":"publish","type":"post","link":"https:\/\/minutobahia24h.com.br\/?p=27411","title":{"rendered":"Filho de Bolsonaro critica deputado do PL que disse desejar morte de Lula"},"content":{"rendered":"<div class=\"wp-block-image\">\n<figure class=\"aligncenter size-full\"><img data-recalc-dims=\"1\" fetchpriority=\"high\" decoding=\"async\" width=\"600\" height=\"420\" src=\"https:\/\/i0.wp.com\/minutobahia24h.com.br\/wp-content\/uploads\/2025\/04\/Sem-titulo-161.jpg?resize=600%2C420&#038;ssl=1\" alt=\"\" class=\"wp-image-27412\" srcset=\"https:\/\/i0.wp.com\/minutobahia24h.com.br\/wp-content\/uploads\/2025\/04\/Sem-titulo-161.jpg?w=600&amp;ssl=1 600w, https:\/\/i0.wp.com\/minutobahia24h.com.br\/wp-content\/uploads\/2025\/04\/Sem-titulo-161.jpg?resize=300%2C210&amp;ssl=1 300w\" sizes=\"(max-width: 600px) 100vw, 600px\" \/><figcaption class=\"wp-element-caption\">Foto: Marcos Oliveira\/Ag\u00eancia Senado<br><\/figcaption><\/figure>\n<\/div>\n\n\n<p>O senador Fl\u00e1vio Bolsonaro (PL-RJ) repudiou a declara\u00e7\u00e3o do deputado federal Gilvan da Federal (PL-ES), que&nbsp;<a href=\"https:\/\/bahia.ba\/politica\/deputado-bolsonarista-deseja-que-lula-va-para-o-quinto-dos-infernos-assista\/\" target=\"_blank\" rel=\"noreferrer noopener\">desejou a morte do presidente Luiz In\u00e1cio Lula da Silva (PT)<\/a>&nbsp;durante uma sess\u00e3o em comiss\u00e3o tem\u00e1tica no Senado.<\/p>\n\n\n\n<p>Na sess\u00e3o desta quarta-feira (9), Fl\u00e1vio citou o pr\u00f3prio pai, o ex-presidente Jair Bolsonaro (PL), relembrando falas semelhantes dirigidas a ele no passado. Para o senador, a postura de Gilvan foi inadequada.<\/p>\n\n\n\n<p>\u201cN\u00e3o \u00e9 uma postura que se espera de um parlamentar que t\u00e1 ali pra discutir as coisas s\u00e9rias do Brasil\u201d, afirmou Fl\u00e1vio.<\/p>\n\n\n\n<p>Nesta tarde, o governador da Bahia,&nbsp;<a href=\"https:\/\/bahia.ba\/politica\/usa-o-odio-como-pratica-politica-diz-jeronimo-apos-deputado-pedir-morte-de-lula\/\" target=\"_blank\" rel=\"noreferrer noopener\">Jer\u00f4nimo Rodrigues (PT), tamb\u00e9m criticou Gilvan e disse que o parlamentar \u201cusa o \u00f3dio como pr\u00e1tica pol\u00edtica\u201d<\/a>.<\/p>\n\n\n\n<p>Apesar da cr\u00edtica, o filho de Bolsonaro disse que n\u00e3o cabe ao Congresso Nacional aplicar qualquer san\u00e7\u00e3o ao deputado.<\/p>\n\n\n\n<p>\u201cEsse julgamento a popula\u00e7\u00e3o vai fazer e quem se sentiu ofendido entender que foi v\u00edtima de algum crime, tem os procedimentos judiciais para ser tomado\u201d, completou Fl\u00e1vio.<\/p>\n\n\n\n<p>Bahia.ba<\/p>\n","protected":false},"excerpt":{"rendered":"<p>O senador Fl\u00e1vio Bolsonaro (PL-RJ) repudiou a declara\u00e7\u00e3o do deputado federal Gilvan da Federal (PL-ES), que&nbsp;desejou a morte do presidente Luiz In\u00e1cio Lula da Silva (PT)&nbsp;durante uma sess\u00e3o em comiss\u00e3o tem\u00e1tica no Senado. Na sess\u00e3o desta quarta-feira (9), Fl\u00e1vio citou o pr\u00f3prio pai, o ex-presidente Jair Bolsonaro (PL), relembrando falas semelhantes dirigidas a ele no [&hellip;]<\/p>\n","protected":false},"author":2,"featured_media":27412,"comment_status":"open","ping_status":"open","sticky":false,"template":"","format":"standard","meta":{"_jetpack_memberships_contains_paid_content":false,"footnotes":""},"categories":[39],"tags":[],"class_list":["post-27411","post","type-post","status-publish","format-standard","has-post-thumbnail","hentry","category-politica"],"aioseo_notices":[],"jetpack_featured_media_url":"https:\/\/i0.wp.com\/minutobahia24h.com.br\/wp-content\/uploads\/2025\/04\/Sem-titulo-161.jpg?fit=600%2C420&ssl=1","jetpack_sharing_enabled":true,"_links":{"self":[{"href":"https:\/\/minutobahia24h.com.br\/index.php?rest_route=\/wp\/v2\/posts\/27411","targetHints":{"allow":["GET"]}}],"collection":[{"href":"https:\/\/minutobahia24h.com.br\/index.php?rest_route=\/wp\/v2\/posts"}],"about":[{"href":"https:\/\/minutobahia24h.com.br\/index.php?rest_route=\/wp\/v2\/types\/post"}],"author":[{"embeddable":true,"href":"https:\/\/minutobahia24h.com.br\/index.php?rest_route=\/wp\/v2\/users\/2"}],"replies":[{"embeddable":true,"href":"https:\/\/minutobahia24h.com.br\/index.php?rest_route=%2Fwp%2Fv2%2Fcomments&post=27411"}],"version-history":[{"count":1,"href":"https:\/\/minutobahia24h.com.br\/index.php?rest_route=\/wp\/v2\/posts\/27411\/revisions"}],"predecessor-version":[{"id":27413,"href":"https:\/\/minutobahia24h.com.br\/index.php?rest_route=\/wp\/v2\/posts\/27411\/revisions\/27413"}],"wp:featuredmedia":[{"embeddable":true,"href":"https:\/\/minutobahia24h.com.br\/index.php?rest_route=\/wp\/v2\/media\/27412"}],"wp:attachment":[{"href":"https:\/\/minutobahia24h.com.br\/index.php?rest_route=%2Fwp%2Fv2%2Fmedia&parent=27411"}],"wp:term":[{"taxonomy":"category","embeddable":true,"href":"https:\/\/minutobahia24h.com.br\/index.php?rest_route=%2Fwp%2Fv2%2Fcategories&post=27411"},{"taxonomy":"post_tag","embeddable":true,"href":"https:\/\/minutobahia24h.com.br\/index.php?rest_route=%2Fwp%2Fv2%2Ftags&post=27411"}],"curies":[{"name":"wp","href":"https:\/\/api.w.org\/{rel}","templated":true}]}}