{"id":274,"date":"2023-09-12T13:24:31","date_gmt":"2023-09-12T16:24:31","guid":{"rendered":"https:\/\/minutobahia24h.com.br\/?p=274"},"modified":"2023-09-12T13:24:31","modified_gmt":"2023-09-12T16:24:31","slug":"libia-recupera-mil-corpos-em-cidade-inundada-apos-tempestades","status":"publish","type":"post","link":"https:\/\/minutobahia24h.com.br\/?p=274","title":{"rendered":"L\u00edbia recupera mil corpos em cidade inundada ap\u00f3s tempestades"},"content":{"rendered":"\n<p>Mil corpos foram recuperados na cidade de Derna, no leste da&nbsp;<a class=\"\" href=\"https:\/\/g1.globo.com\/tudo-sobre\/libia\/\">L\u00edbia<\/a>, ap\u00f3s uma tempestade atingir o pa\u00eds no domingo (10).<\/p>\n\n\n\n<blockquote class=\"wp-block-quote is-layout-flow wp-block-quote-is-layout-flow\">\n<p>\u201cO n\u00famero de corpos recuperados em Derna \u00e9 superior a mil. N\u00e3o estou exagerando quando digo que 25% da cidade desapareceu. Muitos, muitos edif\u00edcios desabaram (&#8230;) Os corpos est\u00e3o por toda parte &#8211; na \u00e1gua, nos vales, sob os edif\u00edcios&#8221;, disse Hichem Chkiouat, ministro da Avia\u00e7\u00e3o Civil e tamb\u00e9m integrante do Comit\u00ea de Emerg\u00eancia criado ap\u00f3s as enchentes.<\/p>\n<\/blockquote>\n\n\n\n<p>O ministro disse que\u00a0<strong>o n\u00famero de mortos pode passar de 2,5 mil\u00a0<\/strong>\u00e0 medida que o n\u00famero de desaparecidos aumenta.<\/p>\n\n\n\n<p>Um representante do Crescente Vermelho, equivalente \u00e0&nbsp;<a class=\"\" href=\"https:\/\/g1.globo.com\/tudo-sobre\/cruz-vermelha\/\">Cruz Vermelha<\/a>&nbsp;nos pa\u00edses de maioria isl\u00e2mica, afirmou que&nbsp;<strong>cerca de 10 mil pessoas est\u00e3o desaparecidas.<\/strong><\/p>\n\n\n\n<figure class=\"wp-block-image\"><img data-recalc-dims=\"1\" decoding=\"async\" src=\"https:\/\/i0.wp.com\/s2-g1.glbimg.com\/saa8AwAsJa_dOLigvCyipGhODRg%3D\/0x0%3A1999x1333\/984x0\/smart\/filters%3Astrip_icc%28%29\/i.s3.glbimg.com\/v1\/AUTH_59edd422c0c84a879bd37670ae4f538a\/internal_photos\/bs\/2023\/s\/1\/ntoYb8R66mUYSQDgmhBw\/ap23254816577501.jpg?w=800&#038;ssl=1\" alt=\"Foto mostra estrada desmoronada ap\u00f3s enchente na L\u00edbia em 11 de setembro de 2023 \u2014 Foto: Governo da L\u00edbia via Associated Press\"\/><\/figure>\n\n\n\n<p>Foto mostra estrada desmoronada ap\u00f3s enchente na L\u00edbia em 11 de setembro de 2023 \u2014 Foto: Governo da L\u00edbia via Associated Press<\/p>\n\n\n\n<p>A cidade de Derna fica na costa da L\u00edbia e \u00e9 cortada ao meio por um rio que flui das terras altas para o sul. H\u00e1 barragens que impedem a ocorr\u00eancia de inunda\u00e7\u00f5es.<\/p>\n\n\n\n<p>Derna tem cerca de 125 mil habitantes. Devido \u00e0 tempestade, as ruas foram tomadas pela \u00e1gua, casas foram inundadas, edif\u00edcios foram destru\u00eddos, carros acabaram virados e moradores foram arrastados. A for\u00e7a da \u00e1gua tamb\u00e9m destruiu barragens na regi\u00e3o.<\/p>\n\n\n\n<p>A tempestade mediterr\u00e2nea Daniel que atingiu a L\u00edbia no domingo (10) tamb\u00e9m afetou as cidades de&nbsp;<strong>Benghazi, Sousse, Al Bayda e Al-Marj.<\/strong><\/p>\n","protected":false},"excerpt":{"rendered":"<p>Mil corpos foram recuperados na cidade de Derna, no leste da&nbsp;L\u00edbia, ap\u00f3s uma tempestade atingir o pa\u00eds no domingo (10). \u201cO n\u00famero de corpos recuperados em Derna \u00e9 superior a mil. N\u00e3o estou exagerando quando digo que 25% da cidade desapareceu. Muitos, muitos edif\u00edcios desabaram (&#8230;) Os corpos est\u00e3o por toda parte &#8211; na \u00e1gua, [&hellip;]<\/p>\n","protected":false},"author":1,"featured_media":275,"comment_status":"open","ping_status":"open","sticky":false,"template":"","format":"standard","meta":{"_jetpack_memberships_contains_paid_content":false,"footnotes":""},"categories":[15],"tags":[],"class_list":["post-274","post","type-post","status-publish","format-standard","has-post-thumbnail","hentry","category-mundo"],"aioseo_notices":[],"jetpack_featured_media_url":"https:\/\/i0.wp.com\/minutobahia24h.com.br\/wp-content\/uploads\/2023\/09\/Screenshot_2.png?fit=732%2C501&ssl=1","jetpack_sharing_enabled":true,"_links":{"self":[{"href":"https:\/\/minutobahia24h.com.br\/index.php?rest_route=\/wp\/v2\/posts\/274","targetHints":{"allow":["GET"]}}],"collection":[{"href":"https:\/\/minutobahia24h.com.br\/index.php?rest_route=\/wp\/v2\/posts"}],"about":[{"href":"https:\/\/minutobahia24h.com.br\/index.php?rest_route=\/wp\/v2\/types\/post"}],"author":[{"embeddable":true,"href":"https:\/\/minutobahia24h.com.br\/index.php?rest_route=\/wp\/v2\/users\/1"}],"replies":[{"embeddable":true,"href":"https:\/\/minutobahia24h.com.br\/index.php?rest_route=%2Fwp%2Fv2%2Fcomments&post=274"}],"version-history":[{"count":1,"href":"https:\/\/minutobahia24h.com.br\/index.php?rest_route=\/wp\/v2\/posts\/274\/revisions"}],"predecessor-version":[{"id":276,"href":"https:\/\/minutobahia24h.com.br\/index.php?rest_route=\/wp\/v2\/posts\/274\/revisions\/276"}],"wp:featuredmedia":[{"embeddable":true,"href":"https:\/\/minutobahia24h.com.br\/index.php?rest_route=\/wp\/v2\/media\/275"}],"wp:attachment":[{"href":"https:\/\/minutobahia24h.com.br\/index.php?rest_route=%2Fwp%2Fv2%2Fmedia&parent=274"}],"wp:term":[{"taxonomy":"category","embeddable":true,"href":"https:\/\/minutobahia24h.com.br\/index.php?rest_route=%2Fwp%2Fv2%2Fcategories&post=274"},{"taxonomy":"post_tag","embeddable":true,"href":"https:\/\/minutobahia24h.com.br\/index.php?rest_route=%2Fwp%2Fv2%2Ftags&post=274"}],"curies":[{"name":"wp","href":"https:\/\/api.w.org\/{rel}","templated":true}]}}