{"id":27393,"date":"2025-04-10T09:32:00","date_gmt":"2025-04-10T12:32:00","guid":{"rendered":"https:\/\/minutobahia24h.com.br\/?p=27393"},"modified":"2025-04-10T07:34:19","modified_gmt":"2025-04-10T10:34:19","slug":"policia-federal-combate-invasao-de-terras-e-delitos-ambientais-no-oeste-baiano","status":"publish","type":"post","link":"https:\/\/minutobahia24h.com.br\/?p=27393","title":{"rendered":"Policia Federal combate invas\u00e3o de terras e delitos ambientais no oeste baiano"},"content":{"rendered":"<div class=\"wp-block-image\">\n<figure class=\"aligncenter size-full\"><img data-recalc-dims=\"1\" fetchpriority=\"high\" decoding=\"async\" width=\"640\" height=\"460\" src=\"https:\/\/i0.wp.com\/minutobahia24h.com.br\/wp-content\/uploads\/2025\/04\/Sem-titulo-156.jpg?resize=640%2C460&#038;ssl=1\" alt=\"\" class=\"wp-image-27394\" srcset=\"https:\/\/i0.wp.com\/minutobahia24h.com.br\/wp-content\/uploads\/2025\/04\/Sem-titulo-156.jpg?w=640&amp;ssl=1 640w, https:\/\/i0.wp.com\/minutobahia24h.com.br\/wp-content\/uploads\/2025\/04\/Sem-titulo-156.jpg?resize=300%2C216&amp;ssl=1 300w, https:\/\/i0.wp.com\/minutobahia24h.com.br\/wp-content\/uploads\/2025\/04\/Sem-titulo-156.jpg?resize=120%2C86&amp;ssl=1 120w\" sizes=\"(max-width: 640px) 100vw, 640px\" \/><figcaption class=\"wp-element-caption\">Foto: Divulga\u00e7\u00e3o\/PF<br><\/figcaption><\/figure>\n<\/div>\n\n\n<p>A Pol\u00edcia Federal deflagrou nesta quarta-feira (9\/4) a Opera\u00e7\u00e3o Esplanada, com o objetivo principal de investigar delitos ambientais, invas\u00e3o de terras e amea\u00e7as contra os assentados do Projeto de Assentamento Reunidas Esplanada, localizado em Santa Rita de C\u00e1ssia\/BA.<\/p>\n\n\n\n<p>Foram cumpridos 4 mandados de busca e apreens\u00e3o, visando a apreens\u00e3o de armas, equipamentos eletr\u00f4nicos e outros elementos utilizados na pr\u00e1tica dos delitos, al\u00e9m de evid\u00eancias que contribuam para o esclarecimento dos fatos. Paralelamente, foram deferidas 2 medidas cautelares diversas da pris\u00e3o, com o intuito de garantir a preserva\u00e7\u00e3o das provas e evitar a continuidade dos il\u00edcitos.<\/p>\n\n\n<div class=\"wp-block-image\">\n<figure class=\"aligncenter size-full\"><img data-recalc-dims=\"1\" decoding=\"async\" data-src=\"https:\/\/i0.wp.com\/minutobahia24h.com.br\/wp-content\/uploads\/2025\/04\/image-5.jpg?w=800&#038;ssl=1\" alt=\"\" class=\"wp-image-27395 lazyload\" src=\"data:image\/gif;base64,R0lGODlhAQABAAAAACH5BAEKAAEALAAAAAABAAEAAAICTAEAOw==\" \/><noscript><img data-recalc-dims=\"1\" decoding=\"async\" src=\"https:\/\/i0.wp.com\/minutobahia24h.com.br\/wp-content\/uploads\/2025\/04\/image-5.jpg?w=800&#038;ssl=1\" alt=\"\" class=\"wp-image-27395\"\/><\/noscript><figcaption class=\"wp-element-caption\">Foto: Divulga\u00e7\u00e3o\/PF<br><\/figcaption><\/figure>\n<\/div>\n\n\n<p>Os indiv\u00edduos s\u00e3o suspeitos de invadir e desmatar ilegalmente \u00e1reas de reserva legal, furtar bens e amea\u00e7ar a integridade f\u00edsica dos moradores do assentamento.&nbsp;<\/p>\n\n\n\n<p>A Pol\u00edcia Federal reafirma seu compromisso com a defesa da ordem jur\u00eddica e a prote\u00e7\u00e3o dos bens jur\u00eddicos coletivos, intensificando as a\u00e7\u00f5es de fiscaliza\u00e7\u00e3o e repress\u00e3o a pr\u00e1ticas que causam danos irrepar\u00e1veis ao meio ambiente e \u00e0 sociedade.<\/p>\n\n\n\n<p><strong><em>Portal Jaguarari\/informa\u00e7\u00f5es da PF Bahia<\/em><\/strong><\/p>\n","protected":false},"excerpt":{"rendered":"<p>A Pol\u00edcia Federal deflagrou nesta quarta-feira (9\/4) a Opera\u00e7\u00e3o Esplanada, com o objetivo principal de investigar delitos ambientais, invas\u00e3o de terras e amea\u00e7as contra os assentados do Projeto de Assentamento Reunidas Esplanada, localizado em Santa Rita de C\u00e1ssia\/BA. Foram cumpridos 4 mandados de busca e apreens\u00e3o, visando a apreens\u00e3o de armas, equipamentos eletr\u00f4nicos e outros [&hellip;]<\/p>\n","protected":false},"author":2,"featured_media":27394,"comment_status":"open","ping_status":"open","sticky":false,"template":"","format":"standard","meta":{"_jetpack_memberships_contains_paid_content":false,"footnotes":""},"categories":[46],"tags":[],"class_list":["post-27393","post","type-post","status-publish","format-standard","has-post-thumbnail","hentry","category-noticia"],"aioseo_notices":[],"jetpack_featured_media_url":"https:\/\/i0.wp.com\/minutobahia24h.com.br\/wp-content\/uploads\/2025\/04\/Sem-titulo-156.jpg?fit=640%2C460&ssl=1","jetpack_sharing_enabled":true,"_links":{"self":[{"href":"https:\/\/minutobahia24h.com.br\/index.php?rest_route=\/wp\/v2\/posts\/27393","targetHints":{"allow":["GET"]}}],"collection":[{"href":"https:\/\/minutobahia24h.com.br\/index.php?rest_route=\/wp\/v2\/posts"}],"about":[{"href":"https:\/\/minutobahia24h.com.br\/index.php?rest_route=\/wp\/v2\/types\/post"}],"author":[{"embeddable":true,"href":"https:\/\/minutobahia24h.com.br\/index.php?rest_route=\/wp\/v2\/users\/2"}],"replies":[{"embeddable":true,"href":"https:\/\/minutobahia24h.com.br\/index.php?rest_route=%2Fwp%2Fv2%2Fcomments&post=27393"}],"version-history":[{"count":1,"href":"https:\/\/minutobahia24h.com.br\/index.php?rest_route=\/wp\/v2\/posts\/27393\/revisions"}],"predecessor-version":[{"id":27396,"href":"https:\/\/minutobahia24h.com.br\/index.php?rest_route=\/wp\/v2\/posts\/27393\/revisions\/27396"}],"wp:featuredmedia":[{"embeddable":true,"href":"https:\/\/minutobahia24h.com.br\/index.php?rest_route=\/wp\/v2\/media\/27394"}],"wp:attachment":[{"href":"https:\/\/minutobahia24h.com.br\/index.php?rest_route=%2Fwp%2Fv2%2Fmedia&parent=27393"}],"wp:term":[{"taxonomy":"category","embeddable":true,"href":"https:\/\/minutobahia24h.com.br\/index.php?rest_route=%2Fwp%2Fv2%2Fcategories&post=27393"},{"taxonomy":"post_tag","embeddable":true,"href":"https:\/\/minutobahia24h.com.br\/index.php?rest_route=%2Fwp%2Fv2%2Ftags&post=27393"}],"curies":[{"name":"wp","href":"https:\/\/api.w.org\/{rel}","templated":true}]}}