{"id":27387,"date":"2025-04-10T07:30:25","date_gmt":"2025-04-10T10:30:25","guid":{"rendered":"https:\/\/minutobahia24h.com.br\/?p=27387"},"modified":"2025-04-10T07:30:27","modified_gmt":"2025-04-10T10:30:27","slug":"rapaz-forjou-sequestro-e-quis-incriminar-sogro-apos-ter-video-porno-vazado-em-bonfim","status":"publish","type":"post","link":"https:\/\/minutobahia24h.com.br\/?p=27387","title":{"rendered":"Rapaz forjou sequestro e quis incriminar sogro ap\u00f3s ter v\u00eddeo porn\u00f4 vazado em Bonfim"},"content":{"rendered":"<div class=\"wp-block-image\">\n<figure class=\"aligncenter size-full\"><img data-recalc-dims=\"1\" fetchpriority=\"high\" decoding=\"async\" width=\"586\" height=\"639\" src=\"https:\/\/i0.wp.com\/minutobahia24h.com.br\/wp-content\/uploads\/2025\/04\/Sem-titulo-154.jpg?resize=586%2C639&#038;ssl=1\" alt=\"\" class=\"wp-image-27388\" srcset=\"https:\/\/i0.wp.com\/minutobahia24h.com.br\/wp-content\/uploads\/2025\/04\/Sem-titulo-154.jpg?w=586&amp;ssl=1 586w, https:\/\/i0.wp.com\/minutobahia24h.com.br\/wp-content\/uploads\/2025\/04\/Sem-titulo-154.jpg?resize=275%2C300&amp;ssl=1 275w\" sizes=\"(max-width: 586px) 100vw, 586px\" \/><\/figure>\n<\/div>\n\n\n<p>A Pol\u00edcia Civil da Bahia prendeu em flagrante nesta quarta-feira (09), em Senhor do Bonfim, um jovem de 18 anos, identificado pelas iniciais GUILHERME, 18 anos, acusado de simular o pr\u00f3prio sequestro com o objetivo de incriminar o sogro e familiares de sua companheira.<\/p>\n\n\n\n<p>De acordo com informa\u00e7\u00f5es da Delegacia Territorial de Senhor do Bonfim, por volta das 16h desta quarta-feira, 09, o suspeito compareceu \u00e0 unidade policial alegando que havia acabado de escapar de um cativeiro onde estaria mantido h\u00e1 cinco dias. Segundo seu depoimento, ele teria sido sequestrado por homens armados no \u00faltimo s\u00e1bado (05), no centro da cidade, a mando do pr\u00f3prio sogro. Ainda conforme o relato, ele permaneceu amarrado e sob amea\u00e7a de armas de fogo at\u00e9 ser &#8220;resgatado&#8221; por sua companheira na data de hoje.<\/p>\n\n\n\n<p>Diante da gravidade da den\u00fancia, equipes da Pol\u00edcia Civil iniciaram dilig\u00eancias imediatas e se dirigiram ao suposto local de cativeiro, situado em uma casa abandonada na zona rural, nas proximidades do povoado de Quic\u00e9. Ao lado de peritos, os policiais constataram que o im\u00f3vel n\u00e3o apresentava nenhum sinal de uso recente ou vest\u00edgios que indicassem a perman\u00eancia de algu\u00e9m no local.<\/p>\n\n\n\n<p>Al\u00e9m disso, os investigadores notaram inconsist\u00eancias no estado f\u00edsico e emocional do jovem, que se encontrava bem alimentado, hidratado e orientado \u2013 caracter\u00edsticas incompat\u00edveis com a de uma v\u00edtima de sequestro prolongado.<\/p>\n\n\n\n<p>Confrontado com as evid\u00eancias, o suspeito acabou confessando que inventou toda a hist\u00f3ria como forma de vingan\u00e7a contra o sogro e seus familiares. O motivo, segundo ele, seria a descoberta de um v\u00eddeo \u00edntimo envolvendo ele e a filha do sogro, que circulou nas redes sociais. Ap\u00f3s tomar conhecimento das imagens, o sogro teria passado a amea\u00e7\u00e1-lo de morte.<\/p>\n\n\n\n<p>A Pol\u00edcia tamb\u00e9m informou que a fam\u00edlia do rapaz havia registrado seu desaparecimento oficialmente e feito publica\u00e7\u00f5es nas redes sociais em busca de informa\u00e7\u00f5es.<\/p>\n\n\n\n<p>Guilherme foi autuado em flagrante pelo crime de denuncia\u00e7\u00e3o caluniosa, previsto no artigo 339 do C\u00f3digo Penal, cuja pena pode chegar a oito anos de reclus\u00e3o. Ele foi encaminhado ao Conjunto Penal de Juazeiro, onde permanecer\u00e1 \u00e0 disposi\u00e7\u00e3o da Justi\u00e7a.<\/p>\n\n\n\n<p>Blog do Netto Maravilha<\/p>\n","protected":false},"excerpt":{"rendered":"<p>A Pol\u00edcia Civil da Bahia prendeu em flagrante nesta quarta-feira (09), em Senhor do Bonfim, um jovem de 18 anos, identificado pelas iniciais GUILHERME, 18 anos, acusado de simular o pr\u00f3prio sequestro com o objetivo de incriminar o sogro e familiares de sua companheira. De acordo com informa\u00e7\u00f5es da Delegacia Territorial de Senhor do Bonfim, [&hellip;]<\/p>\n","protected":false},"author":2,"featured_media":27388,"comment_status":"open","ping_status":"open","sticky":false,"template":"","format":"standard","meta":{"_jetpack_memberships_contains_paid_content":false,"footnotes":""},"categories":[3],"tags":[],"class_list":["post-27387","post","type-post","status-publish","format-standard","has-post-thumbnail","hentry","category-regional"],"aioseo_notices":[],"jetpack_featured_media_url":"https:\/\/i0.wp.com\/minutobahia24h.com.br\/wp-content\/uploads\/2025\/04\/Sem-titulo-154.jpg?fit=586%2C639&ssl=1","jetpack_sharing_enabled":true,"_links":{"self":[{"href":"https:\/\/minutobahia24h.com.br\/index.php?rest_route=\/wp\/v2\/posts\/27387","targetHints":{"allow":["GET"]}}],"collection":[{"href":"https:\/\/minutobahia24h.com.br\/index.php?rest_route=\/wp\/v2\/posts"}],"about":[{"href":"https:\/\/minutobahia24h.com.br\/index.php?rest_route=\/wp\/v2\/types\/post"}],"author":[{"embeddable":true,"href":"https:\/\/minutobahia24h.com.br\/index.php?rest_route=\/wp\/v2\/users\/2"}],"replies":[{"embeddable":true,"href":"https:\/\/minutobahia24h.com.br\/index.php?rest_route=%2Fwp%2Fv2%2Fcomments&post=27387"}],"version-history":[{"count":1,"href":"https:\/\/minutobahia24h.com.br\/index.php?rest_route=\/wp\/v2\/posts\/27387\/revisions"}],"predecessor-version":[{"id":27389,"href":"https:\/\/minutobahia24h.com.br\/index.php?rest_route=\/wp\/v2\/posts\/27387\/revisions\/27389"}],"wp:featuredmedia":[{"embeddable":true,"href":"https:\/\/minutobahia24h.com.br\/index.php?rest_route=\/wp\/v2\/media\/27388"}],"wp:attachment":[{"href":"https:\/\/minutobahia24h.com.br\/index.php?rest_route=%2Fwp%2Fv2%2Fmedia&parent=27387"}],"wp:term":[{"taxonomy":"category","embeddable":true,"href":"https:\/\/minutobahia24h.com.br\/index.php?rest_route=%2Fwp%2Fv2%2Fcategories&post=27387"},{"taxonomy":"post_tag","embeddable":true,"href":"https:\/\/minutobahia24h.com.br\/index.php?rest_route=%2Fwp%2Fv2%2Ftags&post=27387"}],"curies":[{"name":"wp","href":"https:\/\/api.w.org\/{rel}","templated":true}]}}