{"id":27363,"date":"2025-04-10T07:15:51","date_gmt":"2025-04-10T10:15:51","guid":{"rendered":"https:\/\/minutobahia24h.com.br\/?p=27363"},"modified":"2025-04-10T07:15:52","modified_gmt":"2025-04-10T10:15:52","slug":"vereador-cassado-por-compra-de-votos","status":"publish","type":"post","link":"https:\/\/minutobahia24h.com.br\/?p=27363","title":{"rendered":"Vereador cassado por compra de votos"},"content":{"rendered":"<div class=\"wp-block-image\">\n<figure class=\"aligncenter size-full\"><img data-recalc-dims=\"1\" fetchpriority=\"high\" decoding=\"async\" width=\"750\" height=\"361\" src=\"https:\/\/i0.wp.com\/minutobahia24h.com.br\/wp-content\/uploads\/2025\/04\/Sem-titulo-146.jpg?resize=750%2C361&#038;ssl=1\" alt=\"\" class=\"wp-image-27364\" srcset=\"https:\/\/i0.wp.com\/minutobahia24h.com.br\/wp-content\/uploads\/2025\/04\/Sem-titulo-146.jpg?w=750&amp;ssl=1 750w, https:\/\/i0.wp.com\/minutobahia24h.com.br\/wp-content\/uploads\/2025\/04\/Sem-titulo-146.jpg?resize=300%2C144&amp;ssl=1 300w\" sizes=\"(max-width: 750px) 100vw, 750px\" \/><figcaption class=\"wp-element-caption\">Foto: TRE-PE\/divulga\u00e7\u00e3o<br><\/figcaption><\/figure>\n<\/div>\n\n\n<p>O vereador Pedro Marconi de Souza Barros, do Partido Progressistas (PP), de Brejo da Madre de Deus, no Agreste pernambucano, teve seu mandato cassado pela Justi\u00e7a Eleitoral ap\u00f3s a comprova\u00e7\u00e3o de capta\u00e7\u00e3o il\u00edcita de sufr\u00e1gio nas elei\u00e7\u00f5es municipais. A decis\u00e3o, baseada no artigo 41-A da Lei n\u00ba 9.504\/97, tamb\u00e9m determinou a aplica\u00e7\u00e3o de uma multa de R$ 25.000,00 ao parlamentar.<\/p>\n\n\n\n<p>A senten\u00e7a reconheceu a pr\u00e1tica de compra de votos, mas n\u00e3o declarou inelegibilidade para Marconi, permitindo que ele continue eleg\u00edvel para futuras elei\u00e7\u00f5es. A decis\u00e3o tamb\u00e9m afastou a acusa\u00e7\u00e3o de abuso de poder econ\u00f4mico. O juiz, no entanto, encaminhou o processo ao Minist\u00e9rio P\u00fablico Eleitoral para apurar poss\u00edveis crimes mais graves, como corrup\u00e7\u00e3o eleitoral e falso testemunho.<\/p>\n\n\n\n<p>A decis\u00e3o ainda cabe recurso e ser\u00e1 analisada pelo Tribunal Regional Eleitoral de Pernambuco (TRE-PE), onde a defesa do vereador poder\u00e1 apresentar contrarraz\u00f5es antes da an\u00e1lise final. O caso, registrado sob o n\u00famero 0600409-39.2024.6.17.0054, segue em tramita\u00e7\u00e3o, com repercuss\u00f5es importantes para a pol\u00edtica local.<\/p>\n\n\n\n<p><strong>Identidade<\/strong><\/p>\n\n\n\n<p>A prefeita de Bezerros (Agreste), Lucielle Laurentino (UB), autorizou a constru\u00e7\u00e3o de tr\u00eas p\u00f3rticos no munic\u00edpio \u2013 um na sede, outro em Serra Negra e o terceiro no acesso ao distrito de Sapucarana. Com investimento de R$ 1,2 milh\u00e3o, oriundo de parceria com o Minist\u00e9rio do Turismo, as obras homenageiam o saudoso Mestre J. Borges e ter\u00e3o sua arte como marca nos monumentos. A iniciativa \u00e9 vista como um resgate cultural e uma aposta no fortalecimento do turismo local. Os p\u00f3rticos ser\u00e3o verdadeiras galerias a c\u00e9u aberto, com previs\u00e3o de entrega em at\u00e9 quatro meses.<\/p>\n\n\n\n<p><strong>Defesa das invas\u00f5es<\/strong><\/p>\n\n\n\n<p>A deputada Rosa Amorim (PT) saiu em defesa do Movimento dos Trabalhadores Sem Terra (MST), ap\u00f3s cr\u00edticas de colegas parlamentares \u00e0s ocupa\u00e7\u00f5es realizadas em cidades como Petrolina, \u00c1guas Belas, Riacho das Almas e Altinho, no contexto do chamado \u201cAbril de Lutas\u201d. Integrante do MST, Rosa destacou o hist\u00f3rico do movimento na luta por justi\u00e7a social e no acesso \u00e0 terra, ressaltando que milhares de fam\u00edlias de trabalhadores rurais j\u00e1 foram beneficiadas com dignidade por meio dos assentamentos. Ela tamb\u00e9m repudiou as acusa\u00e7\u00f5es dirigidas ao grupo, apontando a import\u00e2ncia da reforma agr\u00e1ria para o combate \u00e0s desigualdades sociais e o papel dos assentamentos na produ\u00e7\u00e3o de alimentos. A fala da deputada contou com o apoio da colega Dani Portela (PSOL), da bancada de oposi\u00e7\u00e3o.<\/p>\n\n\n\n<p><strong>Ataque as invas\u00f5es<\/strong><\/p>\n\n\n\n<p>O deputado estadual Abimael Santos (PL) criticou a atua\u00e7\u00e3o do Movimento dos Trabalhadores Rurais Sem Terra (MST), ap\u00f3s a ocupa\u00e7\u00e3o de propriedades rurais no munic\u00edpio de Terra Nova, no Sert\u00e3o do Estado. Para o parlamentar, as a\u00e7\u00f5es configuram uma viola\u00e7\u00e3o ao direito \u00e0 propriedade privada e trazem preju\u00edzos diretos a produtores, que dependem da atividade agr\u00edcola e movimentar a economia local. Abimael cobrou uma resposta mais en\u00e9rgica do Governo do Estado e classificou os atos como \u201ca\u00e7\u00f5es criminosas.&nbsp;<em>\u00c9 inadmiss\u00edvel que trabalhadores sejam acuados e que propriedades produtivas sejam invadidas sem qualquer rea\u00e7\u00e3o das autoridades<\/em>\u201d, afirmou.<\/p>\n\n\n\n<p>carlosbritto<\/p>\n","protected":false},"excerpt":{"rendered":"<p>O vereador Pedro Marconi de Souza Barros, do Partido Progressistas (PP), de Brejo da Madre de Deus, no Agreste pernambucano, teve seu mandato cassado pela Justi\u00e7a Eleitoral ap\u00f3s a comprova\u00e7\u00e3o de capta\u00e7\u00e3o il\u00edcita de sufr\u00e1gio nas elei\u00e7\u00f5es municipais. A decis\u00e3o, baseada no artigo 41-A da Lei n\u00ba 9.504\/97, tamb\u00e9m determinou a aplica\u00e7\u00e3o de uma multa [&hellip;]<\/p>\n","protected":false},"author":2,"featured_media":27364,"comment_status":"open","ping_status":"open","sticky":false,"template":"","format":"standard","meta":{"_jetpack_memberships_contains_paid_content":false,"footnotes":""},"categories":[23],"tags":[],"class_list":["post-27363","post","type-post","status-publish","format-standard","has-post-thumbnail","hentry","category-justica"],"aioseo_notices":[],"jetpack_featured_media_url":"https:\/\/i0.wp.com\/minutobahia24h.com.br\/wp-content\/uploads\/2025\/04\/Sem-titulo-146.jpg?fit=750%2C361&ssl=1","jetpack_sharing_enabled":true,"_links":{"self":[{"href":"https:\/\/minutobahia24h.com.br\/index.php?rest_route=\/wp\/v2\/posts\/27363","targetHints":{"allow":["GET"]}}],"collection":[{"href":"https:\/\/minutobahia24h.com.br\/index.php?rest_route=\/wp\/v2\/posts"}],"about":[{"href":"https:\/\/minutobahia24h.com.br\/index.php?rest_route=\/wp\/v2\/types\/post"}],"author":[{"embeddable":true,"href":"https:\/\/minutobahia24h.com.br\/index.php?rest_route=\/wp\/v2\/users\/2"}],"replies":[{"embeddable":true,"href":"https:\/\/minutobahia24h.com.br\/index.php?rest_route=%2Fwp%2Fv2%2Fcomments&post=27363"}],"version-history":[{"count":1,"href":"https:\/\/minutobahia24h.com.br\/index.php?rest_route=\/wp\/v2\/posts\/27363\/revisions"}],"predecessor-version":[{"id":27365,"href":"https:\/\/minutobahia24h.com.br\/index.php?rest_route=\/wp\/v2\/posts\/27363\/revisions\/27365"}],"wp:featuredmedia":[{"embeddable":true,"href":"https:\/\/minutobahia24h.com.br\/index.php?rest_route=\/wp\/v2\/media\/27364"}],"wp:attachment":[{"href":"https:\/\/minutobahia24h.com.br\/index.php?rest_route=%2Fwp%2Fv2%2Fmedia&parent=27363"}],"wp:term":[{"taxonomy":"category","embeddable":true,"href":"https:\/\/minutobahia24h.com.br\/index.php?rest_route=%2Fwp%2Fv2%2Fcategories&post=27363"},{"taxonomy":"post_tag","embeddable":true,"href":"https:\/\/minutobahia24h.com.br\/index.php?rest_route=%2Fwp%2Fv2%2Ftags&post=27363"}],"curies":[{"name":"wp","href":"https:\/\/api.w.org\/{rel}","templated":true}]}}