{"id":27284,"date":"2025-04-08T17:57:16","date_gmt":"2025-04-08T20:57:16","guid":{"rendered":"https:\/\/minutobahia24h.com.br\/?p=27284"},"modified":"2025-04-08T17:57:29","modified_gmt":"2025-04-08T20:57:29","slug":"prefeitura-de-andorinha-inaugura-centro-de-avaliacao-e-atendimento-especial-caae","status":"publish","type":"post","link":"https:\/\/minutobahia24h.com.br\/?p=27284","title":{"rendered":"Prefeitura de Andorinha inaugura Centro de Avalia\u00e7\u00e3o e Atendimento Especial &#8211; CAAE"},"content":{"rendered":"<div class=\"wp-block-image\">\n<figure class=\"aligncenter size-large\"><img data-recalc-dims=\"1\" fetchpriority=\"high\" decoding=\"async\" width=\"800\" height=\"979\" src=\"https:\/\/i0.wp.com\/minutobahia24h.com.br\/wp-content\/uploads\/2025\/04\/img-20250408-wa09977615748502554780176-837x1024.jpg?resize=800%2C979&#038;ssl=1\" alt=\"\" class=\"wp-image-27282\" srcset=\"https:\/\/i0.wp.com\/minutobahia24h.com.br\/wp-content\/uploads\/2025\/04\/img-20250408-wa09977615748502554780176.jpg?resize=837%2C1024&amp;ssl=1 837w, https:\/\/i0.wp.com\/minutobahia24h.com.br\/wp-content\/uploads\/2025\/04\/img-20250408-wa09977615748502554780176.jpg?resize=245%2C300&amp;ssl=1 245w, https:\/\/i0.wp.com\/minutobahia24h.com.br\/wp-content\/uploads\/2025\/04\/img-20250408-wa09977615748502554780176.jpg?resize=768%2C939&amp;ssl=1 768w, https:\/\/i0.wp.com\/minutobahia24h.com.br\/wp-content\/uploads\/2025\/04\/img-20250408-wa09977615748502554780176.jpg?resize=750%2C917&amp;ssl=1 750w, https:\/\/i0.wp.com\/minutobahia24h.com.br\/wp-content\/uploads\/2025\/04\/img-20250408-wa09977615748502554780176.jpg?w=1080&amp;ssl=1 1080w\" sizes=\"(max-width: 800px) 100vw, 800px\" \/><\/figure>\n<\/div>\n\n\n<p><br><br>Nesta segunda-feira (07), a Prefeitura de Andorinha, por meio da Secretaria de Sa\u00fade, inaugurou o Centro de Avalia\u00e7\u00e3o e Atendimento Especial (CAAE), um espa\u00e7o dedicado ao acolhimento, atendimento especializado e inclus\u00e3o de pessoas com necessidades especiais no munic\u00edpio.<br><br>O evento contou com a presen\u00e7a do prefeito Adilberto Evangelista, do vice-prefeito Vagner Lavor, do presidente da C\u00e2mara Municipal, Cleriston Greg\u00f3rio (Neguinho), al\u00e9m dos vereadores Fausta do Vale, Ariston Junior, Ednilson Nascimento, Edilson Bento, Ednaldo Oliveira e Ednaldo Mac\u00eado. Tamb\u00e9m estiveram presentes secret\u00e1rios municipais, como Dourineide Concei\u00e7\u00e3o (Educa\u00e7\u00e3o), Jos\u00e9 Vitor (Infraestrutura), Jonicia Souza (Assist\u00eancia Social), Marilva (Cultura) e Ancelmo Lino (Sa\u00fade).<\/p>\n\n\n<div class=\"wp-block-image\">\n<figure class=\"aligncenter size-large\"><img data-recalc-dims=\"1\" decoding=\"async\" width=\"800\" height=\"979\" src=\"https:\/\/i0.wp.com\/minutobahia24h.com.br\/wp-content\/uploads\/2025\/04\/img-20250408-wa10164104434636907475257-837x1024.jpg?resize=800%2C979&#038;ssl=1\" alt=\"\" class=\"wp-image-27283\" srcset=\"https:\/\/i0.wp.com\/minutobahia24h.com.br\/wp-content\/uploads\/2025\/04\/img-20250408-wa10164104434636907475257.jpg?resize=837%2C1024&amp;ssl=1 837w, https:\/\/i0.wp.com\/minutobahia24h.com.br\/wp-content\/uploads\/2025\/04\/img-20250408-wa10164104434636907475257.jpg?resize=245%2C300&amp;ssl=1 245w, https:\/\/i0.wp.com\/minutobahia24h.com.br\/wp-content\/uploads\/2025\/04\/img-20250408-wa10164104434636907475257.jpg?resize=768%2C939&amp;ssl=1 768w, https:\/\/i0.wp.com\/minutobahia24h.com.br\/wp-content\/uploads\/2025\/04\/img-20250408-wa10164104434636907475257.jpg?resize=750%2C917&amp;ssl=1 750w, https:\/\/i0.wp.com\/minutobahia24h.com.br\/wp-content\/uploads\/2025\/04\/img-20250408-wa10164104434636907475257.jpg?w=1080&amp;ssl=1 1080w\" sizes=\"(max-width: 800px) 100vw, 800px\" \/><\/figure>\n<\/div>\n\n\n<p>Em seu discurso, o prefeito Adilberto Evangelista destacou a import\u00e2ncia do novo equipamento para a popula\u00e7\u00e3o. \u201cHoje \u00e9 uma honra para mim, como mun\u00edcipe e como professor, inaugurar um centro que promover\u00e1 inclus\u00e3o para pessoas com defici\u00eancia. Aqui voc\u00eas ser\u00e3o acolhidos com amor, respeito e carinho. Esse \u00e9 um dos projetos que constam em nosso plano de governo, que \u00e9 cuidar de quem mais precisa. E com certeza faremos muito pela popula\u00e7\u00e3o andorinhense\u201d, afirmou.<br><br>O CAAE oferecer\u00e1 atendimento especializado, com equipe multidisciplinar, visando garantir acesso a servi\u00e7os de sa\u00fade, reabilita\u00e7\u00e3o e suporte psicossocial. A iniciativa refor\u00e7a o compromisso da gest\u00e3o municipal com pol\u00edticas p\u00fablicas inclusivas e de acessibilidade.<br><br>Ascom &#8211; Prefeitura de Andorinha<\/p>\n","protected":false},"excerpt":{"rendered":"<p>Nesta segunda-feira (07), a Prefeitura de Andorinha, por meio da Secretaria de Sa\u00fade, inaugurou o Centro de Avalia\u00e7\u00e3o e Atendimento Especial (CAAE), um espa\u00e7o dedicado ao acolhimento, atendimento especializado e inclus\u00e3o de pessoas com necessidades especiais no munic\u00edpio. O evento contou com a presen\u00e7a do prefeito Adilberto Evangelista, do vice-prefeito Vagner Lavor, do presidente da [&hellip;]<\/p>\n","protected":false},"author":2,"featured_media":27282,"comment_status":"open","ping_status":"open","sticky":false,"template":"","format":"standard","meta":{"_jetpack_memberships_contains_paid_content":false,"footnotes":""},"categories":[3],"tags":[55],"class_list":["post-27284","post","type-post","status-publish","format-standard","has-post-thumbnail","hentry","category-regional","tag-andorinha"],"aioseo_notices":[],"jetpack_featured_media_url":"https:\/\/i0.wp.com\/minutobahia24h.com.br\/wp-content\/uploads\/2025\/04\/img-20250408-wa09977615748502554780176.jpg?fit=1080%2C1321&ssl=1","jetpack_sharing_enabled":true,"_links":{"self":[{"href":"https:\/\/minutobahia24h.com.br\/index.php?rest_route=\/wp\/v2\/posts\/27284","targetHints":{"allow":["GET"]}}],"collection":[{"href":"https:\/\/minutobahia24h.com.br\/index.php?rest_route=\/wp\/v2\/posts"}],"about":[{"href":"https:\/\/minutobahia24h.com.br\/index.php?rest_route=\/wp\/v2\/types\/post"}],"author":[{"embeddable":true,"href":"https:\/\/minutobahia24h.com.br\/index.php?rest_route=\/wp\/v2\/users\/2"}],"replies":[{"embeddable":true,"href":"https:\/\/minutobahia24h.com.br\/index.php?rest_route=%2Fwp%2Fv2%2Fcomments&post=27284"}],"version-history":[{"count":1,"href":"https:\/\/minutobahia24h.com.br\/index.php?rest_route=\/wp\/v2\/posts\/27284\/revisions"}],"predecessor-version":[{"id":27285,"href":"https:\/\/minutobahia24h.com.br\/index.php?rest_route=\/wp\/v2\/posts\/27284\/revisions\/27285"}],"wp:featuredmedia":[{"embeddable":true,"href":"https:\/\/minutobahia24h.com.br\/index.php?rest_route=\/wp\/v2\/media\/27282"}],"wp:attachment":[{"href":"https:\/\/minutobahia24h.com.br\/index.php?rest_route=%2Fwp%2Fv2%2Fmedia&parent=27284"}],"wp:term":[{"taxonomy":"category","embeddable":true,"href":"https:\/\/minutobahia24h.com.br\/index.php?rest_route=%2Fwp%2Fv2%2Fcategories&post=27284"},{"taxonomy":"post_tag","embeddable":true,"href":"https:\/\/minutobahia24h.com.br\/index.php?rest_route=%2Fwp%2Fv2%2Ftags&post=27284"}],"curies":[{"name":"wp","href":"https:\/\/api.w.org\/{rel}","templated":true}]}}