{"id":27269,"date":"2025-04-08T16:34:00","date_gmt":"2025-04-08T19:34:00","guid":{"rendered":"https:\/\/minutobahia24h.com.br\/?p=27269"},"modified":"2025-04-08T16:34:10","modified_gmt":"2025-04-08T19:34:10","slug":"pgr-denuncia-ministro-juscelino-filho-por-suspeita-de-desvios-em-emendas-quando-era-deputado","status":"publish","type":"post","link":"https:\/\/minutobahia24h.com.br\/?p=27269","title":{"rendered":"PGR denuncia ministro Juscelino Filho por suspeita de desvios em emendas quando era deputado"},"content":{"rendered":"<div class=\"wp-block-image\">\n<figure class=\"aligncenter size-full\"><img data-recalc-dims=\"1\" fetchpriority=\"high\" decoding=\"async\" width=\"800\" height=\"535\" src=\"https:\/\/i0.wp.com\/minutobahia24h.com.br\/wp-content\/uploads\/2025\/04\/Sem-titulo-123.jpg?resize=800%2C535&#038;ssl=1\" alt=\"\" class=\"wp-image-27270\" srcset=\"https:\/\/i0.wp.com\/minutobahia24h.com.br\/wp-content\/uploads\/2025\/04\/Sem-titulo-123.jpg?w=885&amp;ssl=1 885w, https:\/\/i0.wp.com\/minutobahia24h.com.br\/wp-content\/uploads\/2025\/04\/Sem-titulo-123.jpg?resize=300%2C201&amp;ssl=1 300w, https:\/\/i0.wp.com\/minutobahia24h.com.br\/wp-content\/uploads\/2025\/04\/Sem-titulo-123.jpg?resize=768%2C514&amp;ssl=1 768w, https:\/\/i0.wp.com\/minutobahia24h.com.br\/wp-content\/uploads\/2025\/04\/Sem-titulo-123.jpg?resize=750%2C502&amp;ssl=1 750w\" sizes=\"(max-width: 800px) 100vw, 800px\" \/><figcaption class=\"wp-element-caption\">O ministro das Comunica\u00e7\u00f5es, Juscelino Filho \u2014 Foto: Breno Carvalho\/ag\u00eancia O Globo<br><\/figcaption><\/figure>\n<\/div>\n\n\n<p>A Procuradoria-Geral da Rep\u00fablica (<a class=\"\" href=\"https:\/\/oglobo.globo.com\/tudo-sobre\/instituicao-governamental\/pgr\/\">PGR<\/a>) denunciou o ministro\u00a0<a class=\"\" href=\"https:\/\/oglobo.globo.com\/tudo-sobre\/politico\/juscelino-filho\">Juscelino Filho<\/a>\u00a0(Comunica\u00e7\u00f5es) por\u00a0<strong>suspeita de desvio de emendas parlamentares<\/strong>\u00a0no per\u00edodo em que era deputado federal. A acusa\u00e7\u00e3o foi apresentada ao Supremo Tribunal Federal (<a class=\"\" href=\"https:\/\/oglobo.globo.com\/tudo-sobre\/instituicao-governamental\/stf\">STF<\/a>), que vai decidir se torna o ministro r\u00e9u. Em nota,\u00a0<strong>Juscelino afirmou que \u00e9 inocente\u00a0<\/strong>e que confia na Corte para rejeitar a den\u00fancia.<\/p>\n\n\n\n<h2 class=\"wp-block-heading\">Quem \u00e9 o relator do caso?<\/h2>\n\n\n\n<p>\u00c9 a primeira den\u00fancia apresentada pela PGR contra um integrante do primeiro escal\u00e3o da gest\u00e3o Lula neste mandato. O relator do caso no STF \u00e9 o ministro\u00a0<a class=\"\" href=\"https:\/\/oglobo.globo.com\/tudo-sobre\/politico\/flavio-dino\"><strong>Fl\u00e1vio Dino<\/strong><\/a>, que foi\u00a0<strong>colega de Juscelino na Esplanada\u00a0<\/strong>quando ocupou a pasta da Justi\u00e7a. A den\u00fancia est\u00e1 sob sigilo. Juscelino foi indiciado em junho do ano passado pela Pol\u00edcia Federal pelos crimes de organiza\u00e7\u00e3o criminosa, lavagem de dinheiro e corrup\u00e7\u00e3o passiva.<\/p>\n\n\n\n<p>A avalia\u00e7\u00e3o entre aliados do governo \u00e9 que uma eventual den\u00fancia<strong>&nbsp;poderia for\u00e7ar Lula a demiti-lo para evitar mais um foco de desgaste<\/strong>. Em declara\u00e7\u00f5es em 2024, o petista defendeu o direito de o auxiliar &#8220;provar que \u00e9 inocente&#8221;, mas disse que ele perderia o cargo caso as investiga\u00e7\u00f5es avan\u00e7assem.<\/p>\n\n\n\n<p>\u2014 O que eu disse para ele: s\u00f3 voc\u00ea sabe a verdade. Se o procurador indiciar&nbsp;<em>(denunciar),<\/em>&nbsp;voc\u00ea sabe que tem que mudar de posi\u00e7\u00e3o. Enquanto n\u00e3o houver indiciamento&nbsp;<em>(den\u00fancia)<\/em>, ele fica como ministro. Se houver indiciamento&nbsp;<em>(den\u00fancia)<\/em>, ele ser\u00e1 afastado \u2014 afirmou o presidente duas semanas ap\u00f3s a PF apresentar o relat\u00f3rio apontando os crimes de organiza\u00e7\u00e3o criminosa, lavagem de dinheiro e corrup\u00e7\u00e3o passiva.<\/p>\n\n\n\n<h2 class=\"wp-block-heading\">Juscelino Filho se manifesta<\/h2>\n\n\n\n<p>Em nota, a defesa de Juscelino disse que n\u00e3o foi notificada da den\u00fancia, que, caso confirmada, ser\u00e1 um &#8220;ind\u00edcio perigoso de estarmos voltando \u00e0 \u00e9poca punitivista do Brasil&#8221;.<\/p>\n\n\n\n<p>&#8220;De toda forma, o ministro reafirma sua total inoc\u00eancia e destaca que o oferecimento de uma den\u00fancia n\u00e3o implica em culpa, nem pode servir de instrumento para o MP pautar o pa\u00eds. O julgamento cabe ao Supremo Tribunal Federal (STF), em quem Juscelino Filho confia que rejeitar\u00e1 a pe\u00e7a acusat\u00f3ria diante da sua manifesta aus\u00eancia de provas&#8221;, completa a nota.<\/p>\n\n\n\n<p>Juscelino disse ainda que, na condi\u00e7\u00e3o de deputado federal, &#8220;limitou-se a indicar emendas parlamentares para custear a realiza\u00e7\u00e3o de obras em benef\u00edcio da popula\u00e7\u00e3o&#8221;. O texto diz tamb\u00e9m que &#8220;os processos de licita\u00e7\u00e3o, execu\u00e7\u00e3o e fiscaliza\u00e7\u00e3o dessas obras s\u00e3o de compet\u00eancia exclusiva do Poder Executivo, n\u00e3o sendo responsabilidade do parlamentar que indicou os recursos&#8221;.<\/p>\n\n\n\n<h2 class=\"wp-block-heading\">Por que PGR denunciou Juscelino Filho?<\/h2>\n\n\n\n<p>O inqu\u00e9rito trata de&nbsp;<strong>suspeitas de desvio de emendas parlamentares&nbsp;<\/strong>para pavimenta\u00e7\u00e3o de ruas de Vitorino Freire, no interior do Maranh\u00e3o. A cidade era comandada por sua irm\u00e3, Luanna Rezende, que chegou a ser afastada do cargo no curso das apura\u00e7\u00f5es, mas retomou o mandato ap\u00f3s decis\u00e3o do Supremo Tribunal Federal (STF). \u00c9 a primeira vez que um integrante do primeiro escal\u00e3o do atual mandato de Luiz In\u00e1cio Lula da Silva \u00e9 indiciado. Em nota quando foi indiciado, o ministro negou irregularidades e apontou &#8220;a\u00e7\u00e3o pol\u00edtica&#8221; da corpora\u00e7\u00e3o.<\/p>\n\n\n\n<p>Ele criticou a investiga\u00e7\u00e3o e afirmou que &#8220;apenas indicou emendas parlamentares para custear obras&#8221;. &#8220;A licita\u00e7\u00e3o, realiza\u00e7\u00e3o e fiscaliza\u00e7\u00e3o dessas obras s\u00e3o de responsabilidade do Poder Executivo e dos demais \u00f3rg\u00e3os competentes&#8221;, diz a nota. Segundo ele, a &#8220;investiga\u00e7\u00e3o revira fatos antigos e que sequer s\u00e3o de minha responsabilidade enquanto parlamentar&#8221;. &#8220;O indiciamento \u00e9 uma a\u00e7\u00e3o pol\u00edtica e previs\u00edvel, que parte de uma apura\u00e7\u00e3o que distorceu premissas, ignorou fatos e sequer ouviu a defesa sobre o escopo do inqu\u00e9rito&#8221;, completa.<a href=\"https:\/\/oglobo.globo.com\/politica\/noticia\/2025\/04\/08\/em-pernambuco-joao-campos-se-aproxima-do-psdb-apos-ruptura-de-raquel-lyra-com-a-legenda.ghtml\"><\/a><\/p>\n","protected":false},"excerpt":{"rendered":"<p>A Procuradoria-Geral da Rep\u00fablica (PGR) denunciou o ministro\u00a0Juscelino Filho\u00a0(Comunica\u00e7\u00f5es) por\u00a0suspeita de desvio de emendas parlamentares\u00a0no per\u00edodo em que era deputado federal. A acusa\u00e7\u00e3o foi apresentada ao Supremo Tribunal Federal (STF), que vai decidir se torna o ministro r\u00e9u. Em nota,\u00a0Juscelino afirmou que \u00e9 inocente\u00a0e que confia na Corte para rejeitar a den\u00fancia. Quem \u00e9 o [&hellip;]<\/p>\n","protected":false},"author":2,"featured_media":27270,"comment_status":"open","ping_status":"open","sticky":false,"template":"","format":"standard","meta":{"_jetpack_memberships_contains_paid_content":false,"footnotes":""},"categories":[39],"tags":[],"class_list":["post-27269","post","type-post","status-publish","format-standard","has-post-thumbnail","hentry","category-politica"],"aioseo_notices":[],"jetpack_featured_media_url":"https:\/\/i0.wp.com\/minutobahia24h.com.br\/wp-content\/uploads\/2025\/04\/Sem-titulo-123.jpg?fit=885%2C592&ssl=1","jetpack_sharing_enabled":true,"_links":{"self":[{"href":"https:\/\/minutobahia24h.com.br\/index.php?rest_route=\/wp\/v2\/posts\/27269","targetHints":{"allow":["GET"]}}],"collection":[{"href":"https:\/\/minutobahia24h.com.br\/index.php?rest_route=\/wp\/v2\/posts"}],"about":[{"href":"https:\/\/minutobahia24h.com.br\/index.php?rest_route=\/wp\/v2\/types\/post"}],"author":[{"embeddable":true,"href":"https:\/\/minutobahia24h.com.br\/index.php?rest_route=\/wp\/v2\/users\/2"}],"replies":[{"embeddable":true,"href":"https:\/\/minutobahia24h.com.br\/index.php?rest_route=%2Fwp%2Fv2%2Fcomments&post=27269"}],"version-history":[{"count":1,"href":"https:\/\/minutobahia24h.com.br\/index.php?rest_route=\/wp\/v2\/posts\/27269\/revisions"}],"predecessor-version":[{"id":27271,"href":"https:\/\/minutobahia24h.com.br\/index.php?rest_route=\/wp\/v2\/posts\/27269\/revisions\/27271"}],"wp:featuredmedia":[{"embeddable":true,"href":"https:\/\/minutobahia24h.com.br\/index.php?rest_route=\/wp\/v2\/media\/27270"}],"wp:attachment":[{"href":"https:\/\/minutobahia24h.com.br\/index.php?rest_route=%2Fwp%2Fv2%2Fmedia&parent=27269"}],"wp:term":[{"taxonomy":"category","embeddable":true,"href":"https:\/\/minutobahia24h.com.br\/index.php?rest_route=%2Fwp%2Fv2%2Fcategories&post=27269"},{"taxonomy":"post_tag","embeddable":true,"href":"https:\/\/minutobahia24h.com.br\/index.php?rest_route=%2Fwp%2Fv2%2Ftags&post=27269"}],"curies":[{"name":"wp","href":"https:\/\/api.w.org\/{rel}","templated":true}]}}