{"id":27263,"date":"2025-04-08T16:22:08","date_gmt":"2025-04-08T19:22:08","guid":{"rendered":"https:\/\/minutobahia24h.com.br\/?p=27263"},"modified":"2025-04-08T16:22:09","modified_gmt":"2025-04-08T19:22:09","slug":"bahia-convoca-populacao-a-se-imunizar-contra-influenza","status":"publish","type":"post","link":"https:\/\/minutobahia24h.com.br\/?p=27263","title":{"rendered":"Bahia convoca popula\u00e7\u00e3o a se imunizar contra Influenza"},"content":{"rendered":"<div class=\"wp-block-image\">\n<figure class=\"aligncenter size-full\"><img data-recalc-dims=\"1\" fetchpriority=\"high\" decoding=\"async\" width=\"678\" height=\"450\" src=\"https:\/\/i0.wp.com\/minutobahia24h.com.br\/wp-content\/uploads\/2025\/04\/Sem-titulo-121.jpg?resize=678%2C450&#038;ssl=1\" alt=\"\" class=\"wp-image-27264\" srcset=\"https:\/\/i0.wp.com\/minutobahia24h.com.br\/wp-content\/uploads\/2025\/04\/Sem-titulo-121.jpg?w=678&amp;ssl=1 678w, https:\/\/i0.wp.com\/minutobahia24h.com.br\/wp-content\/uploads\/2025\/04\/Sem-titulo-121.jpg?resize=300%2C199&amp;ssl=1 300w\" sizes=\"(max-width: 678px) 100vw, 678px\" \/><figcaption class=\"wp-element-caption\">(Foto: Reprodu\u00e7\u00e3o)<br><\/figcaption><\/figure>\n<\/div>\n\n\n<p>A estrat\u00e9gia nacional de vacina\u00e7\u00e3o contra a gripe (Influenza) foi iniciada oficialmente nessa segunda-feira (7) pelo Minist\u00e9rio da Sa\u00fade, mas a popula\u00e7\u00e3o da Bahia j\u00e1 vem sendo imunizada desde mar\u00e7o, ap\u00f3s a Secretaria da Sa\u00fade do Estado (Sesab) receber e distribuir para os munic\u00edpios a primeira remessa de doses enviada pelo governo federal.<\/p>\n\n\n\n<p>A meta de Sesab \u00e9 imunizar cerca de 6,3 milh\u00f5es de pessoas. A orienta\u00e7\u00e3o \u00e9 que a popula\u00e7\u00e3o eleg\u00edvel procure os postos de sa\u00fade mais pr\u00f3ximos para receber a vacina, que \u00e9 segura, eficaz e fundamental para reduzir a sobrecarga nos servi\u00e7os de sa\u00fade durante o per\u00edodo de maior circula\u00e7\u00e3o do v\u00edrus. O Minist\u00e9rio da Sa\u00fade elegeu o dia 10 de maio como \u2018Dia D\u2019 de mobiliza\u00e7\u00e3o nacional para a estrat\u00e9gia.<\/p>\n\n\n\n<p>Para viabilizar a imuniza\u00e7\u00e3o, a Bahia recebeu inicialmente cerca de 1,5 milh\u00e3o de doses da vacina, que j\u00e1 foram encaminhadas para todas as regionais de sa\u00fade. A secret\u00e1ria Roberta Santana refor\u00e7a a import\u00e2ncia da vacina\u00e7\u00e3o como forma de prevenir complica\u00e7\u00f5es e \u00f3bitos causados pela gripe. \u201c<em>Estamos trabalhando para garantir que os munic\u00edpios estejam abastecidos e prontos para iniciar a campanha. Nosso compromisso \u00e9 proteger a popula\u00e7\u00e3o baiana, especialmente os grupos mais vulner\u00e1veis<\/em>\u201d, afirmou a gestora estadual.<\/p>\n\n\n\n<p>carlosbritto<\/p>\n","protected":false},"excerpt":{"rendered":"<p>A estrat\u00e9gia nacional de vacina\u00e7\u00e3o contra a gripe (Influenza) foi iniciada oficialmente nessa segunda-feira (7) pelo Minist\u00e9rio da Sa\u00fade, mas a popula\u00e7\u00e3o da Bahia j\u00e1 vem sendo imunizada desde mar\u00e7o, ap\u00f3s a Secretaria da Sa\u00fade do Estado (Sesab) receber e distribuir para os munic\u00edpios a primeira remessa de doses enviada pelo governo federal. A meta [&hellip;]<\/p>\n","protected":false},"author":2,"featured_media":27264,"comment_status":"open","ping_status":"open","sticky":false,"template":"","format":"standard","meta":{"_jetpack_memberships_contains_paid_content":false,"footnotes":""},"categories":[18],"tags":[],"class_list":["post-27263","post","type-post","status-publish","format-standard","has-post-thumbnail","hentry","category-saude"],"aioseo_notices":[],"jetpack_featured_media_url":"https:\/\/i0.wp.com\/minutobahia24h.com.br\/wp-content\/uploads\/2025\/04\/Sem-titulo-121.jpg?fit=678%2C450&ssl=1","jetpack_sharing_enabled":true,"_links":{"self":[{"href":"https:\/\/minutobahia24h.com.br\/index.php?rest_route=\/wp\/v2\/posts\/27263","targetHints":{"allow":["GET"]}}],"collection":[{"href":"https:\/\/minutobahia24h.com.br\/index.php?rest_route=\/wp\/v2\/posts"}],"about":[{"href":"https:\/\/minutobahia24h.com.br\/index.php?rest_route=\/wp\/v2\/types\/post"}],"author":[{"embeddable":true,"href":"https:\/\/minutobahia24h.com.br\/index.php?rest_route=\/wp\/v2\/users\/2"}],"replies":[{"embeddable":true,"href":"https:\/\/minutobahia24h.com.br\/index.php?rest_route=%2Fwp%2Fv2%2Fcomments&post=27263"}],"version-history":[{"count":1,"href":"https:\/\/minutobahia24h.com.br\/index.php?rest_route=\/wp\/v2\/posts\/27263\/revisions"}],"predecessor-version":[{"id":27265,"href":"https:\/\/minutobahia24h.com.br\/index.php?rest_route=\/wp\/v2\/posts\/27263\/revisions\/27265"}],"wp:featuredmedia":[{"embeddable":true,"href":"https:\/\/minutobahia24h.com.br\/index.php?rest_route=\/wp\/v2\/media\/27264"}],"wp:attachment":[{"href":"https:\/\/minutobahia24h.com.br\/index.php?rest_route=%2Fwp%2Fv2%2Fmedia&parent=27263"}],"wp:term":[{"taxonomy":"category","embeddable":true,"href":"https:\/\/minutobahia24h.com.br\/index.php?rest_route=%2Fwp%2Fv2%2Fcategories&post=27263"},{"taxonomy":"post_tag","embeddable":true,"href":"https:\/\/minutobahia24h.com.br\/index.php?rest_route=%2Fwp%2Fv2%2Ftags&post=27263"}],"curies":[{"name":"wp","href":"https:\/\/api.w.org\/{rel}","templated":true}]}}