{"id":27245,"date":"2025-04-08T16:13:01","date_gmt":"2025-04-08T19:13:01","guid":{"rendered":"https:\/\/minutobahia24h.com.br\/?p=27245"},"modified":"2025-04-08T16:13:03","modified_gmt":"2025-04-08T19:13:03","slug":"produtores-do-salitre-ocupam-sede-da-codevasf-e-cobram-solucao-para-a-falta-de-agua-confira-nota-da-codevasf","status":"publish","type":"post","link":"https:\/\/minutobahia24h.com.br\/?p=27245","title":{"rendered":"Produtores do Salitre ocupam sede da Codevasf e cobram solu\u00e7\u00e3o para a falta de \u00e1gua. Confira nota da Codevasf"},"content":{"rendered":"<div class=\"wp-block-image\">\n<figure class=\"aligncenter size-full\"><img data-recalc-dims=\"1\" fetchpriority=\"high\" decoding=\"async\" width=\"597\" height=\"338\" src=\"https:\/\/i0.wp.com\/minutobahia24h.com.br\/wp-content\/uploads\/2025\/04\/Sem-titulo-115.jpg?resize=597%2C338&#038;ssl=1\" alt=\"\" class=\"wp-image-27246\" srcset=\"https:\/\/i0.wp.com\/minutobahia24h.com.br\/wp-content\/uploads\/2025\/04\/Sem-titulo-115.jpg?w=597&amp;ssl=1 597w, https:\/\/i0.wp.com\/minutobahia24h.com.br\/wp-content\/uploads\/2025\/04\/Sem-titulo-115.jpg?resize=300%2C170&amp;ssl=1 300w\" sizes=\"(max-width: 597px) 100vw, 597px\" \/><figcaption class=\"wp-element-caption\">Foto Ney Vital arquivo Redegn<\/figcaption><\/figure>\n<\/div>\n\n\n<p>Os produtores rurais da regi\u00e3o do Salitre que est\u00e3o perdendo plantios por falta de \u00e1gua realizam um protesto na entrada do pr\u00e9dio da Companhia de Desenvolvimento dos Vales do S\u00e3o Francisco e Parna\u00edba (Codevasf).<\/p>\n\n\n\n<p>Em contato com a REDEGN, Aleilton Azevedo,&nbsp;&nbsp;um dos produtores disse que &#8220;cerca de 80 produtores protestam na Codevasf em busca de uma solu\u00e7\u00e3o para o problema da falta de \u00e1gua da segunda Adutora do Junco&#8221;.<\/p>\n\n\n\n<p>De acordo com o produtor o objetivo do protesto \u00e9 dialogar com a Superintend\u00eancia da Codevasf tendo em vista que a falta de \u00e1gua na segunda Adutora n\u00e3o \u00e9 suficiente para irrigar os plantios.<\/p>\n\n\n\n<p>CONFIRA NOTA CODEVASF:&nbsp; CODEVASF 6a SR ESCLARECE SOBRE REIVINDICA\u00c7\u00d5ES DE PRODUTORES DO \u201cSALITRINHO\u201d-<br><br>A respeito do quanto noticiado sobre a reivindica\u00e7\u00e3o de grupo de produtores da regi\u00e3o do Salitre na sede da Codevasf 6\u00aa SR nesta ter\u00e7a, 08\/04\/25, informa-se que:<br>1 \u2013 N\u00e3o houve ocupa\u00e7\u00e3o da sede da Superintend\u00eancia. Os produtores, usu\u00e1rios externos do Projeto Salitre, foram recebidos por representantes da SR que ouviram as suas reivindica\u00e7\u00f5es, notadamente com rela\u00e7\u00e3o \u00e0s dificuldades de acesso \u00e0 \u00e1gua oferecida pelo Distrito de Irriga\u00e7\u00e3o do Salitre- DIS.<\/p>\n\n\n\n<p>2 \u2013 Como se trata de demandas exclusivas ao Distrito de Irriga\u00e7\u00e3o do Salitre, entidade que tem autonomia administrativa e responsabilidade pelo devido fornecimento de \u00e1gua aos usu\u00e1rios externos ao Per\u00edmetro, a 6\u00aa SR orientou que os respectivos produtores encaminhassem suas reivindica\u00e7\u00f5es ao DIS.<\/p>\n\n\n\n<p>3 \u2013 A Codevasf 6\u00aa SR envidou esfor\u00e7os no sentido de intermediar as tratativas entre o grupo de produtores e os representantes do Distrito, no entanto n\u00e3o foi poss\u00edvel a presen\u00e7a do presidente do Conselho de Administra\u00e7\u00e3o e do Gerente Executivo do DIS nesta manh\u00e3 na sede da 6\u00aa SR para que houvesse um poss\u00edvel e imediato entendimento.<\/p>\n\n\n\n<p>4 \u2013 A Codevasf 6\u00aa SR reitera, dessa forma, o seu compromisso na preserva\u00e7\u00e3o do di\u00e1logo entre os produtores, usu\u00e1rios externos do Per\u00edmetro, e o Distrito de Irriga\u00e7\u00e3o do Salitre, tendo sempre buscado realizar a\u00e7\u00f5es com vistas a assegurar \u00e0s comunidades o fornecimento de \u00e1gua para os seus plantios.<\/p>\n\n\n\n<p>Codevasf 6\u00aa GB- Unidade Regional de Comunica\u00e7\u00e3o\u00a0<br>\u00a0redegn <\/p>\n","protected":false},"excerpt":{"rendered":"<p>Os produtores rurais da regi\u00e3o do Salitre que est\u00e3o perdendo plantios por falta de \u00e1gua realizam um protesto na entrada do pr\u00e9dio da Companhia de Desenvolvimento dos Vales do S\u00e3o Francisco e Parna\u00edba (Codevasf). Em contato com a REDEGN, Aleilton Azevedo,&nbsp;&nbsp;um dos produtores disse que &#8220;cerca de 80 produtores protestam na Codevasf em busca de [&hellip;]<\/p>\n","protected":false},"author":2,"featured_media":27246,"comment_status":"open","ping_status":"open","sticky":false,"template":"","format":"standard","meta":{"_jetpack_memberships_contains_paid_content":false,"footnotes":""},"categories":[3],"tags":[],"class_list":["post-27245","post","type-post","status-publish","format-standard","has-post-thumbnail","hentry","category-regional"],"aioseo_notices":[],"jetpack_featured_media_url":"https:\/\/i0.wp.com\/minutobahia24h.com.br\/wp-content\/uploads\/2025\/04\/Sem-titulo-115.jpg?fit=597%2C338&ssl=1","jetpack_sharing_enabled":true,"_links":{"self":[{"href":"https:\/\/minutobahia24h.com.br\/index.php?rest_route=\/wp\/v2\/posts\/27245","targetHints":{"allow":["GET"]}}],"collection":[{"href":"https:\/\/minutobahia24h.com.br\/index.php?rest_route=\/wp\/v2\/posts"}],"about":[{"href":"https:\/\/minutobahia24h.com.br\/index.php?rest_route=\/wp\/v2\/types\/post"}],"author":[{"embeddable":true,"href":"https:\/\/minutobahia24h.com.br\/index.php?rest_route=\/wp\/v2\/users\/2"}],"replies":[{"embeddable":true,"href":"https:\/\/minutobahia24h.com.br\/index.php?rest_route=%2Fwp%2Fv2%2Fcomments&post=27245"}],"version-history":[{"count":1,"href":"https:\/\/minutobahia24h.com.br\/index.php?rest_route=\/wp\/v2\/posts\/27245\/revisions"}],"predecessor-version":[{"id":27247,"href":"https:\/\/minutobahia24h.com.br\/index.php?rest_route=\/wp\/v2\/posts\/27245\/revisions\/27247"}],"wp:featuredmedia":[{"embeddable":true,"href":"https:\/\/minutobahia24h.com.br\/index.php?rest_route=\/wp\/v2\/media\/27246"}],"wp:attachment":[{"href":"https:\/\/minutobahia24h.com.br\/index.php?rest_route=%2Fwp%2Fv2%2Fmedia&parent=27245"}],"wp:term":[{"taxonomy":"category","embeddable":true,"href":"https:\/\/minutobahia24h.com.br\/index.php?rest_route=%2Fwp%2Fv2%2Fcategories&post=27245"},{"taxonomy":"post_tag","embeddable":true,"href":"https:\/\/minutobahia24h.com.br\/index.php?rest_route=%2Fwp%2Fv2%2Ftags&post=27245"}],"curies":[{"name":"wp","href":"https:\/\/api.w.org\/{rel}","templated":true}]}}