{"id":27233,"date":"2025-04-08T07:55:00","date_gmt":"2025-04-08T10:55:00","guid":{"rendered":"https:\/\/minutobahia24h.com.br\/?p=27233"},"modified":"2025-04-08T07:55:01","modified_gmt":"2025-04-08T10:55:01","slug":"pec-da-seguranca-sera-levada-a-camara-nesta-terca","status":"publish","type":"post","link":"https:\/\/minutobahia24h.com.br\/?p=27233","title":{"rendered":"PEC da Seguran\u00e7a ser\u00e1 levada \u00e0 C\u00e2mara nesta ter\u00e7a"},"content":{"rendered":"<div class=\"wp-block-image\">\n<figure class=\"aligncenter size-full\"><img data-recalc-dims=\"1\" fetchpriority=\"high\" decoding=\"async\" width=\"600\" height=\"401\" src=\"https:\/\/i0.wp.com\/minutobahia24h.com.br\/wp-content\/uploads\/2025\/04\/Sem-titulo-113.jpg?resize=600%2C401&#038;ssl=1\" alt=\"\" class=\"wp-image-27234\" srcset=\"https:\/\/i0.wp.com\/minutobahia24h.com.br\/wp-content\/uploads\/2025\/04\/Sem-titulo-113.jpg?w=600&amp;ssl=1 600w, https:\/\/i0.wp.com\/minutobahia24h.com.br\/wp-content\/uploads\/2025\/04\/Sem-titulo-113.jpg?resize=300%2C201&amp;ssl=1 300w\" sizes=\"(max-width: 600px) 100vw, 600px\" \/><figcaption class=\"wp-element-caption\">Documento foi produzido no Minist\u00e9rio da Justi\u00e7a e Seguran\u00e7a P\u00fablica &#8211;\u00a0Foto: Tom Costa | AFP<br><\/figcaption><\/figure>\n<\/div>\n\n\n<p>A&nbsp;<a href=\"https:\/\/atarde.com.br\/?q=Seguran%C3%A7a+P%C3%BAblica&amp;d=1\" target=\"_blank\" rel=\"noreferrer noopener\">Proposta de Emenda \u00e0 Constitui\u00e7\u00e3o (PEC) da Seguran\u00e7a P\u00fablica&nbsp;<\/a>ser\u00e1 enviada \u00e0 C\u00e2mara dos Deputados nesta ter\u00e7a-feira (8). O ministro da Justi\u00e7a e Seguran\u00e7a P\u00fablica,&nbsp;<a href=\"https:\/\/atarde.com.br\/?q=Ricardo+Lewandowski&amp;d=1\" target=\"_blank\" rel=\"noreferrer noopener\">Ricardo Lewandowski<\/a>, o presidente da Casa, Hugo Motta (Republicanos-PB), l\u00edderes partid\u00e1rios e a ministra das Rela\u00e7\u00f5es Institucionais, Gleisi Hoffmann ter\u00e3o encontro \u00e0s 9h para a entrega do texto.<\/p>\n\n\n\n<p>Na segunda-feira, 7, Hugo Motta afirmou que a C\u00e2mara vai se debru\u00e7ar sobre a PEC, mas pediu cautela no recebimento do texto, que enfrenta resist\u00eancia entre governadores e parlamentares de oposi\u00e7\u00e3o ao governo do presidente Luiz In\u00e1cio Lula da Silva (PT).<\/p>\n\n\n\n<p>\u201cVejo que hoje no Congresso, infelizmente, tem muito preconceito quando se tem o v\u00edcio de iniciativa de \u2018n\u00e3o presta porque vem do governo\u2019. Nem se conhece o texto e j\u00e1 estamos dizendo que n\u00e3o presta? Vamos ter calma\u201d, disse Hugo.<\/p>\n\n\n\n<p>A PEC da Seguran\u00e7a \u00e9 uma das prioridades do governo federal. O texto, elaborado pela equipe de Lewandowski, busca unificar o combate ao crime organizado com a\u00e7\u00f5es coordenadas entre a Uni\u00e3o, estados e munic\u00edpios.<\/p>\n\n\n\n<p>atarde<\/p>\n","protected":false},"excerpt":{"rendered":"<p>A&nbsp;Proposta de Emenda \u00e0 Constitui\u00e7\u00e3o (PEC) da Seguran\u00e7a P\u00fablica&nbsp;ser\u00e1 enviada \u00e0 C\u00e2mara dos Deputados nesta ter\u00e7a-feira (8). O ministro da Justi\u00e7a e Seguran\u00e7a P\u00fablica,&nbsp;Ricardo Lewandowski, o presidente da Casa, Hugo Motta (Republicanos-PB), l\u00edderes partid\u00e1rios e a ministra das Rela\u00e7\u00f5es Institucionais, Gleisi Hoffmann ter\u00e3o encontro \u00e0s 9h para a entrega do texto. Na segunda-feira, 7, Hugo [&hellip;]<\/p>\n","protected":false},"author":2,"featured_media":27234,"comment_status":"open","ping_status":"open","sticky":false,"template":"","format":"standard","meta":{"_jetpack_memberships_contains_paid_content":false,"footnotes":""},"categories":[39],"tags":[],"class_list":["post-27233","post","type-post","status-publish","format-standard","has-post-thumbnail","hentry","category-politica"],"aioseo_notices":[],"jetpack_featured_media_url":"https:\/\/i0.wp.com\/minutobahia24h.com.br\/wp-content\/uploads\/2025\/04\/Sem-titulo-113.jpg?fit=600%2C401&ssl=1","jetpack_sharing_enabled":true,"_links":{"self":[{"href":"https:\/\/minutobahia24h.com.br\/index.php?rest_route=\/wp\/v2\/posts\/27233","targetHints":{"allow":["GET"]}}],"collection":[{"href":"https:\/\/minutobahia24h.com.br\/index.php?rest_route=\/wp\/v2\/posts"}],"about":[{"href":"https:\/\/minutobahia24h.com.br\/index.php?rest_route=\/wp\/v2\/types\/post"}],"author":[{"embeddable":true,"href":"https:\/\/minutobahia24h.com.br\/index.php?rest_route=\/wp\/v2\/users\/2"}],"replies":[{"embeddable":true,"href":"https:\/\/minutobahia24h.com.br\/index.php?rest_route=%2Fwp%2Fv2%2Fcomments&post=27233"}],"version-history":[{"count":1,"href":"https:\/\/minutobahia24h.com.br\/index.php?rest_route=\/wp\/v2\/posts\/27233\/revisions"}],"predecessor-version":[{"id":27235,"href":"https:\/\/minutobahia24h.com.br\/index.php?rest_route=\/wp\/v2\/posts\/27233\/revisions\/27235"}],"wp:featuredmedia":[{"embeddable":true,"href":"https:\/\/minutobahia24h.com.br\/index.php?rest_route=\/wp\/v2\/media\/27234"}],"wp:attachment":[{"href":"https:\/\/minutobahia24h.com.br\/index.php?rest_route=%2Fwp%2Fv2%2Fmedia&parent=27233"}],"wp:term":[{"taxonomy":"category","embeddable":true,"href":"https:\/\/minutobahia24h.com.br\/index.php?rest_route=%2Fwp%2Fv2%2Fcategories&post=27233"},{"taxonomy":"post_tag","embeddable":true,"href":"https:\/\/minutobahia24h.com.br\/index.php?rest_route=%2Fwp%2Fv2%2Ftags&post=27233"}],"curies":[{"name":"wp","href":"https:\/\/api.w.org\/{rel}","templated":true}]}}