{"id":27230,"date":"2025-04-08T07:53:39","date_gmt":"2025-04-08T10:53:39","guid":{"rendered":"https:\/\/minutobahia24h.com.br\/?p=27230"},"modified":"2025-04-08T07:53:40","modified_gmt":"2025-04-08T10:53:40","slug":"ministro-pede-que-petrobras-reduza-preco-dos-combustiveis","status":"publish","type":"post","link":"https:\/\/minutobahia24h.com.br\/?p=27230","title":{"rendered":"Ministro pede que Petrobras reduza pre\u00e7o dos combust\u00edveis"},"content":{"rendered":"<div class=\"wp-block-image\">\n<figure class=\"aligncenter size-full\"><img data-recalc-dims=\"1\" fetchpriority=\"high\" decoding=\"async\" width=\"598\" height=\"421\" src=\"https:\/\/i0.wp.com\/minutobahia24h.com.br\/wp-content\/uploads\/2025\/04\/Sem-titulo-112.jpg?resize=598%2C421&#038;ssl=1\" alt=\"\" class=\"wp-image-27231\" srcset=\"https:\/\/i0.wp.com\/minutobahia24h.com.br\/wp-content\/uploads\/2025\/04\/Sem-titulo-112.jpg?w=598&amp;ssl=1 598w, https:\/\/i0.wp.com\/minutobahia24h.com.br\/wp-content\/uploads\/2025\/04\/Sem-titulo-112.jpg?resize=300%2C211&amp;ssl=1 300w\" sizes=\"(max-width: 598px) 100vw, 598px\" \/><figcaption class=\"wp-element-caption\">Foto: Fernando Fraz\u00e3o\/Ag\u00eancia Brasil<br><\/figcaption><\/figure>\n<\/div>\n\n\n<p>O ministro de Minas e Energia, Alexandre Silveira, solicitou \u00e0 presidente da Petrobras, Magda Chambriard, que a estatal avalie a possibilidade de reduzir novamente o pre\u00e7o m\u00e9dio do diesel vendido \u00e0s distribuidoras. A informa\u00e7\u00e3o foi confirmada por uma fonte com conhecimento da conversa, que ocorreu de maneira informal na semana passada. As informa\u00e7\u00f5es s\u00e3o do Brasil247.<\/p>\n\n\n\n<p>Segundo a fonte, Silveira argumentou que a queda recente no pre\u00e7o internacional do petr\u00f3leo tipo Brent, somada \u00e0 relativa estabilidade cambial, criam um cen\u00e1rio favor\u00e1vel para uma nova redu\u00e7\u00e3o. \u201cO ministro destacou que o petr\u00f3leo est\u00e1 recuando e que o d\u00f3lar tem se mantido controlado\u201d, relatou a fonte, sob condi\u00e7\u00e3o de anonimato.<\/p>\n\n\n\n<p>A solicita\u00e7\u00e3o do ministro acontece ap\u00f3s uma queda expressiva no pre\u00e7o do barril do petr\u00f3leo Brent, que caiu cerca de US$ 10, chegando \u00e0 faixa de US$ 64. O recuo est\u00e1 ligado, em parte, ao impacto das novas tarifas anunciadas pelo ex-presidente dos Estados Unidos, Donald Trump, sobre produtos importados, o que aumentou a incerteza no com\u00e9rcio internacional e pressionou os pre\u00e7os do petr\u00f3leo.<\/p>\n\n\n\n<p><strong>Petrobras ainda n\u00e3o se posicionou<\/strong><\/p>\n\n\n\n<p>At\u00e9 o momento, a Petrobras n\u00e3o emitiu comunicado oficial sobre a possibilidade de novo reajuste nos pre\u00e7os. A pol\u00edtica de pre\u00e7os da estatal passou por mudan\u00e7as em 2023 e, atualmente, leva em considera\u00e7\u00e3o vari\u00e1veis como o custo de produ\u00e7\u00e3o, os pre\u00e7os internacionais e as condi\u00e7\u00f5es do mercado interno.<\/p>\n\n\n\n<p>A expectativa \u00e9 que o tema entre na pauta da diretoria da empresa nas pr\u00f3ximas semanas, principalmente diante das movimenta\u00e7\u00f5es do governo federal para controlar a infla\u00e7\u00e3o e os custos log\u00edsticos no pa\u00eds.<\/p>\n\n\n\n<p>Bahia.ba<\/p>\n","protected":false},"excerpt":{"rendered":"<p>O ministro de Minas e Energia, Alexandre Silveira, solicitou \u00e0 presidente da Petrobras, Magda Chambriard, que a estatal avalie a possibilidade de reduzir novamente o pre\u00e7o m\u00e9dio do diesel vendido \u00e0s distribuidoras. A informa\u00e7\u00e3o foi confirmada por uma fonte com conhecimento da conversa, que ocorreu de maneira informal na semana passada. As informa\u00e7\u00f5es s\u00e3o do [&hellip;]<\/p>\n","protected":false},"author":2,"featured_media":27231,"comment_status":"open","ping_status":"open","sticky":false,"template":"","format":"standard","meta":{"_jetpack_memberships_contains_paid_content":false,"footnotes":""},"categories":[19],"tags":[],"class_list":["post-27230","post","type-post","status-publish","format-standard","has-post-thumbnail","hentry","category-economia"],"aioseo_notices":[],"jetpack_featured_media_url":"https:\/\/i0.wp.com\/minutobahia24h.com.br\/wp-content\/uploads\/2025\/04\/Sem-titulo-112.jpg?fit=598%2C421&ssl=1","jetpack_sharing_enabled":true,"_links":{"self":[{"href":"https:\/\/minutobahia24h.com.br\/index.php?rest_route=\/wp\/v2\/posts\/27230","targetHints":{"allow":["GET"]}}],"collection":[{"href":"https:\/\/minutobahia24h.com.br\/index.php?rest_route=\/wp\/v2\/posts"}],"about":[{"href":"https:\/\/minutobahia24h.com.br\/index.php?rest_route=\/wp\/v2\/types\/post"}],"author":[{"embeddable":true,"href":"https:\/\/minutobahia24h.com.br\/index.php?rest_route=\/wp\/v2\/users\/2"}],"replies":[{"embeddable":true,"href":"https:\/\/minutobahia24h.com.br\/index.php?rest_route=%2Fwp%2Fv2%2Fcomments&post=27230"}],"version-history":[{"count":1,"href":"https:\/\/minutobahia24h.com.br\/index.php?rest_route=\/wp\/v2\/posts\/27230\/revisions"}],"predecessor-version":[{"id":27232,"href":"https:\/\/minutobahia24h.com.br\/index.php?rest_route=\/wp\/v2\/posts\/27230\/revisions\/27232"}],"wp:featuredmedia":[{"embeddable":true,"href":"https:\/\/minutobahia24h.com.br\/index.php?rest_route=\/wp\/v2\/media\/27231"}],"wp:attachment":[{"href":"https:\/\/minutobahia24h.com.br\/index.php?rest_route=%2Fwp%2Fv2%2Fmedia&parent=27230"}],"wp:term":[{"taxonomy":"category","embeddable":true,"href":"https:\/\/minutobahia24h.com.br\/index.php?rest_route=%2Fwp%2Fv2%2Fcategories&post=27230"},{"taxonomy":"post_tag","embeddable":true,"href":"https:\/\/minutobahia24h.com.br\/index.php?rest_route=%2Fwp%2Fv2%2Ftags&post=27230"}],"curies":[{"name":"wp","href":"https:\/\/api.w.org\/{rel}","templated":true}]}}