{"id":27227,"date":"2025-04-08T07:51:16","date_gmt":"2025-04-08T10:51:16","guid":{"rendered":"https:\/\/minutobahia24h.com.br\/?p=27227"},"modified":"2025-04-08T07:51:17","modified_gmt":"2025-04-08T10:51:17","slug":"contas-de-luz-podem-ficar-35-mais-caras-em-2025-diz-aneel","status":"publish","type":"post","link":"https:\/\/minutobahia24h.com.br\/?p=27227","title":{"rendered":"Contas de luz podem ficar 3,5% mais caras em 2025, diz Aneel"},"content":{"rendered":"<div class=\"wp-block-image\">\n<figure class=\"aligncenter size-full\"><img data-recalc-dims=\"1\" fetchpriority=\"high\" decoding=\"async\" width=\"800\" height=\"376\" src=\"https:\/\/i0.wp.com\/minutobahia24h.com.br\/wp-content\/uploads\/2025\/04\/Sem-titulo-111.jpg?resize=800%2C376&#038;ssl=1\" alt=\"\" class=\"wp-image-27228\" srcset=\"https:\/\/i0.wp.com\/minutobahia24h.com.br\/wp-content\/uploads\/2025\/04\/Sem-titulo-111.jpg?w=1024&amp;ssl=1 1024w, https:\/\/i0.wp.com\/minutobahia24h.com.br\/wp-content\/uploads\/2025\/04\/Sem-titulo-111.jpg?resize=300%2C141&amp;ssl=1 300w, https:\/\/i0.wp.com\/minutobahia24h.com.br\/wp-content\/uploads\/2025\/04\/Sem-titulo-111.jpg?resize=768%2C361&amp;ssl=1 768w, https:\/\/i0.wp.com\/minutobahia24h.com.br\/wp-content\/uploads\/2025\/04\/Sem-titulo-111.jpg?resize=750%2C352&amp;ssl=1 750w\" sizes=\"(max-width: 800px) 100vw, 800px\" \/><\/figure>\n<\/div>\n\n\n<p>A Ag\u00eancia Nacional de Energia El\u00e9trica (Aneel) projeta que os \u00edndices de reajuste e revis\u00e3o das tarifas que comp\u00f5em a conta de luz devem ficar abaixo da infla\u00e7\u00e3o em 2025. De acordo com boletim trimestral InfoTarifa divulgado nesta segunda-feira (7), a energia el\u00e9trica deve ficar 3,5% mais cara.<\/p>\n\n\n\n<p>Em nota, a ag\u00eancia tamb\u00e9m destacou que o efeito m\u00e9dio projetado est\u00e1 abaixo das proje\u00e7\u00f5es de 5,1% no \u00cdndice Geral de Pre\u00e7os \u2014 Mercado (IGP-M). Entre os aspectos que explicam o aumento, est\u00e1 a previs\u00e3o de R$ 41 bilh\u00f5es no or\u00e7amento da Conta de Desenvolvimento Energ\u00e9tico (CDE) para 2025, uma alta de 9,2% em compara\u00e7\u00e3o a 2024. <\/p>\n\n\n\n<p>A Aneel tamb\u00e9m informou que impactos dos \u00edndices inflacion\u00e1rios nos custos de distribui\u00e7\u00e3o (parcela B) tamb\u00e9m contribu\u00edram para a proje\u00e7\u00e3o. De janeiro a abril, a Aneel manteve bandeira tarif\u00e1ria da conta de luz em verde, o que significa que os consumidores de energia el\u00e9trica n\u00e3o tiveram custo adicional nas contas de energia.<\/p>\n\n\n\n<p>M1<\/p>\n","protected":false},"excerpt":{"rendered":"<p>A Ag\u00eancia Nacional de Energia El\u00e9trica (Aneel) projeta que os \u00edndices de reajuste e revis\u00e3o das tarifas que comp\u00f5em a conta de luz devem ficar abaixo da infla\u00e7\u00e3o em 2025. De acordo com boletim trimestral InfoTarifa divulgado nesta segunda-feira (7), a energia el\u00e9trica deve ficar 3,5% mais cara. Em nota, a ag\u00eancia tamb\u00e9m destacou que [&hellip;]<\/p>\n","protected":false},"author":2,"featured_media":27228,"comment_status":"open","ping_status":"open","sticky":false,"template":"","format":"standard","meta":{"_jetpack_memberships_contains_paid_content":false,"footnotes":""},"categories":[46],"tags":[],"class_list":["post-27227","post","type-post","status-publish","format-standard","has-post-thumbnail","hentry","category-noticia"],"aioseo_notices":[],"jetpack_featured_media_url":"https:\/\/i0.wp.com\/minutobahia24h.com.br\/wp-content\/uploads\/2025\/04\/Sem-titulo-111.jpg?fit=1024%2C481&ssl=1","jetpack_sharing_enabled":true,"_links":{"self":[{"href":"https:\/\/minutobahia24h.com.br\/index.php?rest_route=\/wp\/v2\/posts\/27227","targetHints":{"allow":["GET"]}}],"collection":[{"href":"https:\/\/minutobahia24h.com.br\/index.php?rest_route=\/wp\/v2\/posts"}],"about":[{"href":"https:\/\/minutobahia24h.com.br\/index.php?rest_route=\/wp\/v2\/types\/post"}],"author":[{"embeddable":true,"href":"https:\/\/minutobahia24h.com.br\/index.php?rest_route=\/wp\/v2\/users\/2"}],"replies":[{"embeddable":true,"href":"https:\/\/minutobahia24h.com.br\/index.php?rest_route=%2Fwp%2Fv2%2Fcomments&post=27227"}],"version-history":[{"count":1,"href":"https:\/\/minutobahia24h.com.br\/index.php?rest_route=\/wp\/v2\/posts\/27227\/revisions"}],"predecessor-version":[{"id":27229,"href":"https:\/\/minutobahia24h.com.br\/index.php?rest_route=\/wp\/v2\/posts\/27227\/revisions\/27229"}],"wp:featuredmedia":[{"embeddable":true,"href":"https:\/\/minutobahia24h.com.br\/index.php?rest_route=\/wp\/v2\/media\/27228"}],"wp:attachment":[{"href":"https:\/\/minutobahia24h.com.br\/index.php?rest_route=%2Fwp%2Fv2%2Fmedia&parent=27227"}],"wp:term":[{"taxonomy":"category","embeddable":true,"href":"https:\/\/minutobahia24h.com.br\/index.php?rest_route=%2Fwp%2Fv2%2Fcategories&post=27227"},{"taxonomy":"post_tag","embeddable":true,"href":"https:\/\/minutobahia24h.com.br\/index.php?rest_route=%2Fwp%2Fv2%2Ftags&post=27227"}],"curies":[{"name":"wp","href":"https:\/\/api.w.org\/{rel}","templated":true}]}}