{"id":27212,"date":"2025-04-08T07:40:38","date_gmt":"2025-04-08T10:40:38","guid":{"rendered":"https:\/\/minutobahia24h.com.br\/?p=27212"},"modified":"2025-04-08T07:40:40","modified_gmt":"2025-04-08T10:40:40","slug":"supremo-tribunal-federal-pode-aumentar-a-aposentadoria-aos-idosos","status":"publish","type":"post","link":"https:\/\/minutobahia24h.com.br\/?p=27212","title":{"rendered":"Supremo Tribunal Federal pode aumentar a aposentadoria aos idosos"},"content":{"rendered":"<div class=\"wp-block-image\">\n<figure class=\"aligncenter size-full\"><img data-recalc-dims=\"1\" fetchpriority=\"high\" decoding=\"async\" width=\"768\" height=\"512\" src=\"https:\/\/i0.wp.com\/minutobahia24h.com.br\/wp-content\/uploads\/2025\/04\/Sem-titulo-106.jpg?resize=768%2C512&#038;ssl=1\" alt=\"\" class=\"wp-image-27213\" srcset=\"https:\/\/i0.wp.com\/minutobahia24h.com.br\/wp-content\/uploads\/2025\/04\/Sem-titulo-106.jpg?w=768&amp;ssl=1 768w, https:\/\/i0.wp.com\/minutobahia24h.com.br\/wp-content\/uploads\/2025\/04\/Sem-titulo-106.jpg?resize=300%2C200&amp;ssl=1 300w, https:\/\/i0.wp.com\/minutobahia24h.com.br\/wp-content\/uploads\/2025\/04\/Sem-titulo-106.jpg?resize=750%2C500&amp;ssl=1 750w\" sizes=\"(max-width: 768px) 100vw, 768px\" \/><figcaption class=\"wp-element-caption\">Decis\u00e3o do STF pode aumentar a aposentadoria &#8211;\u00a0Foto: Pedro Fran\u00e7a\/Ag\u00eancia Senado<br><\/figcaption><\/figure>\n<\/div>\n\n\n<p>O julgamento da \u201crevis\u00e3o da vida toda\u201d vai ser retomado pelo\u00a0<a href=\"https:\/\/atarde.com.br\/?q=Supremo+Tribunal+Federal&amp;d=1\" target=\"_blank\" rel=\"noreferrer noopener\">Supremo Tribunal Federal (STF)<\/a>\u00a0na pr\u00f3xima quinta-feira, 10. Tal tese pode impactar na\u00a0<a href=\"https:\/\/atarde.com.br\/?q=aposentadoria&amp;d=1\" target=\"_blank\" rel=\"noreferrer noopener\">aposentadoria<\/a>\u00a0de muitos benefici\u00e1rios do\u00a0<a href=\"https:\/\/atarde.com.br\/?q=INSS&amp;d=1\" target=\"_blank\" rel=\"noreferrer noopener\">INSS (Instituto Nacional do Seguro Social)<\/a>. O julgamento ser\u00e1 feito de forma presencial, ao inv\u00e9s de online, a pedido do ministro Dias Toffoli.<\/p>\n\n\n\n<h2 class=\"wp-block-heading\">\u201cRevis\u00e3o da vida toda\u201d: o que \u00e9?<\/h2>\n\n\n\n<p>A revis\u00e3o da vida toda permite que aposentados pe\u00e7am um rec\u00e1lculo do benef\u00edcio tendo em vista as contribui\u00e7\u00f5es feitas antes de julho de 1994, data que a previd\u00eancia vigente considera ponto de partida para os c\u00e1lculos. Logo, esse movimento pode aumentar o valor da aposentadoria.<\/p>\n\n\n\n<p>O Supremo Tribunal Federal (STF), com uma outra composi\u00e7\u00e3o, em 2022, permitiu tal recurso, por\u00e9m o mesmo STF, com dois ministros diferentes, derrubou a tese em 2024.<\/p>\n\n\n\n<p>Logo, n\u00e3o \u00e9 mais poss\u00edvel haver esse recurso, mas a Confedera\u00e7\u00e3o Nacional dos Trabalhadores Metal\u00fargicos (CNTM) entrou com um outro recurso para que haja uma maior clareza na decis\u00e3o do Supremo, diz a Itatiaia.<\/p>\n\n\n\n<p>O recurso utilizado pela CNTM pede para que os aposentados que foram \u00e0 justi\u00e7a entre 2022 e 2024, n\u00e3o precisam devolver os recursos recebidos e mantenham a aposentada recalculada. Tal pedido est\u00e1 sendo julgado nesta semana.<\/p>\n\n\n\n<p>Atarde<\/p>\n","protected":false},"excerpt":{"rendered":"<p>O julgamento da \u201crevis\u00e3o da vida toda\u201d vai ser retomado pelo\u00a0Supremo Tribunal Federal (STF)\u00a0na pr\u00f3xima quinta-feira, 10. Tal tese pode impactar na\u00a0aposentadoria\u00a0de muitos benefici\u00e1rios do\u00a0INSS (Instituto Nacional do Seguro Social). O julgamento ser\u00e1 feito de forma presencial, ao inv\u00e9s de online, a pedido do ministro Dias Toffoli. \u201cRevis\u00e3o da vida toda\u201d: o que \u00e9? A [&hellip;]<\/p>\n","protected":false},"author":2,"featured_media":27213,"comment_status":"open","ping_status":"open","sticky":false,"template":"","format":"standard","meta":{"_jetpack_memberships_contains_paid_content":false,"footnotes":""},"categories":[46],"tags":[],"class_list":["post-27212","post","type-post","status-publish","format-standard","has-post-thumbnail","hentry","category-noticia"],"aioseo_notices":[],"jetpack_featured_media_url":"https:\/\/i0.wp.com\/minutobahia24h.com.br\/wp-content\/uploads\/2025\/04\/Sem-titulo-106.jpg?fit=768%2C512&ssl=1","jetpack_sharing_enabled":true,"_links":{"self":[{"href":"https:\/\/minutobahia24h.com.br\/index.php?rest_route=\/wp\/v2\/posts\/27212","targetHints":{"allow":["GET"]}}],"collection":[{"href":"https:\/\/minutobahia24h.com.br\/index.php?rest_route=\/wp\/v2\/posts"}],"about":[{"href":"https:\/\/minutobahia24h.com.br\/index.php?rest_route=\/wp\/v2\/types\/post"}],"author":[{"embeddable":true,"href":"https:\/\/minutobahia24h.com.br\/index.php?rest_route=\/wp\/v2\/users\/2"}],"replies":[{"embeddable":true,"href":"https:\/\/minutobahia24h.com.br\/index.php?rest_route=%2Fwp%2Fv2%2Fcomments&post=27212"}],"version-history":[{"count":1,"href":"https:\/\/minutobahia24h.com.br\/index.php?rest_route=\/wp\/v2\/posts\/27212\/revisions"}],"predecessor-version":[{"id":27214,"href":"https:\/\/minutobahia24h.com.br\/index.php?rest_route=\/wp\/v2\/posts\/27212\/revisions\/27214"}],"wp:featuredmedia":[{"embeddable":true,"href":"https:\/\/minutobahia24h.com.br\/index.php?rest_route=\/wp\/v2\/media\/27213"}],"wp:attachment":[{"href":"https:\/\/minutobahia24h.com.br\/index.php?rest_route=%2Fwp%2Fv2%2Fmedia&parent=27212"}],"wp:term":[{"taxonomy":"category","embeddable":true,"href":"https:\/\/minutobahia24h.com.br\/index.php?rest_route=%2Fwp%2Fv2%2Fcategories&post=27212"},{"taxonomy":"post_tag","embeddable":true,"href":"https:\/\/minutobahia24h.com.br\/index.php?rest_route=%2Fwp%2Fv2%2Ftags&post=27212"}],"curies":[{"name":"wp","href":"https:\/\/api.w.org\/{rel}","templated":true}]}}