{"id":27127,"date":"2025-04-07T07:57:17","date_gmt":"2025-04-07T10:57:17","guid":{"rendered":"https:\/\/minutobahia24h.com.br\/?p=27127"},"modified":"2025-04-07T07:57:19","modified_gmt":"2025-04-07T10:57:19","slug":"eleicoes-de-dois-em-dois-anos-pode-estar-com-os-dias-contados","status":"publish","type":"post","link":"https:\/\/minutobahia24h.com.br\/?p=27127","title":{"rendered":"Elei\u00e7\u00f5es de dois em dois anos pode estar com os dias contados"},"content":{"rendered":"<div class=\"wp-block-image\">\n<figure class=\"aligncenter size-full\"><img data-recalc-dims=\"1\" fetchpriority=\"high\" decoding=\"async\" width=\"672\" height=\"446\" src=\"https:\/\/i0.wp.com\/minutobahia24h.com.br\/wp-content\/uploads\/2025\/04\/Sem-titulo-86.jpg?resize=672%2C446&#038;ssl=1\" alt=\"\" class=\"wp-image-27128\" srcset=\"https:\/\/i0.wp.com\/minutobahia24h.com.br\/wp-content\/uploads\/2025\/04\/Sem-titulo-86.jpg?w=672&amp;ssl=1 672w, https:\/\/i0.wp.com\/minutobahia24h.com.br\/wp-content\/uploads\/2025\/04\/Sem-titulo-86.jpg?resize=300%2C199&amp;ssl=1 300w\" sizes=\"(max-width: 672px) 100vw, 672px\" \/><figcaption class=\"wp-element-caption\"><strong>Foto: Pedro Fran\u00e7a\/Ag\u00eancia Senado<\/strong><\/figcaption><\/figure>\n<\/div>\n\n\n<p>O presidente da CCJ, senador Otto Alencar, do PSD da Bahia, afirmou que pretende colocar em vota\u00e7\u00e3o at\u00e9 o meio do ano a proposta de emenda \u00e0 Constitui\u00e7\u00e3o que acaba com as elei\u00e7\u00f5es de dois em dois anos. Apresentada pelo senador Jorge Kajuru, do PSB de Goi\u00e1s, a PEC unifica as elei\u00e7\u00f5es municipais, nas quais s\u00e3o eleitos prefeitos e vereadores, e as nacionais, quando os eleitores escolhem o presidente da Rep\u00fablica, governadores, deputados federais, estaduais e distritais, al\u00e9m dos senadores.<\/p>\n\n\n\n<p>Todos esses cargos seriam eleitos de uma s\u00f3 vez, a cada cinco anos. Tamb\u00e9m ficaria vedada a possibilidade de reelei\u00e7\u00e3o para prefeitos, governadores e presidente da Rep\u00fablica. A proposta ainda reserva 20% das cadeiras nas Casas Legislativas para as mulheres. Siga nosso canal no WhatsApp e veja mais not\u00edcias.<\/p>\n\n\n\n<p>O relator da mat\u00e9ria, senador Marcelo Castro, do MDB do Piau\u00ed, entregou \u00e0 CCJ o seu novo relat\u00f3rio na quarta-feira (03). A comiss\u00e3o adiou a an\u00e1lise da mat\u00e9ria para realizar tr\u00eas audi\u00eancias p\u00fablicas nas pr\u00f3ximas semanas. Para o senador Otto Alencar, a economia nos gastos com as elei\u00e7\u00f5es \u00e9 um dos principais motivos para que a mat\u00e9ria seja votada o mais r\u00e1pido poss\u00edvel.<\/p>\n\n\n\n<p>\u201cO pr\u00f3prio congresso vai pagar um pre\u00e7o muito caro no futuro mantendo a elei\u00e7\u00e3o em dois dois anos. Tem em 4 anos, tr\u00eas elei\u00e7\u00f5es. Al\u00e9m disso, s\u00e3o tr\u00eas fundos eleitorais, que custam um valor muito alto, a m\u00e9dia \u00e9 de 5 bilh\u00f5es para o fundo eleitoral de cada elei\u00e7\u00e3o, voc\u00ea bota a conta a\u00ed 15 bilh\u00f5es de reais de gastos com fundo eleitoral. Antes do recesso, pretendo que essas mat\u00e9rias sejam votadas na CCJ e v\u00e1 pro plen\u00e1rio do Senado Federal para ser votado\u201d,\u00a0disse Otto.<\/p>\n\n\n\n<p>Caso aprovado, o novo modelo vai come\u00e7ar a ser aplicado nas elei\u00e7\u00f5es de 2030. Ele explicou que os prefeitos e vereadores eleitos em 2028 ter\u00e3o mandato de apenas dois anos. No caso dos prefeitos de primeiro mandato, ser\u00e1 poss\u00edvel uma reelei\u00e7\u00e3o para os pr\u00f3ximos cinco anos.\u00a0<\/p>\n\n\n\n<p><strong>portalespacoaberto<\/strong><\/p>\n","protected":false},"excerpt":{"rendered":"<p>O presidente da CCJ, senador Otto Alencar, do PSD da Bahia, afirmou que pretende colocar em vota\u00e7\u00e3o at\u00e9 o meio do ano a proposta de emenda \u00e0 Constitui\u00e7\u00e3o que acaba com as elei\u00e7\u00f5es de dois em dois anos. Apresentada pelo senador Jorge Kajuru, do PSB de Goi\u00e1s, a PEC unifica as elei\u00e7\u00f5es municipais, nas quais [&hellip;]<\/p>\n","protected":false},"author":2,"featured_media":27128,"comment_status":"open","ping_status":"open","sticky":false,"template":"","format":"standard","meta":{"_jetpack_memberships_contains_paid_content":false,"footnotes":""},"categories":[39],"tags":[],"class_list":["post-27127","post","type-post","status-publish","format-standard","has-post-thumbnail","hentry","category-politica"],"aioseo_notices":[],"jetpack_featured_media_url":"https:\/\/i0.wp.com\/minutobahia24h.com.br\/wp-content\/uploads\/2025\/04\/Sem-titulo-86.jpg?fit=672%2C446&ssl=1","jetpack_sharing_enabled":true,"_links":{"self":[{"href":"https:\/\/minutobahia24h.com.br\/index.php?rest_route=\/wp\/v2\/posts\/27127","targetHints":{"allow":["GET"]}}],"collection":[{"href":"https:\/\/minutobahia24h.com.br\/index.php?rest_route=\/wp\/v2\/posts"}],"about":[{"href":"https:\/\/minutobahia24h.com.br\/index.php?rest_route=\/wp\/v2\/types\/post"}],"author":[{"embeddable":true,"href":"https:\/\/minutobahia24h.com.br\/index.php?rest_route=\/wp\/v2\/users\/2"}],"replies":[{"embeddable":true,"href":"https:\/\/minutobahia24h.com.br\/index.php?rest_route=%2Fwp%2Fv2%2Fcomments&post=27127"}],"version-history":[{"count":1,"href":"https:\/\/minutobahia24h.com.br\/index.php?rest_route=\/wp\/v2\/posts\/27127\/revisions"}],"predecessor-version":[{"id":27129,"href":"https:\/\/minutobahia24h.com.br\/index.php?rest_route=\/wp\/v2\/posts\/27127\/revisions\/27129"}],"wp:featuredmedia":[{"embeddable":true,"href":"https:\/\/minutobahia24h.com.br\/index.php?rest_route=\/wp\/v2\/media\/27128"}],"wp:attachment":[{"href":"https:\/\/minutobahia24h.com.br\/index.php?rest_route=%2Fwp%2Fv2%2Fmedia&parent=27127"}],"wp:term":[{"taxonomy":"category","embeddable":true,"href":"https:\/\/minutobahia24h.com.br\/index.php?rest_route=%2Fwp%2Fv2%2Fcategories&post=27127"},{"taxonomy":"post_tag","embeddable":true,"href":"https:\/\/minutobahia24h.com.br\/index.php?rest_route=%2Fwp%2Fv2%2Ftags&post=27127"}],"curies":[{"name":"wp","href":"https:\/\/api.w.org\/{rel}","templated":true}]}}