{"id":27124,"date":"2025-04-07T07:55:20","date_gmt":"2025-04-07T10:55:20","guid":{"rendered":"https:\/\/minutobahia24h.com.br\/?p=27124"},"modified":"2025-04-07T07:55:21","modified_gmt":"2025-04-07T10:55:21","slug":"lideres-na-camara-nao-veem-clima-para-anistia-mesmo-com-pressao-sobre-motta-em-ato-de-bolsonaro","status":"publish","type":"post","link":"https:\/\/minutobahia24h.com.br\/?p=27124","title":{"rendered":"L\u00edderes na C\u00e2mara n\u00e3o veem clima para anistia mesmo com press\u00e3o sobre Motta em ato de Bolsonaro"},"content":{"rendered":"\n<figure class=\"wp-block-image size-large\"><img data-recalc-dims=\"1\" fetchpriority=\"high\" decoding=\"async\" width=\"800\" height=\"420\" src=\"https:\/\/i0.wp.com\/minutobahia24h.com.br\/wp-content\/uploads\/2025\/04\/Sem-titulo-85-1024x538.jpg?resize=800%2C420&#038;ssl=1\" alt=\"\" class=\"wp-image-27125\" srcset=\"https:\/\/i0.wp.com\/minutobahia24h.com.br\/wp-content\/uploads\/2025\/04\/Sem-titulo-85.jpg?resize=1024%2C538&amp;ssl=1 1024w, https:\/\/i0.wp.com\/minutobahia24h.com.br\/wp-content\/uploads\/2025\/04\/Sem-titulo-85.jpg?resize=300%2C158&amp;ssl=1 300w, https:\/\/i0.wp.com\/minutobahia24h.com.br\/wp-content\/uploads\/2025\/04\/Sem-titulo-85.jpg?resize=768%2C403&amp;ssl=1 768w, https:\/\/i0.wp.com\/minutobahia24h.com.br\/wp-content\/uploads\/2025\/04\/Sem-titulo-85.jpg?resize=750%2C394&amp;ssl=1 750w, https:\/\/i0.wp.com\/minutobahia24h.com.br\/wp-content\/uploads\/2025\/04\/Sem-titulo-85.jpg?resize=1140%2C599&amp;ssl=1 1140w, https:\/\/i0.wp.com\/minutobahia24h.com.br\/wp-content\/uploads\/2025\/04\/Sem-titulo-85.jpg?w=1200&amp;ssl=1 1200w\" sizes=\"(max-width: 800px) 100vw, 800px\" \/><\/figure>\n\n\n\n<p>L\u00edderes na C\u00e2mara dos Deputados disseram, reservadamente, ainda n\u00e3o ver clima para avan\u00e7o do projeto de lei que prop\u00f5e anistia aos presos do 8 de janeiro, mesmo diante da press\u00e3o feita neste domingo (6) sobre o presidente da Casa, Hugo Motta, em ato de Jair Bolsonaro (PL).\u00a0<\/p>\n\n\n\n<p>Lideran\u00e7as da esquerda avaliam que a estrat\u00e9gia pode ser um tiro no p\u00e9 e isolar ainda mais o PL no Parlamento. &#8220;\u00c9 uma t\u00e1tica de desespero. Se acham que Hugo vai pautar alguma coisa essa semana depois de tentarem emparedar ele, est\u00e3o errados&#8221;, disse o l\u00edder do PT, Lindbergh Farias (RJ).\u00a0<\/p>\n\n\n\n<p>J\u00e1 M\u00e1rio Heringer (MG), l\u00edder do PDT, falou em desservi\u00e7o institucional. &#8220;Atacar Hugo Motta \u00e9 um desservi\u00e7o institucional, mant\u00e9m a atitude transgressora contra as institui\u00e7\u00f5es e Constitui\u00e7\u00e3o. O movimento do encontro \u00e9 leg\u00edtimo, mas mais uma vez err\u00e1tico&#8221;, afirmou.\u00a0<\/p>\n\n\n\n<p>Em S\u00e3o Paulo, deputados de direita, centro e esquerda reconheceram Motta como um alvo claro. O principal escalado para fazer o ataque foi o pastor Silas Malafaia, tamb\u00e9m como uma forma de poupar os demais parlamentares presentes de desgaste com o presidente da C\u00e2mara.\u00a0<\/p>\n\n\n\n<p>&#8220;Sr. presidente da C\u00e2mara, Hugo Motta, disse &#8216;eu sou arbitro, juiz&#8217;. S\u00f3 se for juiz in\u00edquo, porque ele pediu para os l\u00edderes partid\u00e1rios para n\u00e3o assinar urg\u00eancia do projeto de anistia&#8221;, disse Malafaia em cima do carro de som.\u00a0<\/p>\n\n\n\n<p>&#8220;Espero, Bolsonaro, se Hugo Motta estiver assistindo isso aqui, que ele mude, porque voc\u00ea, Hugo Motta, est\u00e1 envergonhando o honrado povo da Para\u00edba&#8221;, completou.\u00a0<\/p>\n\n\n\n<p>Ap\u00f3s a \u00faltima reuni\u00e3o de l\u00edderes de quinta-feira, o l\u00edder do PL, S\u00f3stenes Cavalcante (RJ), disse que Motta teria pedido aos l\u00edderes para n\u00e3o assinar o requerimento de urg\u00eancia, o que fez com que o partido tivesse de colher no varejo as assinaturas para garantir que o projeto v\u00e1 direto para o plen\u00e1rio. Hoje, segundo disse no ato, h\u00e1 165 votos de apoio dos 257 necess\u00e1rios.\u00a0<\/p>\n\n\n\n<p>No carro de som, o l\u00edder do PL n\u00e3o mencionou o nome de Motta diretamente, mas deu o sinal para que apoiadores aumentassem a press\u00e3o sobre deputados que ainda n\u00e3o tenham se posicionado, ao prometer um placar de indecisos.\u00a0<\/p>\n\n\n\n<p>&#8220;Segunda-feira [7], amanh\u00e3, vamos publicar o nome e a foto deles [dos que apoiam a anistia] para voc\u00eas agradecerem os deputados. Vamos divulgar tamb\u00e9m o nome e a foto de quem ainda est\u00e1 indeciso. At\u00e9 quarta [9], presidente Bolsonaro, vamos ter, com ajuda do Caiado, Zema, Tarc\u00edsio, Wilson Lima, sim, as 257 assinaturas&#8221;, disse.\u00a0<\/p>\n\n\n\n<p>&#8220;E a\u00ed ser\u00e1 pautado querendo ou n\u00e3o a C\u00e2mara dos Deputados&#8221;, completou.\u00a0<\/p>\n\n\n\n<p>A decis\u00e3o final da pauta do plen\u00e1rio \u00e9 de Motta, mas com o n\u00famero de assinaturas, o requerimento de urg\u00eancia j\u00e1 deve ir direto para l\u00e1.<\/p>\n\n\n\n<p>Na mesma toada, Altineu C\u00f4rtes (PL-RJ), vice-presidente da Casa, afirmou no ato que Motta &#8220;ser\u00e1 pautado pela maioria da C\u00e2mara dos Deputados&#8221;. Em seguida, chamou um a um dos sete governadores no carro de som para perguntar se os seus partidos apoiavam \u00e0 pauta, a que todos responderam &#8220;sim&#8221;.\u00a0<\/p>\n\n\n\n<p>Estiveram no local os governadores de S\u00e3o Paulo, Tarc\u00edsio de Freitas (Republicanos); de Goi\u00e1s, Ronaldo Caiado (Uni\u00e3o); de Minas Gerais, Romeu Zema (Novo); de Santa Catarina, Jorginho Mello (PL); do Amazonas, Wilson Lima (Uni\u00e3o); do Paran\u00e1, Ratinho Jr. (PSD) e de Mato Grosso, Mauro Mendes (Uni\u00e3o Brasil).\u00a0<\/p>\n\n\n\n<p>L\u00edderes partid\u00e1rios aliados de Motta negam ter havido um pedido para que n\u00e3o assinassem o requerimento, mas compartilham do entendimento de que n\u00e3o \u00e9 o momento pol\u00edtico para discutir a proposta. Dizem que \u00e9 preciso apoiar o presidente da Casa e dividir com ele essa press\u00e3o, que agora veem aumentar.\u00a0<\/p>\n\n\n\n<p>Por isso, at\u00e9 nos partidos de governadores que estiveram presentes no carro de som de Bolsonaro na Paulista (Republicanos, Uni\u00e3o Brasil, PP e PSD), os l\u00edderes n\u00e3o assinaram o documento.\u00a0<\/p>\n\n\n\n<p>Aliados de Motta dizem que o ato, que reuniu 55 mil pessoas, segundo levantamento do Datafolha, aumenta a press\u00e3o na Casa como um todo, sobretudo a um ano da elei\u00e7\u00e3o. Mas avaliam que isso n\u00e3o ser\u00e1 suficiente para haver uma mudan\u00e7a de chave do paraibano e dizem que \u00e9 o \u00f4nus de presidir a Casa.\u00a0<\/p>\n\n\n\n<p>Eles citam duas justificativas de manuten\u00e7\u00e3o da harmonia para a C\u00e2mara segurar o projeto: primeiro com o STF (Supremo Tribunal Federal); e segundo, com o Senado, onde o presidente Davi Alcolumbre (Uni\u00e3o Brasil-AP) j\u00e1 afirmou n\u00e3o ver prioridade no tema.\u00a0<\/p>\n\n\n\n<p>Entre os membros do governo Lula (PT), a ministra Gleisi Hoffmann (Rela\u00e7\u00f5es Institucionais) disse que os ataques a Motta e a ministros do STF no ato refor\u00e7am o acerto do Judici\u00e1rio no caso de tentativa de golpe de 8 de janeiro.\u00a0<\/p>\n\n\n\n<p>&#8220;Na boca dos golpistas, a palavra anistia se reduz a uma farsa, um projeto de lei que visa \u00e0 impunidade de r\u00e9us que nem foram julgados ainda. Querem apagar os fatos que aterrorizaram o pa\u00eds, mas n\u00e3o s\u00e3o capazes de esconder a viol\u00eancia e o \u00f3dio que continuam guiando suas a\u00e7\u00f5es&#8221;, disse.\u00a0<\/p>\n\n\n\n<p>J\u00e1 o ministro Jorge Messias (AGU) classificou o ato em S\u00e3o Paulo como de &#8220;extrema direita&#8221; e apontou para um fracasso da manifesta\u00e7\u00e3o.\u00a0<\/p>\n\n\n\n<p>&#8220;N\u00e3o vi bandeiras em defesa de nossa soberania, de nossos trabalhadores e empres\u00e1rios, ou de projetos fundamentais ao povo, como o da isen\u00e7\u00e3o do IR&#8221;, disse. \u00a0<\/p>\n\n\n\n<p>Na mesma toada, o ministro do Desenvolvimento Agr\u00e1rio, Paulo Teixeira (PT), disse que a manifesta\u00e7\u00e3o foi &#8220;um espet\u00e1culo de irrelev\u00e2ncia e constrangimento em dois idiomas&#8221;. &#8220;Que nota voc\u00ea daria para a aula de ingl\u00eas do ineleg\u00edvel?&#8221;, questionou, em refer\u00eancia a um trecho do discurso de Bolsonaro.<\/p>\n\n\n\n<p>BN<\/p>\n","protected":false},"excerpt":{"rendered":"<p>L\u00edderes na C\u00e2mara dos Deputados disseram, reservadamente, ainda n\u00e3o ver clima para avan\u00e7o do projeto de lei que prop\u00f5e anistia aos presos do 8 de janeiro, mesmo diante da press\u00e3o feita neste domingo (6) sobre o presidente da Casa, Hugo Motta, em ato de Jair Bolsonaro (PL).\u00a0 Lideran\u00e7as da esquerda avaliam que a estrat\u00e9gia pode [&hellip;]<\/p>\n","protected":false},"author":2,"featured_media":27125,"comment_status":"open","ping_status":"open","sticky":false,"template":"","format":"standard","meta":{"_jetpack_memberships_contains_paid_content":false,"footnotes":""},"categories":[46],"tags":[],"class_list":["post-27124","post","type-post","status-publish","format-standard","has-post-thumbnail","hentry","category-noticia"],"aioseo_notices":[],"jetpack_featured_media_url":"https:\/\/i0.wp.com\/minutobahia24h.com.br\/wp-content\/uploads\/2025\/04\/Sem-titulo-85.jpg?fit=1200%2C630&ssl=1","jetpack_sharing_enabled":true,"_links":{"self":[{"href":"https:\/\/minutobahia24h.com.br\/index.php?rest_route=\/wp\/v2\/posts\/27124","targetHints":{"allow":["GET"]}}],"collection":[{"href":"https:\/\/minutobahia24h.com.br\/index.php?rest_route=\/wp\/v2\/posts"}],"about":[{"href":"https:\/\/minutobahia24h.com.br\/index.php?rest_route=\/wp\/v2\/types\/post"}],"author":[{"embeddable":true,"href":"https:\/\/minutobahia24h.com.br\/index.php?rest_route=\/wp\/v2\/users\/2"}],"replies":[{"embeddable":true,"href":"https:\/\/minutobahia24h.com.br\/index.php?rest_route=%2Fwp%2Fv2%2Fcomments&post=27124"}],"version-history":[{"count":1,"href":"https:\/\/minutobahia24h.com.br\/index.php?rest_route=\/wp\/v2\/posts\/27124\/revisions"}],"predecessor-version":[{"id":27126,"href":"https:\/\/minutobahia24h.com.br\/index.php?rest_route=\/wp\/v2\/posts\/27124\/revisions\/27126"}],"wp:featuredmedia":[{"embeddable":true,"href":"https:\/\/minutobahia24h.com.br\/index.php?rest_route=\/wp\/v2\/media\/27125"}],"wp:attachment":[{"href":"https:\/\/minutobahia24h.com.br\/index.php?rest_route=%2Fwp%2Fv2%2Fmedia&parent=27124"}],"wp:term":[{"taxonomy":"category","embeddable":true,"href":"https:\/\/minutobahia24h.com.br\/index.php?rest_route=%2Fwp%2Fv2%2Fcategories&post=27124"},{"taxonomy":"post_tag","embeddable":true,"href":"https:\/\/minutobahia24h.com.br\/index.php?rest_route=%2Fwp%2Fv2%2Ftags&post=27124"}],"curies":[{"name":"wp","href":"https:\/\/api.w.org\/{rel}","templated":true}]}}