{"id":27056,"date":"2025-04-04T08:26:23","date_gmt":"2025-04-04T11:26:23","guid":{"rendered":"https:\/\/minutobahia24h.com.br\/?p=27056"},"modified":"2025-04-04T08:26:24","modified_gmt":"2025-04-04T11:26:24","slug":"isencao-do-ir-relator-do-pl-lira-garante-que-nao-aumentara-carga-tributaria","status":"publish","type":"post","link":"https:\/\/minutobahia24h.com.br\/?p=27056","title":{"rendered":"Isen\u00e7\u00e3o do IR: Relator do PL, Lira garante que n\u00e3o aumentar\u00e1 carga tribut\u00e1ria"},"content":{"rendered":"<div class=\"wp-block-image\">\n<figure class=\"aligncenter size-full\"><img data-recalc-dims=\"1\" fetchpriority=\"high\" decoding=\"async\" width=\"597\" height=\"421\" src=\"https:\/\/i0.wp.com\/minutobahia24h.com.br\/wp-content\/uploads\/2025\/04\/Sem-titulo-68.jpg?resize=597%2C421&#038;ssl=1\" alt=\"\" class=\"wp-image-27057\" srcset=\"https:\/\/i0.wp.com\/minutobahia24h.com.br\/wp-content\/uploads\/2025\/04\/Sem-titulo-68.jpg?w=597&amp;ssl=1 597w, https:\/\/i0.wp.com\/minutobahia24h.com.br\/wp-content\/uploads\/2025\/04\/Sem-titulo-68.jpg?resize=300%2C212&amp;ssl=1 300w, https:\/\/i0.wp.com\/minutobahia24h.com.br\/wp-content\/uploads\/2025\/04\/Sem-titulo-68.jpg?resize=120%2C86&amp;ssl=1 120w\" sizes=\"(max-width: 597px) 100vw, 597px\" \/><figcaption class=\"wp-element-caption\">Foto: Bruno Spada\/C\u00e2mara dos Deputados<br><\/figcaption><\/figure>\n<\/div>\n\n\n<p>Relator do PL (projeto de lei) que isenta o Imposto de Renda de quem ganha at\u00e9 R$ 5.000 por m\u00eas, o deputado federal Arthur Lira (PP-AL) emitiu uma nota \u00e0 imprensa nesta quinta-feira (3), se comprometendo a n\u00e3o aumentar a carga tribut\u00e1ria aplicada no pa\u00eds.<\/p>\n\n\n\n<p>A proposta do governo Lula (PT) precisar\u00e1 de adequa\u00e7\u00e3o para evitar deficit fiscal e o ex-presidente da Casa Baixa ser\u00e1 o respons\u00e1vel por buscar a compensa\u00e7\u00e3o.<\/p>\n\n\n\n<p>\u201cMeu hist\u00f3rico de defesa da Reforma Tribut\u00e1ria mostra a seriedade com a qual abordamos o tema da arrecada\u00e7\u00e3o de impostos no Brasil. Com o PL da isen\u00e7\u00e3o do IR n\u00e3o ser\u00e1 diferente. Queremos legar uma legisla\u00e7\u00e3o justa ao pa\u00eds e aos contribuintes, sempre com base no compromisso de n\u00e3o aumentar a carga tribut\u00e1ria, primando pela justi\u00e7a fiscal e pelo equil\u00edbrio das contas p\u00fablicas\u201d, diz um trecho do comunicado.<\/p>\n\n\n\n<p>A Fazenda calcula que haver\u00e1 uma queda de R$ 26 bilh\u00f5es na arrecada\u00e7\u00e3o, conforme estimativa recente. A compensa\u00e7\u00e3o se daria por meio de uma taxa\u00e7\u00e3o m\u00ednima de 10% sobre quem ganha R$ 1,2 milh\u00e3o por ano ou mais. O governo quer a medida valendo a partir de 2026 \u2013ano da elei\u00e7\u00e3o presidencial.<\/p>\n\n\n\n<p><strong>Confira na \u00edntegra o comunicado de Arthur Lira:<\/strong><\/p>\n\n\n\n<p>\u201cO deputado federal Arthur Lira (PP) teve seu nome anunciado pelo presidente da C\u00e2mara, deputado federal Hugo Motta (Republicanos), para relatar o Projeto de Lei (PL) 1087\/25, que amplia a isen\u00e7\u00e3o do Imposto de Renda (IR) para contribuintes com renda de at\u00e9 R$ 5 mil. O an\u00fancio de Motta foi feito na manh\u00e3 desta quinta-feira (3).<\/p>\n\n\n\n<p>\u201c\u2019Vamos trabalhar de modo republicano e colaborativo, dialogando com nossos pares na C\u00e2mara, com o governo, com a sociedade e com representantes de segmentos econ\u00f4micos, uma vez que o tema \u00e9 plural e envolve setores diversos. Meu hist\u00f3rico de defesa da Reforma Tribut\u00e1ria mostra a seriedade com a qual abordamos o tema da arrecada\u00e7\u00e3o de impostos no Brasil. Com o PL da isen\u00e7\u00e3o do IR n\u00e3o ser\u00e1 diferente. Queremos legar uma legisla\u00e7\u00e3o justa ao pa\u00eds e aos contribuintes, sempre com base no compromisso de n\u00e3o aumentar a carga tribut\u00e1ria, primando pela justi\u00e7a fiscal e pelo equil\u00edbrio das contas p\u00fablicas\u2019, disse Lira.<\/p>\n\n\n\n<p>\u201c\u2019No ritmo de discuss\u00f5es sobre este PL, vamos colher contribui\u00e7\u00f5es rumo a um relat\u00f3rio consistente e preciso. O PP, por exemplo, vai apresentar sugest\u00f5es \u00e0 relatoria. Outros partidos devem fazer o mesmo. N\u00e3o temos ainda um cronograma de trabalho definido, uma vez que vamos estruturar este trabalho passo a passo. Agrade\u00e7o a confian\u00e7a do presidente Hugo Motta e vamos, sem d\u00favida, atuar com equil\u00edbrio nesta tarefa\u2019, concluiu o parlamentar.<\/p>\n\n\n\n<p>O texto come\u00e7ar\u00e1 a tramitar pela C\u00e2mara dos Deputados e deve ser analisado por comiss\u00f5es antes de ir ao plen\u00e1rio da Casa. Se aprovada, a mat\u00e9ria seguir\u00e1 para an\u00e1lise do Senado. A comiss\u00e3o especial que analisar\u00e1 o PL 1087\/25 ser\u00e1 presidida pelo deputado Rubens Pereira J\u00fanior (PT-MA).<\/p>\n\n\n\n<p>Bahia.ba<\/p>\n","protected":false},"excerpt":{"rendered":"<p>Relator do PL (projeto de lei) que isenta o Imposto de Renda de quem ganha at\u00e9 R$ 5.000 por m\u00eas, o deputado federal Arthur Lira (PP-AL) emitiu uma nota \u00e0 imprensa nesta quinta-feira (3), se comprometendo a n\u00e3o aumentar a carga tribut\u00e1ria aplicada no pa\u00eds. A proposta do governo Lula (PT) precisar\u00e1 de adequa\u00e7\u00e3o para [&hellip;]<\/p>\n","protected":false},"author":2,"featured_media":27057,"comment_status":"open","ping_status":"open","sticky":false,"template":"","format":"standard","meta":{"_jetpack_memberships_contains_paid_content":false,"footnotes":""},"categories":[39],"tags":[],"class_list":["post-27056","post","type-post","status-publish","format-standard","has-post-thumbnail","hentry","category-politica"],"aioseo_notices":[],"jetpack_featured_media_url":"https:\/\/i0.wp.com\/minutobahia24h.com.br\/wp-content\/uploads\/2025\/04\/Sem-titulo-68.jpg?fit=597%2C421&ssl=1","jetpack_sharing_enabled":true,"_links":{"self":[{"href":"https:\/\/minutobahia24h.com.br\/index.php?rest_route=\/wp\/v2\/posts\/27056","targetHints":{"allow":["GET"]}}],"collection":[{"href":"https:\/\/minutobahia24h.com.br\/index.php?rest_route=\/wp\/v2\/posts"}],"about":[{"href":"https:\/\/minutobahia24h.com.br\/index.php?rest_route=\/wp\/v2\/types\/post"}],"author":[{"embeddable":true,"href":"https:\/\/minutobahia24h.com.br\/index.php?rest_route=\/wp\/v2\/users\/2"}],"replies":[{"embeddable":true,"href":"https:\/\/minutobahia24h.com.br\/index.php?rest_route=%2Fwp%2Fv2%2Fcomments&post=27056"}],"version-history":[{"count":1,"href":"https:\/\/minutobahia24h.com.br\/index.php?rest_route=\/wp\/v2\/posts\/27056\/revisions"}],"predecessor-version":[{"id":27058,"href":"https:\/\/minutobahia24h.com.br\/index.php?rest_route=\/wp\/v2\/posts\/27056\/revisions\/27058"}],"wp:featuredmedia":[{"embeddable":true,"href":"https:\/\/minutobahia24h.com.br\/index.php?rest_route=\/wp\/v2\/media\/27057"}],"wp:attachment":[{"href":"https:\/\/minutobahia24h.com.br\/index.php?rest_route=%2Fwp%2Fv2%2Fmedia&parent=27056"}],"wp:term":[{"taxonomy":"category","embeddable":true,"href":"https:\/\/minutobahia24h.com.br\/index.php?rest_route=%2Fwp%2Fv2%2Fcategories&post=27056"},{"taxonomy":"post_tag","embeddable":true,"href":"https:\/\/minutobahia24h.com.br\/index.php?rest_route=%2Fwp%2Fv2%2Ftags&post=27056"}],"curies":[{"name":"wp","href":"https:\/\/api.w.org\/{rel}","templated":true}]}}